 {"id":5508,"date":"2017-08-14T20:52:29","date_gmt":"2017-08-14T23:52:29","guid":{"rendered":"http:\/\/www.cafesg.gob.ar\/web\/?p=5508"},"modified":"2017-08-14T20:52:29","modified_gmt":"2017-08-14T23:52:29","slug":"cafesg-concreto-la-entrega-de-elementos-ortopedicos","status":"publish","type":"post","link":"https:\/\/cafesg.gob.ar\/cafesg2\/cafesg-concreto-la-entrega-de-elementos-ortopedicos\/","title":{"rendered":"CAFESG concret\u00f3 la entrega de elementos ortop\u00e9dicos"},"content":{"rendered":"<p>Se trata de diecis\u00e9is sillas de ruedas y bastones canadienses a beneficiarios de los departamentos Concordia y Federaci\u00f3n. Con esta entrega ya suman m\u00e1s de 180 las sillas de ruedas entregadas en conjunto en toda la regi\u00f3n de Salto Grande.<\/p>\n<p>En la ma\u00f1ana del lunes la Comisi\u00f3n Administradora para el Fondo Especial de Salto Grande (CAFESG)\u00a0 en articulaci\u00f3n con el Centro de Inclusi\u00f3n Libre y Solidario (CILSA) realiz\u00f3 una nueva entrega de sillas de ruedas y bastones canadienses a diecis\u00e9is beneficiarios, entre\u00a0 personas e instituciones, pertenecientes a las localidades\u00a0 de Concordia, Federaci\u00f3n y Villa del Rosario.<\/p>\n<p>En su alocuci\u00f3n, el presidente de CAFESG, Alejandro Casa\u00f1as destac\u00f3 que \u201ca pesar de la realidad que nos toca\u201d en relaci\u00f3n a la no venida de excedentes desde Naci\u00f3n, \u201cel organismo no ha bajado los brazos y sigue teniendo dentro de sus prioridades este tipo de pol\u00edticas en el \u00e1rea de la salud, en este caso la discapacidad, lo que significa que para nosotros hoy es un d\u00eda de alegr\u00eda poder acercar a \u00a0quienes m\u00e1s lo necesitan un elemento tan necesario que hace a su accesibilidad a la vida cotidiana desde otro lugar, aportando aunque sea un poquito m\u00e1s a su felicidad\u201d.<\/p>\n<p>Por su parte, el senador provincial \u00c1ngel Giano remarc\u00f3 que \u201cesto es pol\u00edtica de Estado, y esta \u00e1rea de CAFESG desde el a\u00f1o 2011 que viene ayudando a muchas personas e instituciones de la regi\u00f3n de Salto Grande\u201d.<\/p>\n<p>\u201cEste trabajo articulado con CILSA permite mejorar la calidad de vida y fortalecer los derechos de las personas con discapacidad; muestra adem\u00e1s un claro contraste entre un Gobierno Provincial que se ocupa de los derechos de los que menos tienen frente a un Gobierno Nacional que le saca pensiones y les quita conquistas\u201d finaliz\u00f3 el legislador por Concordia.<\/p>\n<p>A su turno, Ricardo Lagra\u00f1a, coordinador del \u00c1rea de Discapacidad de CAFESG inform\u00f3 que \u201cen esta oportunidad se van a entregar diecis\u00e9is sillas de ruedas, cinco son para la ciudad de Federaci\u00f3n, una para Villa del Rosario y el resto para beneficiarios de la ciudad de Concordia y la variedad de sillas tiene que ver con el destino y uso de las mismas, algunas son para los chicos, en su mayor\u00eda, y otras son las que se denominan de traslado, que son para centros de salud o asilos de ancianos\u201d concluy\u00f3.<\/p>\n<p>Asimismo, Eduardo Gutierrez, coordinador de Desarrollo de CAFESG manifest\u00f3 que \u201cel convenio con CILSA continua, ya que siempre estamos recibiendo a particulares e instituciones que nos solicitan estos elementos, y nosotros los ayudamos a hacer las solicitudes, as\u00ed que seguramente a lo largo del a\u00f1o haremos alguna entrega m\u00e1s\u201d.<\/p>\n<p>Estuvieron presentes en el acto acompa\u00f1ando a los funcionarios mencionados, la Coordinadora de Salud del departamento Concordia, Susana Calvo, el intendente de la localidad de San Justo, Jorge Reta Urquiza y el intendente de Villa del Rosario, Gustavo Sandon\u00e1.<\/p>\n<p>Desde el a\u00f1o 2011 el \u00c1rea de Discapacidad de CAFESG\u00a0 en articulaci\u00f3n con CILSA, \u00a0ONG\u00a0 por la inclusi\u00f3n, \u00a0viene realizando un trabajo en conjunto en favor de las personas con discapacidad, especialmente aquellas de\u00a0 menos recursos.<\/p>\n<p>En un trabajo articulado entre CAFESG y CILSA se llevaron adelante\u00a0 charlas de <em>\u201cPrograma Nacional de Concientizaci\u00f3n<\/em>\u201d en escuelas de la ciudad de Concordia, con la finalidad de generar conciencia en la sociedad sobre la importancia de la inclusi\u00f3n.<\/p>\n<p>Personal del \u00c1rea de discapacidad de CAFESG realiz\u00f3 una capacitaci\u00f3n en <em>\u201cCurso b\u00e1sico y prescripci\u00f3n de sillas de ruedas\u201d <\/em>en\u00a0 la ciudad de BS As, quedando como representantes de esta ONG en\u00a0 la provincia de Entre R\u00edos y \u00fanicos\u00a0 habilitados para la prescripci\u00f3n de sillas de ruedas y elementos ortop\u00e9dicos.<\/p>\n<p>Esta tarea social,\u00a0 solidaria y continua, ya \u00a0hizo la\u00a0 entrega de aproximadamente180 sillas, \u00a0lo que permiti\u00f3 mejorarle la calidad de vida a cada uno de los destinatarios del\u00a0 \u201cPrograma Nacional de entrega de silla de ruedas y \u00a0elementos ortop\u00e9dicos\u201d.<\/p>\n<p>CILSA es una organizaci\u00f3n No Gubernamental (ONG) sin fines de lucro, fundada en 1966 en la ciudad de Santa Fe, cumpli\u00f3 50 a\u00f1os de trabajo en pos de vencer las barreras que impiden el desarrollo de una sociedad con igualdad de oportunidades para todos.<\/p>\n<p>El prop\u00f3sito principal de CILSA es promover la integraci\u00f3n plena de personas provenientes de los sectores m\u00e1s vulnerables de nuestra sociedad, como ni\u00f1os sin recursos y personas con discapacidad. Tiene como objetivo concientizar a la sociedad con el fin de disminuir los niveles de discriminaci\u00f3n y marginaci\u00f3n.<\/p>\n<p><a href=\"https:\/\/www.cafesg.gob.ar\/cafesg2\/wp-content\/uploads\/2017\/08\/Sillas-1.jpg\"><img loading=\"lazy\" decoding=\"async\" class=\"alignnone size-medium wp-image-5509\" src=\"https:\/\/www.cafesg.gob.ar\/cafesg2\/wp-content\/uploads\/2017\/08\/Sillas-1-300x200.jpg\" alt=\"Sillas 1\" width=\"300\" height=\"200\" \/><\/a> <a href=\"https:\/\/www.cafesg.gob.ar\/cafesg2\/wp-content\/uploads\/2017\/08\/Sillas-2.jpg\"><img loading=\"lazy\" decoding=\"async\" class=\"alignnone size-medium wp-image-5510\" src=\"https:\/\/www.cafesg.gob.ar\/cafesg2\/wp-content\/uploads\/2017\/08\/Sillas-2-207x300.jpg\" alt=\"Sillas 2\" width=\"207\" height=\"300\" \/><\/a> <a href=\"https:\/\/www.cafesg.gob.ar\/cafesg2\/wp-content\/uploads\/2017\/08\/Sillas-3.jpg\"><img loading=\"lazy\" decoding=\"async\" class=\"alignnone size-medium wp-image-5511\" src=\"https:\/\/www.cafesg.gob.ar\/cafesg2\/wp-content\/uploads\/2017\/08\/Sillas-3-300x200.jpg\" alt=\"Sillas 3\" width=\"300\" height=\"200\" \/><\/a> <a href=\"https:\/\/www.cafesg.gob.ar\/cafesg2\/wp-content\/uploads\/2017\/08\/Sillas-4.jpg\"><img loading=\"lazy\" decoding=\"async\" class=\"alignnone size-medium wp-image-5512\" src=\"https:\/\/www.cafesg.gob.ar\/cafesg2\/wp-content\/uploads\/2017\/08\/Sillas-4-300x200.jpg\" alt=\"Sillas 4\" width=\"300\" height=\"200\" \/><\/a><\/p>\n","protected":false},"excerpt":{"rendered":"<p>Se trata de diecis\u00e9is sillas de ruedas y bastones canadienses a beneficiarios de los departamentos Concordia y Federaci\u00f3n. Con esta entrega ya suman m\u00e1s de 180 las sillas de ruedas entregadas en conjunto en toda la regi\u00f3n de Salto Grande. En la ma\u00f1ana del lunes la Comisi\u00f3n Administradora para el Fondo Especial de Salto Grande [&hellip;]<\/p>\n","protected":false},"author":5,"featured_media":0,"comment_status":"open","ping_status":"open","sticky":false,"template":"","format":"standard","meta":{"footnotes":""},"categories":[15],"tags":[],"class_list":["post-5508","post","type-post","status-publish","format-standard","hentry","category-noticias"],"_links":{"self":[{"href":"https:\/\/cafesg.gob.ar\/cafesg2\/wp-json\/wp\/v2\/posts\/5508","targetHints":{"allow":["GET"]}}],"collection":[{"href":"https:\/\/cafesg.gob.ar\/cafesg2\/wp-json\/wp\/v2\/posts"}],"about":[{"href":"https:\/\/cafesg.gob.ar\/cafesg2\/wp-json\/wp\/v2\/types\/post"}],"author":[{"embeddable":true,"href":"https:\/\/cafesg.gob.ar\/cafesg2\/wp-json\/wp\/v2\/users\/5"}],"replies":[{"embeddable":true,"href":"https:\/\/cafesg.gob.ar\/cafesg2\/wp-json\/wp\/v2\/comments?post=5508"}],"version-history":[{"count":0,"href":"https:\/\/cafesg.gob.ar\/cafesg2\/wp-json\/wp\/v2\/posts\/5508\/revisions"}],"wp:attachment":[{"href":"https:\/\/cafesg.gob.ar\/cafesg2\/wp-json\/wp\/v2\/media?parent=5508"}],"wp:term":[{"taxonomy":"category","embeddable":true,"href":"https:\/\/cafesg.gob.ar\/cafesg2\/wp-json\/wp\/v2\/categories?post=5508"},{"taxonomy":"post_tag","embeddable":true,"href":"https:\/\/cafesg.gob.ar\/cafesg2\/wp-json\/wp\/v2\/tags?post=5508"}],"curies":[{"name":"wp","href":"https:\/\/api.w.org\/{rel}","templated":true}]}}