 {"id":5504,"date":"2017-08-03T20:55:58","date_gmt":"2017-08-03T23:55:58","guid":{"rendered":"http:\/\/www.cafesg.gob.ar\/web\/?p=5504"},"modified":"2017-08-03T20:55:58","modified_gmt":"2017-08-03T23:55:58","slug":"casanas-celebro-la-sancion-de-la-ley-que-dispone-la-utilidad-del-predio-para-la-planta-de-tratamiento-de-liquidos-cloacales","status":"publish","type":"post","link":"https:\/\/cafesg.gob.ar\/cafesg2\/casanas-celebro-la-sancion-de-la-ley-que-dispone-la-utilidad-del-predio-para-la-planta-de-tratamiento-de-liquidos-cloacales\/","title":{"rendered":"Casa\u00f1as celebr\u00f3 la sanci\u00f3n de la ley que dispone la utilidad del predio para la planta de tratamiento de l\u00edquidos cloacales"},"content":{"rendered":"<p><em>La obra se inscribe en el plan integral de saneamiento del r\u00edo Uruguay<\/em><\/p>\n<p>El presidente de la Comisi\u00f3n Administradora para el Fondo Especial de Salto Grande, Alejandro Casa\u00f1as, expres\u00f3 su \u201csatisfacci\u00f3n\u201d por la sanci\u00f3n por parte de la c\u00e1mara de Diputados de Entre R\u00edos de la Ley que declara de utilidad p\u00fablica y sujeto de expropiaci\u00f3n un inmueble ubicado en la ciudad de Concordia con destino a la planta de efluentes cloacales, proyecto presentado por el senador \u00c1ngel Giano, oriundo de esta ciudad.<\/p>\n<p>El funcionario agradeci\u00f3 \u201cespecialmente al senador Giano por ser el portador de un proyecto fundamental para nuestra ciudad, as\u00ed como a los dem\u00e1s legisladores que votaron favorablemente, ya que la construcci\u00f3n de la planta no solo contribuir\u00e1 al saneamiento del r\u00edo sino que adem\u00e1s posibilitar\u00e1 una mejora importante en el servicio e nuestra ciudad ya que contempla toda una red de colectores cloacales mejorando los vigentes, m\u00e1s tres nuevos, con lo que quedar\u00eda pr\u00e1cticamente toda la ciudad cubierta con este servicio\u201d.<\/p>\n<p>Asimismo, el presidente de CAFESG destac\u00f3 \u201cque este proceso legislativo se inicia desde la Municipalidad con el trabajo del intendente Enrique Cresto y los concejales de nuestra ciudad cuando sancionan la ordenanza que da lugar al proyecto de Ley; y en ese sentido quiero remarcar el excelente \u00e1mbito de trabajo que hemos establecido los t\u00e9cnicos de CAFESG con funcionarios y personal de la Municipalidad de Concordia y del EDOS\u201d.<\/p>\n<p>Casa\u00f1as record\u00f3 que \u201cCAFESG, por disposici\u00f3n del gobernador Gustavo Bordet y del ministro de Planeamiento, Luis Benedetto, es el organismo que viene, a trav\u00e9s de sus equipos t\u00e9cnicos, coordinando el plan de saneamiento integral del r\u00edo Uruguay, que ha sido marcado como un conjunto de obras prioritario por el gobernador\u201d.<\/p>\n<p>Este plan de saneamiento se trata de proyectos destinados a la construcci\u00f3n y refuncionalizaci\u00f3n de colectores cloacales para las localidades de Col\u00f3n, San Jos\u00e9, Concepci\u00f3n del Uruguay, Concordia y Gualeguaych\u00fa buscando el saneamiento integral del r\u00edo Uruguay y la mejora sustancial en la prestaci\u00f3n de servicio en cada una de estas localidades.<\/p>\n<p><a href=\"https:\/\/www.cafesg.gob.ar\/cafesg2\/wp-content\/uploads\/2017\/08\/DSC_0111.jpg\"><img loading=\"lazy\" decoding=\"async\" class=\"alignnone size-medium wp-image-5505\" src=\"https:\/\/www.cafesg.gob.ar\/cafesg2\/wp-content\/uploads\/2017\/08\/DSC_0111-300x200.jpg\" alt=\"DSC_0111\" width=\"300\" height=\"200\" \/><\/a><\/p>\n","protected":false},"excerpt":{"rendered":"<p>La obra se inscribe en el plan integral de saneamiento del r\u00edo Uruguay El presidente de la Comisi\u00f3n Administradora para el Fondo Especial de Salto Grande, Alejandro Casa\u00f1as, expres\u00f3 su \u201csatisfacci\u00f3n\u201d por la sanci\u00f3n por parte de la c\u00e1mara de Diputados de Entre R\u00edos de la Ley que declara de utilidad p\u00fablica y sujeto de [&hellip;]<\/p>\n","protected":false},"author":5,"featured_media":0,"comment_status":"open","ping_status":"open","sticky":false,"template":"","format":"standard","meta":{"footnotes":""},"categories":[15],"tags":[],"class_list":["post-5504","post","type-post","status-publish","format-standard","hentry","category-noticias"],"_links":{"self":[{"href":"https:\/\/cafesg.gob.ar\/cafesg2\/wp-json\/wp\/v2\/posts\/5504","targetHints":{"allow":["GET"]}}],"collection":[{"href":"https:\/\/cafesg.gob.ar\/cafesg2\/wp-json\/wp\/v2\/posts"}],"about":[{"href":"https:\/\/cafesg.gob.ar\/cafesg2\/wp-json\/wp\/v2\/types\/post"}],"author":[{"embeddable":true,"href":"https:\/\/cafesg.gob.ar\/cafesg2\/wp-json\/wp\/v2\/users\/5"}],"replies":[{"embeddable":true,"href":"https:\/\/cafesg.gob.ar\/cafesg2\/wp-json\/wp\/v2\/comments?post=5504"}],"version-history":[{"count":0,"href":"https:\/\/cafesg.gob.ar\/cafesg2\/wp-json\/wp\/v2\/posts\/5504\/revisions"}],"wp:attachment":[{"href":"https:\/\/cafesg.gob.ar\/cafesg2\/wp-json\/wp\/v2\/media?parent=5504"}],"wp:term":[{"taxonomy":"category","embeddable":true,"href":"https:\/\/cafesg.gob.ar\/cafesg2\/wp-json\/wp\/v2\/categories?post=5504"},{"taxonomy":"post_tag","embeddable":true,"href":"https:\/\/cafesg.gob.ar\/cafesg2\/wp-json\/wp\/v2\/tags?post=5504"}],"curies":[{"name":"wp","href":"https:\/\/api.w.org\/{rel}","templated":true}]}}