 {"id":5486,"date":"2017-07-16T20:13:39","date_gmt":"2017-07-16T23:13:39","guid":{"rendered":"http:\/\/www.cafesg.gob.ar\/web\/?p=5486"},"modified":"2017-07-16T20:13:39","modified_gmt":"2017-07-16T23:13:39","slug":"cafesg-planta-potabilizadora-y-naranjal-de-pereda","status":"publish","type":"post","link":"https:\/\/cafesg.gob.ar\/cafesg2\/cafesg-planta-potabilizadora-y-naranjal-de-pereda\/","title":{"rendered":"CAFESG: Planta Potabilizadora y Naranjal de Pereda"},"content":{"rendered":"<p>Reuni\u00f3n de trabajo con la empresa contratista JCR S.A. y el Ente Nacional de Obras Hidr\u00e1ulicas de Saneamiento\u00a0 (ENOHSA) por la nueva planta potabilizadora de agua, y relevamiento en terreno de las edificaciones del llamado Naranjal de Pereda fueron las primeras acciones de CAEFSG luego de la firma para el comienzo de las obras.<\/p>\n<p><strong>Planta Potabilizadora de Agua<\/strong><\/p>\n<p>Luego de la firma del acta acuerdo realizada d\u00edas atr\u00e1s, personal t\u00e9cnico de la Comisi\u00f3n Administradora para el Fondo Especial de Salto Grande (CAFESG), ENOHSA y la empresa contratista JCR S.A., mantuvieron una reuni\u00f3n de trabajo en la sede del organismo provincial a los efectos de dar los primeros pasos que permitan acelerar el comienzo efectivo de la obra en el terreno.<\/p>\n<p>Ra\u00fal Escobar, ingeniero de JCR, agradeci\u00f3 \u201cmucho esta primera reuni\u00f3n y la informaci\u00f3n que nos provee CAFESG porque acorta mucho los tiempos y el objetivo es arrancar con la obra cuanto antes, terminarla y habilitarla\u201d.<\/p>\n<p>\u201cA partir de la firma del acta de replanteo se dispara la ejecuci\u00f3n de la obra en s\u00ed, como CAFESG particip\u00f3 activamente en la elaboraci\u00f3n del proyecto licitatorio de la obra de la toma de la planta y el acueducto de circunvalaci\u00f3n, hemos tenido una primera reuni\u00f3n de trabajo muy productiva que nos permiti\u00f3 repasar aspectos t\u00e9cnicos en cuanto a estudios muy importantes de topograf\u00eda, de suelo, hidr\u00e1ulicos, y desde nuestra empresa vamos a aprovechar toda esa informaci\u00f3n base que est\u00e1 disponible y nos permitir\u00e1 arrancar r\u00e1pidamente con el proyecto ejecutivo de la obra\u201d agreg\u00f3 el profesional.<\/p>\n<p>Escobar explic\u00f3 que \u201cinicialmente el compromiso nuestro como empresa es terminar en el plazo contractual que son 36 meses\u201d, por lo cual \u201cvamos a tratar de acortar todos los tiempos para poder comenzar cuanto antes y terminar en los plazos previstos\u201d.<\/p>\n<p>Por su parte, el presidente de CAFESG, Alejandro Casa\u00f1as, destac\u00f3 una vez m\u00e1s \u201cel papel de CAFESG y su personal t\u00e9cnico en la elaboraci\u00f3n de este proyecto y en el rol de inspectores que tendr\u00e1n durante el desarrollo de la obra, tuvimos el honor de que los primeros pasos de la obra se hayan dado en esta casa con la primera reuni\u00f3n luego de la firma del Acta Acuerdo, y es un orgullo ver el respeto y valoraci\u00f3n que han merecido de los dem\u00e1s participantes del encuentro\u201d.<\/p>\n<p>Casa\u00f1as no dej\u00f3 pasar la oportunidad para mencionar que \u201cesta capacidad de trabajo mancomunado, siguiendo lineamientos de nuestro gobernador Gustavo Bordet, es la mayor respuesta que le damos a quienes han querido ensuciar a CAFESG con agravios y trasnochadas opiniones que van a quedar en la historia como quienes impidieron a la regi\u00f3n que vengas fondos y que se malgastan en falsas campa\u00f1as o incumpliendo con la ley\u201d.<\/p>\n<p>Jos\u00e9 Mar\u00eda Luj\u00e1n, ingeniero que particip\u00f3 del encuentro en representaci\u00f3n del ENOHSA indic\u00f3 que \u201cel proyecto integral que elabor\u00f3 CAFESG es muy ambicioso, y el ENOHSA est\u00e1 particularmente muy de acuerdo con el mismo porque no es solo la captaci\u00f3n o potabilizaci\u00f3n del agua, sino que tambi\u00e9n est\u00e1 \u00a0contemplado el sistema de distribuci\u00f3n, es decir, llevarle agua a aquellos sectores en que hoy la poblaci\u00f3n no cuenta con el servicio y mejorar los sectores cr\u00edticos en cuanto a presi\u00f3n y caudal, \u00a0sobre todo en el periodo estival\u201d.<\/p>\n<p>Luj\u00e1n inform\u00f3 adem\u00e1s que \u201cno obstante esta obra est\u00e1 pensada para que se termine en 2020, hay otros proyectos paliativos intermedios como son tres perforaciones que tiene previsto la Municipalidad junto con la inspecci\u00f3n que va hacer el \u00e1rea t\u00e9cnica de CAFESG, que son tres pozos en la zona noroeste que posibilitar\u00e1n abastecer un veinte por ciento de agua a la ciudad, y que hasta tanto est\u00e9 esta planta, que pr\u00e1cticamente aumenta una vez y media el caudal actual, van a servir como atenuantes\u201d.<\/p>\n<p>En tanto, desde el Ministerio de Planeamiento de la provincia, su titular, Luis Benedetto, manifest\u00f3 que \u201cest\u00e1 nueva obra significa una soluci\u00f3n estructural a las necesidades de los concordienses, desde hace mucho tiempo venimos trabajando para hacer de este proyecto la realidad que es hoy\u201d.<\/p>\n<p>Asimismo, el ministro explic\u00f3 que \u201cest\u00e1 nueva planta se inscribe en el Plan de Desarrollo de Infraestructura B\u00e1sica que venimos desarrollando como uno de los ejes centrales de la gesti\u00f3n de gobierno que cuenta con una fuerte inversi\u00f3n en obras de agua, saneamiento, cloacas y obras de hidr\u00e1ulica que permitir\u00e1n el desarrollo de las diferentes localidades donde se llevar\u00e1n a cabo las obras, y con ello de la provincia en su totalidad.<\/p>\n<p>Para finalizar Benedetto indic\u00f3 que \u201cestos objetivos han sido trazados por el gobernador Gustavo Bordet, y venimos trabajando con esa mira desde el Ministerio, articulando con las diferentes \u00e1reas y niveles de gobierno en pos de llevar soluciones a los entrerrianos\u201d.<\/p>\n<p><strong>\u00a0<\/strong><\/p>\n<p><strong>Naranjal de Pereda<\/strong><\/p>\n<p>Una de las obras pensadas pr\u00e1cticamente en el mismo predio en que se construir\u00e1 la nueva Planta Potabilizadora de Agua para la ciudad, es la puesta en valor de las edificaciones existentes en lo que se conoce como el Naranjal de Pereda.<\/p>\n<p>Si bien a\u00fan no se ha definido qu\u00e9 tipo de obra se encarar\u00e1, si puesta en valor manteniendo sus ruinas o reconstruyendo el edifico para convertirlo en museo, lo que s\u00ed est\u00e1 claro es que tanto desde le gesti\u00f3n del intendente Cresto como del gobernador Bordet, lo que se buscar\u00e1 es convertir al lugar en un atractivo tur\u00edstico m\u00e1s para ofrecer tanto a la poblaci\u00f3n local como a quienes visiten la ciudad.<\/p>\n<p>Vale destacar que la vista que se tiene del r\u00edo Uruguay como de la costa del vecino pa\u00eds, lo convierten en un mirador privilegiado con fuerte potencial en materia tur\u00edstica.<\/p>\n<p>En este marco, el presidente de CAFESG, Alejandro Casa\u00f1as, junto a personal t\u00e9cnico del organismo a su cargo, hicieron el primer relevamiento in situ acompa\u00f1ados por funcionarios municipales.<\/p>\n<p>Lo que se busc\u00f3 en este primer abordaje es tomar todas las medidas de las edificaciones existentes a fin de elaborar una planta precisa del lugar, sobre todo de su edificio principal, asimismo se recorrieron las zonas y construcciones aleda\u00f1as que tambi\u00e9n ser\u00e1n descubiertas y puestas en valor.<\/p>\n<p>En cuanto a la importancia hist\u00f3rica del lugar, Alejandro Casa\u00f1as, explic\u00f3 que \u201cla puesta en valor de lo que se conoce como el Naranjal de Pereda es un viejo sue\u00f1o que hab\u00edamos comenzado con el gobernador Bordet hace mucho tiempo, cuando est\u00e1bamos en la intendencia de Concordia, donde la idea es rescatar lo que fue la primera fundaci\u00f3n de la ciudad en 1763, all\u00ed tambi\u00e9n fue el cuartel general de Jos\u00e9 Gervasio Artigas como Teniente Gobernador del Yapey\u00fa.<\/p>\n<p>\u201cA su vez la casa y lo que queda del saladero, pensamos rescatarlos como exponentes de una parte importante de la historia de la ciudad de Concordia\u201d finaliz\u00f3 el funcionario provincial, quien es reconocido por su profundo conocimiento de la historia de nuestra regi\u00f3n y sobre todo de la vida de Jos\u00e9 Gervasio Artigas.<\/p>\n<p>Participaron del relevamiento la arquitecta y funcionaria del EDOS Mireya Lopez Bernis y el director del Parque San Carlos Maximiliano Benedetto, ambos acompa\u00f1ados por personal t\u00e9cnico municipal.<\/p>\n<p><a href=\"https:\/\/www.cafesg.gob.ar\/cafesg2\/wp-content\/uploads\/2017\/07\/Reuni\u00f3n-por-Planta-4.jpeg\"><img loading=\"lazy\" decoding=\"async\" class=\"alignnone size-medium wp-image-5487\" src=\"https:\/\/www.cafesg.gob.ar\/cafesg2\/wp-content\/uploads\/2017\/07\/Reuni\u00f3n-por-Planta-4-300x168.jpeg\" alt=\"Reuni\u00f3n por Planta 4\" width=\"300\" height=\"168\" \/><\/a> <a href=\"https:\/\/www.cafesg.gob.ar\/cafesg2\/wp-content\/uploads\/2017\/07\/Reuni\u00f3n-por-Planta-7.jpeg\"><img loading=\"lazy\" decoding=\"async\" class=\"alignnone size-medium wp-image-5488\" src=\"https:\/\/www.cafesg.gob.ar\/cafesg2\/wp-content\/uploads\/2017\/07\/Reuni\u00f3n-por-Planta-7-300x168.jpeg\" alt=\"Reuni\u00f3n por Planta 7\" width=\"300\" height=\"168\" \/> <\/a><a href=\"https:\/\/www.cafesg.gob.ar\/cafesg2\/wp-content\/uploads\/2017\/07\/Naranjal-1.jpg\"><img loading=\"lazy\" decoding=\"async\" class=\"alignnone size-medium wp-image-5493\" src=\"https:\/\/www.cafesg.gob.ar\/cafesg2\/wp-content\/uploads\/2017\/07\/Naranjal-1-300x200.jpg\" alt=\"Naranjal 1\" width=\"300\" height=\"200\" \/><\/a><a href=\"https:\/\/www.cafesg.gob.ar\/cafesg2\/wp-content\/uploads\/2017\/07\/DSC_0103.jpg\"><img loading=\"lazy\" decoding=\"async\" class=\"alignnone size-medium wp-image-5492\" src=\"https:\/\/www.cafesg.gob.ar\/cafesg2\/wp-content\/uploads\/2017\/07\/DSC_0103-300x200.jpg\" alt=\"DSC_0103\" width=\"300\" height=\"200\" \/><\/a><a href=\"https:\/\/www.cafesg.gob.ar\/cafesg2\/wp-content\/uploads\/2017\/07\/DSC_0084.jpg\"><img loading=\"lazy\" decoding=\"async\" class=\"alignnone size-medium wp-image-5491\" src=\"https:\/\/www.cafesg.gob.ar\/cafesg2\/wp-content\/uploads\/2017\/07\/DSC_0084-300x200.jpg\" alt=\"DSC_0084\" width=\"300\" height=\"200\" \/><\/a><a href=\"https:\/\/www.cafesg.gob.ar\/cafesg2\/wp-content\/uploads\/2017\/07\/DSC_0082.jpg\"><img loading=\"lazy\" decoding=\"async\" class=\"alignnone size-medium wp-image-5490\" src=\"https:\/\/www.cafesg.gob.ar\/cafesg2\/wp-content\/uploads\/2017\/07\/DSC_0082-300x200.jpg\" alt=\"DSC_0082\" width=\"300\" height=\"200\" \/><\/a><a href=\"https:\/\/www.cafesg.gob.ar\/cafesg2\/wp-content\/uploads\/2017\/07\/DSC_0065.jpg\"><img loading=\"lazy\" decoding=\"async\" class=\"alignnone size-medium wp-image-5489\" src=\"https:\/\/www.cafesg.gob.ar\/cafesg2\/wp-content\/uploads\/2017\/07\/DSC_0065-300x200.jpg\" alt=\"DSC_0065\" width=\"300\" height=\"200\" \/><\/a><a href=\"https:\/\/www.cafesg.gob.ar\/cafesg2\/wp-content\/uploads\/2017\/07\/DSC_0093.jpg\"><img loading=\"lazy\" decoding=\"async\" class=\"alignnone size-medium wp-image-5494\" src=\"https:\/\/www.cafesg.gob.ar\/cafesg2\/wp-content\/uploads\/2017\/07\/DSC_0093-300x200.jpg\" alt=\"DSC_0093\" width=\"300\" height=\"200\" \/><\/a><\/p>\n","protected":false},"excerpt":{"rendered":"<p>Reuni\u00f3n de trabajo con la empresa contratista JCR S.A. y el Ente Nacional de Obras Hidr\u00e1ulicas de Saneamiento\u00a0 (ENOHSA) por la nueva planta potabilizadora de agua, y relevamiento en terreno de las edificaciones del llamado Naranjal de Pereda fueron las primeras acciones de CAEFSG luego de la firma para el comienzo de las obras. Planta [&hellip;]<\/p>\n","protected":false},"author":5,"featured_media":0,"comment_status":"open","ping_status":"open","sticky":false,"template":"","format":"standard","meta":{"footnotes":""},"categories":[15],"tags":[],"class_list":["post-5486","post","type-post","status-publish","format-standard","hentry","category-noticias"],"_links":{"self":[{"href":"https:\/\/cafesg.gob.ar\/cafesg2\/wp-json\/wp\/v2\/posts\/5486","targetHints":{"allow":["GET"]}}],"collection":[{"href":"https:\/\/cafesg.gob.ar\/cafesg2\/wp-json\/wp\/v2\/posts"}],"about":[{"href":"https:\/\/cafesg.gob.ar\/cafesg2\/wp-json\/wp\/v2\/types\/post"}],"author":[{"embeddable":true,"href":"https:\/\/cafesg.gob.ar\/cafesg2\/wp-json\/wp\/v2\/users\/5"}],"replies":[{"embeddable":true,"href":"https:\/\/cafesg.gob.ar\/cafesg2\/wp-json\/wp\/v2\/comments?post=5486"}],"version-history":[{"count":0,"href":"https:\/\/cafesg.gob.ar\/cafesg2\/wp-json\/wp\/v2\/posts\/5486\/revisions"}],"wp:attachment":[{"href":"https:\/\/cafesg.gob.ar\/cafesg2\/wp-json\/wp\/v2\/media?parent=5486"}],"wp:term":[{"taxonomy":"category","embeddable":true,"href":"https:\/\/cafesg.gob.ar\/cafesg2\/wp-json\/wp\/v2\/categories?post=5486"},{"taxonomy":"post_tag","embeddable":true,"href":"https:\/\/cafesg.gob.ar\/cafesg2\/wp-json\/wp\/v2\/tags?post=5486"}],"curies":[{"name":"wp","href":"https:\/\/api.w.org\/{rel}","templated":true}]}}