 {"id":5471,"date":"2017-07-12T20:53:48","date_gmt":"2017-07-12T23:53:48","guid":{"rendered":"http:\/\/www.cafesg.gob.ar\/web\/?p=5471"},"modified":"2017-07-12T20:53:48","modified_gmt":"2017-07-12T23:53:48","slug":"reunion-en-cafesg-para-avanzar-con-el-plan-de-saneamiento-del-rio-uruguay","status":"publish","type":"post","link":"https:\/\/cafesg.gob.ar\/cafesg2\/reunion-en-cafesg-para-avanzar-con-el-plan-de-saneamiento-del-rio-uruguay\/","title":{"rendered":"Reuni\u00f3n en CAFESG para avanzar con el Plan de Saneamiento del R\u00edo Uruguay"},"content":{"rendered":"<p>En rigor se trata de proyectos destinados a la construcci\u00f3n y refuncionalizaci\u00f3n de colectores cloacales para las localidades de Col\u00f3n, San Jos\u00e9, Concepci\u00f3n del Uruguay, Concordia y Gualeguaych\u00fa buscando el saneamiento integral del r\u00edo Uruguay y la mejora sustancial en la prestaci\u00f3n del elemental servicio.<\/p>\n<p>Este conjunto de obras es un objetivo prioritario de la gesti\u00f3n del gobernador Gustavo Bordet, quien ha se\u00f1alado estos temas como centrales en cuanto al desarrollo de la infraestructura provincial.<\/p>\n<p>Luego de la reuni\u00f3n celebrada este mi\u00e9rcoles en la sede de la Comisi\u00f3n Administradora para el Fondo Especial de Salto Grande (CAFESG), el secretario de Planeamiento de la provincia, Marcelo Richard, manifest\u00f3 que se trabaj\u00f3 \u201ca partir de las observaciones hechas por el ENHOSA -Ente Nacional de Obras H\u00eddricas de Saneamiento-, sobre todo estableciendo las acciones a seguir para ir armando la documentaci\u00f3n que nos permita conseguir la no objeci\u00f3n t\u00e9cnica para as\u00ed iniciar los llamados a licitaci\u00f3n\u201d.<\/p>\n<p>\u201cEn este marco\u201d, continu\u00f3 el funcionario provincial, \u201chemos solicitado a los distintos municipios interlocutores vinculados a la parte ambiental y a la parte dominial para resolver esos problemas que son cruciales en el objetivo de conseguir la no objeci\u00f3n; todo esto, \u00a0junto a la respuesta a las observaciones t\u00e9cnicas hechas desde el organismo nacional\u201d<\/p>\n<p>Adem\u00e1s Richard inform\u00f3 que se ha establecido \u201cun plazo de treinta d\u00edas para poder enviar la documentaci\u00f3n correspondiente al Ente Nacional y a partir de ah\u00ed comenzaremos con el pedido de no objeci\u00f3n y definir a trav\u00e9s del aspecto presupuestario las licitaciones correspondientes; hoy la prioridad es resolver todos los aspectos t\u00e9cnicos, ambientales, dominiales y econ\u00f3micos, y a partir de los proyectos definidos se va a ir solicitando el financiamiento, despu\u00e9s quedar\u00e1 en Naci\u00f3n otorgar el mismo\u201d concluy\u00f3.<\/p>\n<p>Por su parte, el presidente de CAFESG, Alejandro Casa\u00f1as, expres\u00f3 que \u201csiguiendo las directivas del gobernador Gustavo Bordet hemos conformado un gran equipo de trabajo conformado por los t\u00e9cnicos de CAFESG y de los cinco municipios involucrados, m\u00e1s el Ministerio de Planificaci\u00f3n y la Secretar\u00eda de Medio Ambiente de la provincia, y en esta oportunidad se incorpor\u00f3 por primera vez el Gobierno Nacional a trav\u00e9s de un representante de CARU, que es Eduardo Caminal y a quien agradezco el haberse puesto a disposici\u00f3n en el marco de este ambicioso plan de saneamiento\u201d.<\/p>\n<p>Casa\u00f1as, en referencia a las obras pensadas para Concordia, dijo que \u201cno solo se trata de la planta de tratamiento de l\u00edquidos cloacales, que ser\u00e1 casi en su totalidad autom\u00e1tica, sino tambi\u00e9n se contempla toda una red de colectores cloacales mejorando los vigentes m\u00e1s tres nuevos, con lo que quedar\u00eda pr\u00e1cticamente toda la ciudad cubierta con este servicio, a su vez la puesta en marcha de estaciones elevadoras y en paralelo podemos hablar de una mejora en el arroyo Yuquer\u00ed\u00a0 y la zona de La Bianca\u201d.<\/p>\n<p>Asimismo, el presidente del organismo provincial revel\u00f3 que para \u00e9l \u201cnn cierto sentido se est\u00e1 haciendo historia porque el plan de saneamiento impulsado por el gobernador Bordet ser\u00e1 un hito en nuestra relaci\u00f3n con el r\u00edo Uruguay por las pr\u00f3ximas d\u00e9cadas\u201d.<\/p>\n<p>Por \u00faltimo, Casa\u00f1as \u00a0hizo un \u201creconocimiento especial a los t\u00e9cnicos de CAFESG que a pesar de la escasez de recursos han estado viajando a las distintas ciudades para llevar sus conocimientos y experiencias con el fin de que esto avance lo m\u00e1s r\u00e1pido y efectivamente posible\u201d finaliz\u00f3.<\/p>\n<p>En tanto, Eduardo Caminal, delegado de la Comisi\u00f3n Administradora del R\u00edo Uruguay-CARU-, quien particip\u00f3 por primera vez de estas reuniones de trabajo, expres\u00f3 al finalizar la misma que \u201cfue una reuni\u00f3n t\u00e9cnica muy positiva, estoy un poquito en representaci\u00f3n del Ministerio del Interior de la Naci\u00f3n y a trav\u00e9s de mi funci\u00f3n en la CARU articular e intentar acompa\u00f1ar en este proceso para contribuir a las gestiones necesarias con los distintos organismos nacionales a fin de que esta obra pueda avanzar lo m\u00e1s r\u00e1pido posible.<\/p>\n<p><a href=\"https:\/\/www.cafesg.gob.ar\/cafesg2\/wp-content\/uploads\/2017\/07\/Reuni\u00f3n-Plantas-12.jpg\"><img loading=\"lazy\" decoding=\"async\" class=\"alignnone size-medium wp-image-5477\" src=\"https:\/\/www.cafesg.gob.ar\/cafesg2\/wp-content\/uploads\/2017\/07\/Reuni\u00f3n-Plantas-12-300x200.jpg\" alt=\"Reuni\u00f3n Plantas 12\" width=\"300\" height=\"200\" \/><\/a> <a href=\"https:\/\/www.cafesg.gob.ar\/cafesg2\/wp-content\/uploads\/2017\/07\/Reuni\u00f3n-Plantas-9.jpg\"><img loading=\"lazy\" decoding=\"async\" class=\"alignnone size-medium wp-image-5476\" src=\"https:\/\/www.cafesg.gob.ar\/cafesg2\/wp-content\/uploads\/2017\/07\/Reuni\u00f3n-Plantas-9-300x200.jpg\" alt=\"Reuni\u00f3n Plantas 9\" width=\"300\" height=\"200\" \/> <\/a><a href=\"https:\/\/www.cafesg.gob.ar\/cafesg2\/wp-content\/uploads\/2017\/07\/Reuni\u00f3n-Plantas-7.jpg\"><img loading=\"lazy\" decoding=\"async\" class=\"alignnone size-medium wp-image-5475\" src=\"https:\/\/www.cafesg.gob.ar\/cafesg2\/wp-content\/uploads\/2017\/07\/Reuni\u00f3n-Plantas-7-300x200.jpg\" alt=\"Reuni\u00f3n Plantas 7\" width=\"300\" height=\"200\" \/><\/a><\/p>\n<p><a href=\"https:\/\/www.cafesg.gob.ar\/cafesg2\/wp-content\/uploads\/2017\/07\/Reuni\u00f3n-Plantas-6.jpg\"><img loading=\"lazy\" decoding=\"async\" class=\"alignnone size-medium wp-image-5474\" src=\"https:\/\/www.cafesg.gob.ar\/cafesg2\/wp-content\/uploads\/2017\/07\/Reuni\u00f3n-Plantas-6-300x193.jpg\" alt=\"Reuni\u00f3n Plantas 6\" width=\"300\" height=\"193\" \/><\/a> <a href=\"https:\/\/www.cafesg.gob.ar\/cafesg2\/wp-content\/uploads\/2017\/07\/Reuni\u00f3n-Plantas-4.jpg\"><img loading=\"lazy\" decoding=\"async\" class=\"alignnone size-medium wp-image-5473\" src=\"https:\/\/www.cafesg.gob.ar\/cafesg2\/wp-content\/uploads\/2017\/07\/Reuni\u00f3n-Plantas-4-300x200.jpg\" alt=\"Reuni\u00f3n Plantas 4\" width=\"300\" height=\"200\" \/><\/a> <a href=\"https:\/\/www.cafesg.gob.ar\/cafesg2\/wp-content\/uploads\/2017\/07\/Reuni\u00f3n-Plantas-2.jpg\"><img loading=\"lazy\" decoding=\"async\" class=\"alignnone size-medium wp-image-5472\" src=\"https:\/\/www.cafesg.gob.ar\/cafesg2\/wp-content\/uploads\/2017\/07\/Reuni\u00f3n-Plantas-2-300x200.jpg\" alt=\"Reuni\u00f3n Plantas 2\" width=\"300\" height=\"200\" \/><\/a><\/p>\n<p>&nbsp;<\/p>\n<p>&nbsp;<\/p>\n","protected":false},"excerpt":{"rendered":"<p>En rigor se trata de proyectos destinados a la construcci\u00f3n y refuncionalizaci\u00f3n de colectores cloacales para las localidades de Col\u00f3n, San Jos\u00e9, Concepci\u00f3n del Uruguay, Concordia y Gualeguaych\u00fa buscando el saneamiento integral del r\u00edo Uruguay y la mejora sustancial en la prestaci\u00f3n del elemental servicio. Este conjunto de obras es un objetivo prioritario de la [&hellip;]<\/p>\n","protected":false},"author":5,"featured_media":0,"comment_status":"open","ping_status":"open","sticky":false,"template":"","format":"standard","meta":{"footnotes":""},"categories":[15],"tags":[],"class_list":["post-5471","post","type-post","status-publish","format-standard","hentry","category-noticias"],"_links":{"self":[{"href":"https:\/\/cafesg.gob.ar\/cafesg2\/wp-json\/wp\/v2\/posts\/5471","targetHints":{"allow":["GET"]}}],"collection":[{"href":"https:\/\/cafesg.gob.ar\/cafesg2\/wp-json\/wp\/v2\/posts"}],"about":[{"href":"https:\/\/cafesg.gob.ar\/cafesg2\/wp-json\/wp\/v2\/types\/post"}],"author":[{"embeddable":true,"href":"https:\/\/cafesg.gob.ar\/cafesg2\/wp-json\/wp\/v2\/users\/5"}],"replies":[{"embeddable":true,"href":"https:\/\/cafesg.gob.ar\/cafesg2\/wp-json\/wp\/v2\/comments?post=5471"}],"version-history":[{"count":0,"href":"https:\/\/cafesg.gob.ar\/cafesg2\/wp-json\/wp\/v2\/posts\/5471\/revisions"}],"wp:attachment":[{"href":"https:\/\/cafesg.gob.ar\/cafesg2\/wp-json\/wp\/v2\/media?parent=5471"}],"wp:term":[{"taxonomy":"category","embeddable":true,"href":"https:\/\/cafesg.gob.ar\/cafesg2\/wp-json\/wp\/v2\/categories?post=5471"},{"taxonomy":"post_tag","embeddable":true,"href":"https:\/\/cafesg.gob.ar\/cafesg2\/wp-json\/wp\/v2\/tags?post=5471"}],"curies":[{"name":"wp","href":"https:\/\/api.w.org\/{rel}","templated":true}]}}