 {"id":5463,"date":"2017-06-30T21:01:49","date_gmt":"2017-07-01T00:01:49","guid":{"rendered":"http:\/\/www.cafesg.gob.ar\/web\/?p=5463"},"modified":"2017-06-30T21:01:49","modified_gmt":"2017-07-01T00:01:49","slug":"reunion-de-trabajo-entre-profesionales-de-cafesg-y-de-oser","status":"publish","type":"post","link":"https:\/\/cafesg.gob.ar\/cafesg2\/reunion-de-trabajo-entre-profesionales-de-cafesg-y-de-oser\/","title":{"rendered":"REUNI\u00d3N DE TRABAJO ENTRE PROFESIONALES DE CAFESG Y DE OSER"},"content":{"rendered":"<p><em>CAFESG aportar\u00e1 personal t\u00e9cnico para inspecci\u00f3n de obras<\/em><\/p>\n<p>En el d\u00eda de ayer se realiz\u00f3 la primera reuni\u00f3n de trabajo entre los jefes de las \u00e1reas t\u00e9cnicas de la Comisi\u00f3n Administradora para el Fondo Especial de Salto Grande (CAFESG) y de Obras Sanitarias de Entre R\u00edos (OSER). El encuentro, se dio en el marco del Convenio firmado oportunamente entre el Ministerio de Planeamiento, Infraestructura y Servicios de la Provincia de Entre R\u00edos, a cargo del ministro Luis Benedetto, y la CAFESG.<\/p>\n<p>En la misma se ajustaron detalles en cuanto a las primeras inserciones t\u00e9cnicas de profesionales de CAFESG, espec\u00edficamente en dos inspecciones\u00a0 de obras de provisi\u00f3n de agua potable en las ciudades de Concordia -espec\u00edficamente se trata del acueducto de Colonia Roca- y Col\u00f3n, pr\u00f3ximas a iniciarse, cuyo comitente es el OSER.<\/p>\n<p>Cabe aclarar que CAFESG intervendr\u00e1 aportando personal t\u00e9cnico para la inspecci\u00f3n de las obras mencionadas y otras por hacer, siguiendo los proyectos y\u00a0 el llamado a licitaci\u00f3n a cargo de OSER.<\/p>\n<p>El Convenio mencionado entre CAFESG y el Ministerio de Planeamiento fue refrendado por disposici\u00f3n del gobernador de la provincia, Gustavo Bordet, y dispone, entre otros puntos, que se brinden asistencias t\u00e9cnicas desde la Comisi\u00f3n Administradora a los diferentes Entes Provinciales que se encuentran bajo la \u00f3rbita del mencionado Ministerio.<\/p>\n<p>De la reuni\u00f3n, participaron el director de OSER, Ing. Sergio Pascual, acompa\u00f1ado por sus principales colaboradores t\u00e9cnicos, y el jefe del \u00e1rea de obras de CAFESG, Ing. Gustavo Larenze junto a personal t\u00e9cnico del organismo.<\/p>\n<p><a href=\"https:\/\/www.cafesg.gob.ar\/cafesg2\/wp-content\/uploads\/2017\/06\/Oser-1.jpeg\"><img loading=\"lazy\" decoding=\"async\" class=\"alignnone size-medium wp-image-5464\" src=\"https:\/\/www.cafesg.gob.ar\/cafesg2\/wp-content\/uploads\/2017\/06\/Oser-1-300x168.jpeg\" alt=\"Oser 1\" width=\"300\" height=\"168\" \/><\/a> <a href=\"https:\/\/www.cafesg.gob.ar\/cafesg2\/wp-content\/uploads\/2017\/06\/oser-2.jpeg\"><img loading=\"lazy\" decoding=\"async\" class=\"alignnone size-medium wp-image-5465\" src=\"https:\/\/www.cafesg.gob.ar\/cafesg2\/wp-content\/uploads\/2017\/06\/oser-2-300x168.jpeg\" alt=\"oser 2\" width=\"300\" height=\"168\" \/><\/a> <a href=\"https:\/\/www.cafesg.gob.ar\/cafesg2\/wp-content\/uploads\/2017\/06\/Oser-3.jpeg\"><img loading=\"lazy\" decoding=\"async\" class=\"alignnone size-medium wp-image-5466\" src=\"https:\/\/www.cafesg.gob.ar\/cafesg2\/wp-content\/uploads\/2017\/06\/Oser-3-300x168.jpeg\" alt=\"Oser 3\" width=\"300\" height=\"168\" \/><\/a> <a href=\"https:\/\/www.cafesg.gob.ar\/cafesg2\/wp-content\/uploads\/2017\/06\/Oser-4.jpeg\"><img loading=\"lazy\" decoding=\"async\" class=\"alignnone size-medium wp-image-5467\" src=\"https:\/\/www.cafesg.gob.ar\/cafesg2\/wp-content\/uploads\/2017\/06\/Oser-4-300x168.jpeg\" alt=\"Oser 4\" width=\"300\" height=\"168\" \/><\/a> <a href=\"https:\/\/www.cafesg.gob.ar\/cafesg2\/wp-content\/uploads\/2017\/06\/oser-5.jpeg\"><img loading=\"lazy\" decoding=\"async\" class=\"alignnone size-medium wp-image-5468\" src=\"https:\/\/www.cafesg.gob.ar\/cafesg2\/wp-content\/uploads\/2017\/06\/oser-5-300x168.jpeg\" alt=\"oser 5\" width=\"300\" height=\"168\" \/><\/a><\/p>\n","protected":false},"excerpt":{"rendered":"<p>CAFESG aportar\u00e1 personal t\u00e9cnico para inspecci\u00f3n de obras En el d\u00eda de ayer se realiz\u00f3 la primera reuni\u00f3n de trabajo entre los jefes de las \u00e1reas t\u00e9cnicas de la Comisi\u00f3n Administradora para el Fondo Especial de Salto Grande (CAFESG) y de Obras Sanitarias de Entre R\u00edos (OSER). El encuentro, se dio en el marco del [&hellip;]<\/p>\n","protected":false},"author":5,"featured_media":0,"comment_status":"open","ping_status":"open","sticky":false,"template":"","format":"standard","meta":{"footnotes":""},"categories":[15],"tags":[],"class_list":["post-5463","post","type-post","status-publish","format-standard","hentry","category-noticias"],"_links":{"self":[{"href":"https:\/\/cafesg.gob.ar\/cafesg2\/wp-json\/wp\/v2\/posts\/5463","targetHints":{"allow":["GET"]}}],"collection":[{"href":"https:\/\/cafesg.gob.ar\/cafesg2\/wp-json\/wp\/v2\/posts"}],"about":[{"href":"https:\/\/cafesg.gob.ar\/cafesg2\/wp-json\/wp\/v2\/types\/post"}],"author":[{"embeddable":true,"href":"https:\/\/cafesg.gob.ar\/cafesg2\/wp-json\/wp\/v2\/users\/5"}],"replies":[{"embeddable":true,"href":"https:\/\/cafesg.gob.ar\/cafesg2\/wp-json\/wp\/v2\/comments?post=5463"}],"version-history":[{"count":0,"href":"https:\/\/cafesg.gob.ar\/cafesg2\/wp-json\/wp\/v2\/posts\/5463\/revisions"}],"wp:attachment":[{"href":"https:\/\/cafesg.gob.ar\/cafesg2\/wp-json\/wp\/v2\/media?parent=5463"}],"wp:term":[{"taxonomy":"category","embeddable":true,"href":"https:\/\/cafesg.gob.ar\/cafesg2\/wp-json\/wp\/v2\/categories?post=5463"},{"taxonomy":"post_tag","embeddable":true,"href":"https:\/\/cafesg.gob.ar\/cafesg2\/wp-json\/wp\/v2\/tags?post=5463"}],"curies":[{"name":"wp","href":"https:\/\/api.w.org\/{rel}","templated":true}]}}