 {"id":5456,"date":"2017-06-28T21:40:19","date_gmt":"2017-06-29T00:40:19","guid":{"rendered":"http:\/\/www.cafesg.gob.ar\/web\/?p=5456"},"modified":"2017-06-28T21:40:19","modified_gmt":"2017-06-29T00:40:19","slug":"cafesg-y-ecu-firmaron-un-convenio-de-cooperacion-para-fortalecer-la-fiesta-del-estudiante","status":"publish","type":"post","link":"https:\/\/cafesg.gob.ar\/cafesg2\/cafesg-y-ecu-firmaron-un-convenio-de-cooperacion-para-fortalecer-la-fiesta-del-estudiante\/","title":{"rendered":"CAFESG Y ECU FIRMARON UN CONVENIO DE COOPERACI\u00d3N PARA FORTALECER LA FIESTA DEL ESTUDIANTE"},"content":{"rendered":"<p>En la ma\u00f1ana del mi\u00e9rcoles, en el 4to Piso del Centro C\u00edvico y contando con la presencia de casi doscientos chicos representando a unas veinte escuelas secundarias de Concordia, se realiz\u00f3 la firma del Convenio de Cooperaci\u00f3n entre la Comisi\u00f3n Administradora para el Fondo Especial de Salto Grande (CAFESG), representada por su presidente, Alejandro Casa\u00f1as, y\u00a0 Estudiantes Concordienses Unidos (ECU) representado por su presidente, Facundo Vallejos.<\/p>\n<p>Hace cinco a\u00f1os que CAFESG, a trav\u00e9s de su \u00c1rea Joven implementa junto a ECU el Programa de Fortalecimiento de la Fiesta del Estudiante. El Convenio tiene como objetivo central el desarrollo de tareas tendientes a dise\u00f1ar, reforzar, implementar y coordinar acciones conjuntas que permitan el Fortalecimiento de la Fiesta del Estudiante en sus diversas etapas.<\/p>\n<p>Entre las acciones desarrolladas por CAFESG en el marco de este convenio se\u00a0 destacan cursos de capacitaci\u00f3n en soldadura, electricidad, seguridad e higiene, entre otros. Adem\u00e1s se dan charlas sobre primeros auxilios, promoci\u00f3n y prevenci\u00f3n de la salud, seguridad vial, etc.<\/p>\n<p>Asimismo, se desarrollan actividades de formaci\u00f3n y consolidaci\u00f3n de Centros de Estudiantes, gestiones y articulaci\u00f3n a nivel municipal y provincial y asesoramiento y acompa\u00f1amiento de las actividades que realiza ECU, tales como elecciones de reyes, fiesta de hinchadas, eventos solidarios, desfiles de carrozas, etc.<\/p>\n<p>Al momento de dirigirse a los j\u00f3venes presentes, Alejandro Casa\u00f1as, record\u00f3 que \u201cla situaci\u00f3n de CAFESG no es la mejor, ya que desde la Naci\u00f3n no vienen los fondos que tendr\u00edan que venir, no obstante eso, hablando con el gobernador Gustavo Bordet, que les env\u00eda un saludo muy grande, logramos un esfuerzo extrapresupuestario y podemos hacer estos cursos, as\u00ed que m\u00e1s que agradecido con \u00e9l y con el ministro de econom\u00eda Hugo Ballay y el ministro de gobierno Mauro Urribarri\u201d.<\/p>\n<p>El presidente de CAFESG \u00a0tambi\u00e9n inst\u00f3 a los estudiantes a \u201caprovechar esta \u00e9poca m\u00e1gica para compartir con los amigos, incluir a todos, conversar y comprender a los dem\u00e1s, no dejar afuera a nadie, porque todos siempre tenemos algo que aportar, es la \u00e9poca de fortalecer amistades que duraran toda una vida, y adem\u00e1s es \u00e9poca de poner el empe\u00f1o necesario en las carrozas, porque despu\u00e9s es un regalo para que disfrutemos todos los concordienses\u201d.<\/p>\n<p>Casa\u00f1as les aconsej\u00f3 a los chicos que \u201ca pesar de lo maravilloso de esta \u00e9poca, y que la tienen que vivir sin miedos y con felicidad, nunca descuiden el estudio, ya que en este mundo actual el conocimiento es poder, y en alg\u00fan momento les va a tocar conducir un mundo mejor a este y van a tener que estar preparados, porque si no ser\u00e1n otros los que pretendan usar y abusar de ustedes\u201d.<\/p>\n<p>Por \u00faltimo, el presidente de CAFESG reconoci\u00f3 el trabajo de integraci\u00f3n que hace ECU con las personas con discapacidad, y se\u00f1al\u00f3 que \u201cla ciudad de Concordia los necesita, necesita la fiesta, porque no solamente es la carroza la que pasa o el estudiante el que se est\u00e1 divirtiendo, sino que funciona como un ejemplo de los logros que se pueden conseguir con el trabajo conjunto\u201d.<\/p>\n<p>Estuvieron presentes en el acto la directora Departamental de Escuelas,\u00a0<a href=\"https:\/\/www.facebook.com\/gdilello1?fref=mentions\">Griselda Di Lello<\/a>, el responsable de la Direcci\u00f3n de Eventos de la Municipalidad de Concordia, Mat\u00edas Armanasqui, el presidente del Ente del Carnaval, Mat\u00edas Soto, la coordinadora de capacitaci\u00f3n de CAFESG Mar\u00eda Soledad Siegrist, y la Comisi\u00f3n Directiva de ECU.<\/p>\n<p>Finalizada la firma del Convenio, m\u00e1s de 170 j\u00f3venes que realizar\u00e1n carrozas aleg\u00f3ricas y humor\u00edsticas participaron de la Jornada de Seguridad e Higiene en donde se les brindaron conocimientos b\u00e1sicos en lo que respecta a riesgos el\u00e9ctricos, manipulaci\u00f3n de herramientas, riesgos de incendio, uso de matafuegos, trabajo en altura, elementos de seguridad,\u00a0 etc. La charla taller estuvo a cargo de la ingeniera Paula Basso.<\/p>\n<p>Los j\u00f3venes capacitados hoy pertenecen a las escuelas Agrot\u00e9cnica N\u00ba 24, Bachillerato Art\u00edstico, Borges, Capuchinos, Comercio 1, Comercio 2, Esteban Zorraqu\u00edn, Mar\u00eda Elena Walsh, Nacional, T\u00e9cnica I, Mitre, San Jos\u00e9, V\u00e9lez Sarsfield, Gervasio Artigas, Felipe Gardel, Itat\u00ed, Juana Azurduy y San Roque Gonz\u00e1lez.<\/p>\n<p>El d\u00eda jueves ser\u00e1 el turno de los j\u00f3venes de las escuelas Agrot\u00e9cnica N\u00ba 24, T\u00e9cnica 2, V\u00e9lez Sarsfield, Esteban Zorraqu\u00edn, San Mart\u00edn, Jes\u00fas Nazareno, Capuchinos, Bachillerato Art\u00edstico, Bachillerato Humanista, Borges, Comercio 1, Comercio 2, Nacional, Normal, T\u00e9cnica 1, Mitre, San Jos\u00e9.\u00a0 Ser\u00e1n capacitados en la misma tem\u00e1tica y vale aclarar que aunque pertenezcan al mismo establecimiento son grupos de chicos de diferentes a\u00f1os.<\/p>\n<p><a href=\"https:\/\/www.cafesg.gob.ar\/cafesg2\/wp-content\/uploads\/2017\/06\/Firma-Convenio-ECU-1.jpg\"><img loading=\"lazy\" decoding=\"async\" class=\"alignnone size-medium wp-image-5457\" src=\"https:\/\/www.cafesg.gob.ar\/cafesg2\/wp-content\/uploads\/2017\/06\/Firma-Convenio-ECU-1-300x194.jpg\" alt=\"Firma Convenio ECU 1\" width=\"300\" height=\"194\" \/><\/a> <a href=\"https:\/\/www.cafesg.gob.ar\/cafesg2\/wp-content\/uploads\/2017\/06\/Firma-Convenio-ECU-2.jpg\"><img loading=\"lazy\" decoding=\"async\" class=\"alignnone size-medium wp-image-5458\" src=\"https:\/\/www.cafesg.gob.ar\/cafesg2\/wp-content\/uploads\/2017\/06\/Firma-Convenio-ECU-2-300x198.jpg\" alt=\"Firma Convenio ECU 2\" width=\"300\" height=\"198\" \/><\/a> <a href=\"https:\/\/www.cafesg.gob.ar\/cafesg2\/wp-content\/uploads\/2017\/06\/Firma-Convenio-ECU-3.jpg\"><img loading=\"lazy\" decoding=\"async\" class=\"alignnone size-medium wp-image-5459\" src=\"https:\/\/www.cafesg.gob.ar\/cafesg2\/wp-content\/uploads\/2017\/06\/Firma-Convenio-ECU-3-300x199.jpg\" alt=\"Firma Convenio ECU 3\" width=\"300\" height=\"199\" \/><\/a> <a href=\"https:\/\/www.cafesg.gob.ar\/cafesg2\/wp-content\/uploads\/2017\/06\/Firma-Convenio-ECU-4.jpg\"><img loading=\"lazy\" decoding=\"async\" class=\"alignnone size-medium wp-image-5460\" src=\"https:\/\/www.cafesg.gob.ar\/cafesg2\/wp-content\/uploads\/2017\/06\/Firma-Convenio-ECU-4-300x200.jpg\" alt=\"Firma Convenio ECU 4\" width=\"300\" height=\"200\" \/><\/a> <a href=\"https:\/\/www.cafesg.gob.ar\/cafesg2\/wp-content\/uploads\/2017\/06\/Firma-Convenio-ECU-5.jpg\"><img loading=\"lazy\" decoding=\"async\" class=\"alignnone size-medium wp-image-5461\" src=\"https:\/\/www.cafesg.gob.ar\/cafesg2\/wp-content\/uploads\/2017\/06\/Firma-Convenio-ECU-5-300x179.jpg\" alt=\"Firma Convenio ECU 5\" width=\"300\" height=\"179\" \/><\/a><\/p>\n","protected":false},"excerpt":{"rendered":"<p>En la ma\u00f1ana del mi\u00e9rcoles, en el 4to Piso del Centro C\u00edvico y contando con la presencia de casi doscientos chicos representando a unas veinte escuelas secundarias de Concordia, se realiz\u00f3 la firma del Convenio de Cooperaci\u00f3n entre la Comisi\u00f3n Administradora para el Fondo Especial de Salto Grande (CAFESG), representada por su presidente, Alejandro Casa\u00f1as, [&hellip;]<\/p>\n","protected":false},"author":5,"featured_media":0,"comment_status":"open","ping_status":"open","sticky":false,"template":"","format":"standard","meta":{"footnotes":""},"categories":[15],"tags":[],"class_list":["post-5456","post","type-post","status-publish","format-standard","hentry","category-noticias"],"_links":{"self":[{"href":"https:\/\/cafesg.gob.ar\/cafesg2\/wp-json\/wp\/v2\/posts\/5456","targetHints":{"allow":["GET"]}}],"collection":[{"href":"https:\/\/cafesg.gob.ar\/cafesg2\/wp-json\/wp\/v2\/posts"}],"about":[{"href":"https:\/\/cafesg.gob.ar\/cafesg2\/wp-json\/wp\/v2\/types\/post"}],"author":[{"embeddable":true,"href":"https:\/\/cafesg.gob.ar\/cafesg2\/wp-json\/wp\/v2\/users\/5"}],"replies":[{"embeddable":true,"href":"https:\/\/cafesg.gob.ar\/cafesg2\/wp-json\/wp\/v2\/comments?post=5456"}],"version-history":[{"count":0,"href":"https:\/\/cafesg.gob.ar\/cafesg2\/wp-json\/wp\/v2\/posts\/5456\/revisions"}],"wp:attachment":[{"href":"https:\/\/cafesg.gob.ar\/cafesg2\/wp-json\/wp\/v2\/media?parent=5456"}],"wp:term":[{"taxonomy":"category","embeddable":true,"href":"https:\/\/cafesg.gob.ar\/cafesg2\/wp-json\/wp\/v2\/categories?post=5456"},{"taxonomy":"post_tag","embeddable":true,"href":"https:\/\/cafesg.gob.ar\/cafesg2\/wp-json\/wp\/v2\/tags?post=5456"}],"curies":[{"name":"wp","href":"https:\/\/api.w.org\/{rel}","templated":true}]}}