 {"id":5441,"date":"2017-06-07T22:44:08","date_gmt":"2017-06-08T01:44:08","guid":{"rendered":"http:\/\/www.cafesg.gob.ar\/web\/?p=5441"},"modified":"2017-06-07T22:44:08","modified_gmt":"2017-06-08T01:44:08","slug":"cafesg-realizara-este-viernes-una-jornada-de-capacitacion-sobre-olimpiadas-especiales","status":"publish","type":"post","link":"https:\/\/cafesg.gob.ar\/cafesg2\/cafesg-realizara-este-viernes-una-jornada-de-capacitacion-sobre-olimpiadas-especiales\/","title":{"rendered":"CAFESG realizar\u00e1 este viernes una jornada de capacitaci\u00f3n sobre olimp\u00edadas especiales"},"content":{"rendered":"<p><em>Las actividades se dan en el marco de la proximidad del D\u00eda Ol\u00edmpico Mundial<\/em><\/p>\n<p>La Comisi\u00f3n Administradora para el Fondo Especial de Salto Grande (CAFESG) conjuntamente con Nuevas Olimp\u00edadas Especiales Argentina regi\u00f3n Concordia, realizar\u00e1n este viernes una jornada de capacitaci\u00f3n sobre Ol\u00edmp\u00edadas Especiales.<\/p>\n<p>La charla estar\u00e1 a cargo del Lic. Fabio Haedo, quien es coordinador deportivo nacional de olimp\u00edadas, y se desarrollar\u00e1 desde las 14,30 hasta las 20 horas en el 4to piso del Centro C\u00edvico de la ciudad de Concordia. Dentro de los temas previstos por el disertante se encuentran Special Olympics international: historia, su importancia coro entidad integradora, filosof\u00eda, conceptos, etc.; funcionamiento de Olimpiadas Especiales Argentina; deportes unificados: bases e importancia social; organizaci\u00f3n de eventos: puntos clave, previsi\u00f3n, planificaci\u00f3n, organizaci\u00f3n, integraci\u00f3n, equipo de trabajo, comit\u00e9 organizador; presentaci\u00f3n del deporte \u201cbochas\u201d.<\/p>\n<p>El curso estar\u00e1 destinado a profesores de educaci\u00f3n f\u00edsica que desarrollen tareas en reparticiones municipales y\/o escuelas especiales, talleres, colonias, centros de d\u00edas, etc., docentes de educaci\u00f3n especial en general; personas que desempe\u00f1en tareas con personas con discapacidad; alumnos de los \u00faltimos a\u00f1os de los profesorados afines a la tem\u00e1tica; profesores de direcciones de deportes municipales. La entrada es libre y gratuita y cuenta con Disposici\u00f3n 024\/17 del Consejo General de Educaci\u00f3n.<\/p>\n<p>CAFESG y Nuevas Olimp\u00edadas Especiales Argentina vienen trabajando en forma conjunta con el objetivo de fomentar la inclusi\u00f3n de las personas con discapacidad intelectual en distintos \u00e1mbitos de la sociedad, en especial el deportivo, bajo condiciones de igualdad que les permitan ser aceptados y respetados por sus capacidades, proporcion\u00e1ndoles entrenamientos y competiciones deportivas durante todo el a\u00f1o en sus distintas variantes con un neto de corte ol\u00edmpico, a fin de que puedan desarrollar \u00a0su potencial f\u00edsico, elevar su autoestima y mejorar su calidad de vida.<\/p>\n<p><strong>Liga de F\u00fatbol 5 Especial con Gustavo Bou de padrino<\/strong><\/p>\n<p>Dentro de las actividades que se vienen desarrollando el viernes 2 arranc\u00f3 la \u201cLiga Regional de F\u00fatbol 5 especial\u201d, en esta jornada se realizaron testeos de nivelaci\u00f3n de los deportistas en el club Salto Grande y se realiz\u00f3 el acto de apertura en las instalaciones de AIADRES, donde participaron m\u00e1s de 100 atletas de distintas instituciones \u00a0de Concordia y\u00a0\u00a0 \u00a0la escuela integral n\u00b016 Arturo Illia de la ciudad de Federaci\u00f3n con m\u00e1s de 35 chicos. Adem\u00e1s, por la tarde, en el 4to piso del Centro C\u00edvico se present\u00f3 al padrino de la competencia, el jugador del Racing Club de Avellaneda y uno de los principales animadores del f\u00fatbol de primera divisi\u00f3n en Argentina, el oriundo de Concordia, Gustavo Bou.<\/p>\n<p>En la oportunidad se vivieron momentos muy emotivos donde el jugador interactu\u00f3 con los chicos, los cuales le hicieron preguntas y le expresaron su cari\u00f1o y agradecimiento por acompa\u00f1arlos, adem\u00e1s lo comprometieron para que en la pr\u00f3xima comparta con ellos algunos partidos. Es importante resaltar el compromiso de Bou para con los chicos ya que vino desde la ciudad de Buenos Aires exclusivamente para esta actividad.<\/p>\n<p>El delantero de Racing manifest\u00f3 durante el evento su agradecimiento por la invitaci\u00f3n y dijo estar \u201cmuy contento de estar ac\u00e1 y compartir con ustedes, ya me toc\u00f3 el a\u00f1o pasado y he vuelto porque la verdad que yo a estas cosas las disfruto mucho, yo tambi\u00e9n fui chico como ustedes, ten\u00eda el sue\u00f1o de poder estar donde estoy, siempre tuve eso en la mente y nada ni nadie me lo sac\u00f3, creo que eso es fundamental\u00a0 para poder salir adelante, los sue\u00f1os nunca\u00a0 tienen que perderse\u201d dijo emocionado el deportista.<\/p>\n<p>Bou confes\u00f3 que adem\u00e1s \u201cdisfruto que me inviten a ser padrino de Olimpiadas y de poder estar con ustedes, me llena de alegr\u00eda, hoy un chico me pidi\u00f3 una foto y me temblaban las manos porque para m\u00ed es algo muy lindo que la gente de Concordia me reconozca y que hoy me pida una foto porque es algo que yo siempre so\u00f1\u00e9, siempre quise y lo disfruto mucho.<\/p>\n<p>Por \u00faltimo Gustavo Bou alentando a los chicos les dijo que \u201cno solo el futbol sino todos los deportes te sacan de lo malo, te liberan la cabeza y eso hay que tenerlo en cuenta, en cualquier momento de la vida\u201d finaliz\u00f3.<\/p>\n<p><a href=\"https:\/\/www.cafesg.gob.ar\/cafesg2\/wp-content\/uploads\/2017\/06\/olimp\u00edadas-espciales-2.jpeg\"><img loading=\"lazy\" decoding=\"async\" class=\"alignnone size-medium wp-image-5442\" src=\"https:\/\/www.cafesg.gob.ar\/cafesg2\/wp-content\/uploads\/2017\/06\/olimp\u00edadas-espciales-2-168x300.jpeg\" alt=\"olimp\u00edadas espciales 2\" width=\"168\" height=\"300\" \/><\/a> <a href=\"https:\/\/www.cafesg.gob.ar\/cafesg2\/wp-content\/uploads\/2017\/06\/olimp\u00edadas-espciales-7.jpeg\"><img loading=\"lazy\" decoding=\"async\" class=\"alignnone size-medium wp-image-5447\" src=\"https:\/\/www.cafesg.gob.ar\/cafesg2\/wp-content\/uploads\/2017\/06\/olimp\u00edadas-espciales-7-224x300.jpeg\" alt=\"olimp\u00edadas espciales 7\" width=\"224\" height=\"300\" \/><\/a> <a href=\"https:\/\/www.cafesg.gob.ar\/cafesg2\/wp-content\/uploads\/2017\/06\/olimp\u00edadas-espciales-6.jpeg\"><img loading=\"lazy\" decoding=\"async\" class=\"alignnone size-medium wp-image-5446\" src=\"https:\/\/www.cafesg.gob.ar\/cafesg2\/wp-content\/uploads\/2017\/06\/olimp\u00edadas-espciales-6-300x224.jpeg\" alt=\"olimp\u00edadas espciales 6\" width=\"300\" height=\"224\" \/><\/a> <a href=\"https:\/\/www.cafesg.gob.ar\/cafesg2\/wp-content\/uploads\/2017\/06\/olimp\u00edadas-espciales-5.jpeg\"><img loading=\"lazy\" decoding=\"async\" class=\"alignnone size-medium wp-image-5445\" src=\"https:\/\/www.cafesg.gob.ar\/cafesg2\/wp-content\/uploads\/2017\/06\/olimp\u00edadas-espciales-5-300x224.jpeg\" alt=\"olimp\u00edadas espciales 5\" width=\"300\" height=\"224\" \/><\/a> <a href=\"https:\/\/www.cafesg.gob.ar\/cafesg2\/wp-content\/uploads\/2017\/06\/olimp\u00edadas-espciales-3.jpeg\"><img loading=\"lazy\" decoding=\"async\" class=\"alignnone size-medium wp-image-5443\" src=\"https:\/\/www.cafesg.gob.ar\/cafesg2\/wp-content\/uploads\/2017\/06\/olimp\u00edadas-espciales-3-300x229.jpeg\" alt=\"olimp\u00edadas espciales 3\" width=\"300\" height=\"229\" \/><\/a><\/p>\n","protected":false},"excerpt":{"rendered":"<p>Las actividades se dan en el marco de la proximidad del D\u00eda Ol\u00edmpico Mundial La Comisi\u00f3n Administradora para el Fondo Especial de Salto Grande (CAFESG) conjuntamente con Nuevas Olimp\u00edadas Especiales Argentina regi\u00f3n Concordia, realizar\u00e1n este viernes una jornada de capacitaci\u00f3n sobre Ol\u00edmp\u00edadas Especiales. La charla estar\u00e1 a cargo del Lic. Fabio Haedo, quien es coordinador [&hellip;]<\/p>\n","protected":false},"author":5,"featured_media":0,"comment_status":"open","ping_status":"open","sticky":false,"template":"","format":"standard","meta":{"footnotes":""},"categories":[15],"tags":[],"class_list":["post-5441","post","type-post","status-publish","format-standard","hentry","category-noticias"],"_links":{"self":[{"href":"https:\/\/cafesg.gob.ar\/cafesg2\/wp-json\/wp\/v2\/posts\/5441","targetHints":{"allow":["GET"]}}],"collection":[{"href":"https:\/\/cafesg.gob.ar\/cafesg2\/wp-json\/wp\/v2\/posts"}],"about":[{"href":"https:\/\/cafesg.gob.ar\/cafesg2\/wp-json\/wp\/v2\/types\/post"}],"author":[{"embeddable":true,"href":"https:\/\/cafesg.gob.ar\/cafesg2\/wp-json\/wp\/v2\/users\/5"}],"replies":[{"embeddable":true,"href":"https:\/\/cafesg.gob.ar\/cafesg2\/wp-json\/wp\/v2\/comments?post=5441"}],"version-history":[{"count":0,"href":"https:\/\/cafesg.gob.ar\/cafesg2\/wp-json\/wp\/v2\/posts\/5441\/revisions"}],"wp:attachment":[{"href":"https:\/\/cafesg.gob.ar\/cafesg2\/wp-json\/wp\/v2\/media?parent=5441"}],"wp:term":[{"taxonomy":"category","embeddable":true,"href":"https:\/\/cafesg.gob.ar\/cafesg2\/wp-json\/wp\/v2\/categories?post=5441"},{"taxonomy":"post_tag","embeddable":true,"href":"https:\/\/cafesg.gob.ar\/cafesg2\/wp-json\/wp\/v2\/tags?post=5441"}],"curies":[{"name":"wp","href":"https:\/\/api.w.org\/{rel}","templated":true}]}}