 {"id":5420,"date":"2017-05-30T22:52:04","date_gmt":"2017-05-31T01:52:04","guid":{"rendered":"http:\/\/www.cafesg.gob.ar\/web\/?p=5420"},"modified":"2017-05-30T22:52:04","modified_gmt":"2017-05-31T01:52:04","slug":"casanas-inauguro-un-nuevo-ciclo-del-museo-interactivo-de-ciencias-de-cafesg","status":"publish","type":"post","link":"https:\/\/cafesg.gob.ar\/cafesg2\/casanas-inauguro-un-nuevo-ciclo-del-museo-interactivo-de-ciencias-de-cafesg\/","title":{"rendered":"Casa\u00f1as inaugur\u00f3 un nuevo ciclo del Museo Interactivo de Ciencias de CAFESG"},"content":{"rendered":"<p><em>Un espacio educativo de recreaci\u00f3n y conocimiento basado en la interactividad con m\u00e1s de setenta mil visitas desde su apertura <\/em><\/p>\n<p>&nbsp;<\/p>\n<p>El presidente de la Comisi\u00f3n Administradora para el Fondo Especial de Salto Grande (CAFESG), Alejandro Casa\u00f1as, junto al decano de la Facultad de Ciencias de la Alimentaci\u00f3n (UNER), Gustavo Teira; al vicedecano de la Facultad de Ciencias de la Administraci\u00f3n (UNER), Atilio Fournier y al representante de la Universidad Tecnol\u00f3gica Nacional (UTN) Regional Concordia, Carlos Blanc, realiz\u00f3 el lanzamiento de un nuevo ciclo del Museo Interactivo de Ciencias (MIC) de CAFESG.<\/p>\n<p>El MIC, presenta en este nuevo per\u00edodo setenta dispositivos relacionados con fen\u00f3menos de \u00f3ptica, percepci\u00f3n, sonido, fluidos, mec\u00e1nica, magnetismo, electricidad, qu\u00edmica, matem\u00e1tica y biolog\u00eda. Se muestra y se experimenta con principios de la ciencia en forma atractiva que explican lo que sucede a nuestro alrededor. Para esta nueva etapa se cuenta con nueve becarios de las tres facultades de la ciudad de Concordia para la atenci\u00f3n a los visitantes y explicaci\u00f3n de las diferentes experiencias y fen\u00f3menos cient\u00edficos, destacando que la participaci\u00f3n de las actividades es libre o guiada, exploratoria, informativa y l\u00fadica.<\/p>\n<p>Para el presidente de CAFESG, Alejandro Casa\u00f1as \u201cen este museo lo que estamos tratando de hacer son buenos ciudadanos a los cuales se les despierte el amor por la ciencia\u201d.<\/p>\n<p>Asimismo, Casa\u00f1as cont\u00f3 c\u00f3mo \u201canalizando con el Gobernador Gustavo Bordet la relevancia nacional del Museo de Ciencias se decidi\u00f3 hacerlo funcionar, vimos c\u00f3mo esto es producto del amor que se puso para trabajar y difundir el saber, hac\u00eda falta capital por supuesto, porque como todos saben CAFESG est\u00e1 siendo desfinanciada, entonces, como esto es m\u00e1s grande que cualquier mezquindad, acudimos a nuestras usinas del conocimiento, las facultades de nuestra ciudad, y all\u00ed encontramos una respuesta y una disposici\u00f3n inmediata a poner esto en funcionamiento, llegamos a un acuerdo, lo empezamos a trabajar y el resultado es que a partir de hoy miles de chicos y j\u00f3venes de Concordia pasar\u00e1n por aqu\u00ed a descubrir la maravilla de las ciencas\u201d.<\/p>\n<p>Por \u00faltimo, Casa\u00f1as insisti\u00f3 en \u201ctransmitir el orgullo que uno siente de las facultades que est\u00e1n en Concordia, de la excelencia acad\u00e9mica y del compromiso social que tienen, hoy relanzamos este Museo porque estamos todos juntos peleando para que esto contin\u00fae, tambi\u00e9n porque las facultades abrieron las puertas de sus claustros y salieron al encuentro de la comunidad, y el mismo orgullo sentimos desde el Directorio de CAFESG por nuestro personal, que no claudica en ning\u00fan momento, aportando conocimientos, empe\u00f1o e ideas para que el organismo siga tan vigente como siempre; y en ese sentido agradecer profundamente al gobernador Bordet por la decisi\u00f3n pol\u00edtica de aportar, mes a mes, los fondos no solo para que decenas de familias conserven sus fuentes de trabajo, sino tambi\u00e9n para que miles de entrerrianos en toda la provincia se beneficien con el accionar de CAEFSG\u201d.<\/p>\n<p>Por su parte, el decano de la Facultad de Ciencias de la Alimentaci\u00f3n (UNER), Gustavo Teira manifest\u00f3 \u201cla inmensa satisfacci\u00f3n que tenemos de parte de nuestra universidad de poder participar en esta actividad, quiero transmitirles en ese sentido el agradecimiento del rector de UNER, Gerardo Gerard por haberlo convocado a participar y mantener esta, una de las actividades que no tengo dudas va a trascender el \u00e1mbito local y regional por la importancia que tiene, y es una de las muchas actividades que se pueden realizar, pero sin duda una de las m\u00e1s importantes para motivar a nuestros chicos y j\u00f3venes a que toda la gente entienda c\u00f3mo funciona toda esa tecnolog\u00eda que utilizamos a diario y pensamos que es de una alta complejidad, muchas veces no lo son, son cosas simples que con solo verlas y comprenderlas le damos otra dimensi\u00f3n a su importancia\u201d.<\/p>\n<p>A su turno vicedecano de la Facultad de Ciencias de la Administraci\u00f3n (UNER), Atilio Fournier agradeci\u00f3 la invitaci\u00f3n que \u201chemos tenido en nombre de nuestro decano, apoyando firmemente toda esta iniciativa tan importante que hace a la difusi\u00f3n de las ciencias; estamos viviendo cada vez m\u00e1s en un mundo donde el conocimiento es trascendente, y estas iniciativas van en pos de ese camino, de incrementar el conocimiento, donde nuestra regi\u00f3n, nuestro pa\u00eds est\u00e1 tan deseoso de esas actividades\u201d.<\/p>\n<p>En tanto, para Carlos Blanc, ingeniero de UTN, quien hizo referencia a uno de los programas que tambi\u00e9n lleva adelante CAFESG y que se denomina \u201c<em>Democratizaci\u00f3n de la ciencia\u201d,<\/em> \u201ceso resume de alguna manera lo que se pretende hacer con este emprendimiento, CAFESG siempre ha puesto much\u00edsimos recursos, hoy le toca administrar menos pero no se nos van a caer las ideas ni las fuerzas para que esto siga adelante; la democratizaci\u00f3n de la ciencia significa que el conocimiento llegue hasta los peque\u00f1os que m\u00e1s alejados est\u00e1n de los centros de divulgaci\u00f3n, entonces que puedan venir ac\u00e1 cientos de chicos, y que algunos de ellos, as\u00ed sean diez, decidan estudiar ciencias ya est\u00e1 cumplido con creces el objetivo de esto\u201d.<\/p>\n<p>Para finalizar Blanc lament\u00f3 que \u201cmuchos laboratorios de las escuelas secundarias est\u00e9n cerrados, algunos por falta de recursos y otros por falta de esfuerzo, y es en ese punto que este Museo Interactivo de Ciencias de CAFESG cumple un rol fundamental\u201d.<\/p>\n<p>El MIC es para todo p\u00fablico, los ni\u00f1os, ni\u00f1as, j\u00f3venes y adultos son participes necesarios frente a los desaf\u00edos que la muestra propone, el mismo funciona en el Primer Piso del Centro C\u00edvico de la ciudad de Concordia los d\u00edas lunes a mi\u00e9rcoles de 8 a 12 horas y los jueves y viernes de 13,30 a 17,30 horas con entrada libre y gratuita.<\/p>\n<p><a href=\"https:\/\/www.cafesg.gob.ar\/cafesg2\/wp-content\/uploads\/2017\/05\/Apertura-MIC-1.jpeg\"><img loading=\"lazy\" decoding=\"async\" class=\"alignnone size-medium wp-image-5421\" src=\"https:\/\/www.cafesg.gob.ar\/cafesg2\/wp-content\/uploads\/2017\/05\/Apertura-MIC-1-300x224.jpeg\" alt=\"Apertura MIC 1\" width=\"300\" height=\"224\" \/><\/a> <a href=\"https:\/\/www.cafesg.gob.ar\/cafesg2\/wp-content\/uploads\/2017\/05\/Apertura-MIC-2.jpg\"><img loading=\"lazy\" decoding=\"async\" class=\"alignnone size-medium wp-image-5422\" src=\"https:\/\/www.cafesg.gob.ar\/cafesg2\/wp-content\/uploads\/2017\/05\/Apertura-MIC-2-225x300.jpg\" alt=\"Apertura MIC 2\" width=\"225\" height=\"300\" \/><\/a> <a href=\"https:\/\/www.cafesg.gob.ar\/cafesg2\/wp-content\/uploads\/2017\/05\/Apertura-MIC-7.jpg\"><img loading=\"lazy\" decoding=\"async\" class=\"alignnone size-medium wp-image-5427\" src=\"https:\/\/www.cafesg.gob.ar\/cafesg2\/wp-content\/uploads\/2017\/05\/Apertura-MIC-7-300x225.jpg\" alt=\"Apertura MIC 7\" width=\"300\" height=\"225\" \/><\/a> <a href=\"https:\/\/www.cafesg.gob.ar\/cafesg2\/wp-content\/uploads\/2017\/05\/Apertura-MIC-6.jpeg\"><img loading=\"lazy\" decoding=\"async\" class=\"alignnone size-medium wp-image-5426\" src=\"https:\/\/www.cafesg.gob.ar\/cafesg2\/wp-content\/uploads\/2017\/05\/Apertura-MIC-6-300x224.jpeg\" alt=\"Apertura MIC 6\" width=\"300\" height=\"224\" \/><\/a> <a href=\"https:\/\/www.cafesg.gob.ar\/cafesg2\/wp-content\/uploads\/2017\/05\/Apertura-MIC-5.jpeg\"><img loading=\"lazy\" decoding=\"async\" class=\"alignnone size-medium wp-image-5425\" src=\"https:\/\/www.cafesg.gob.ar\/cafesg2\/wp-content\/uploads\/2017\/05\/Apertura-MIC-5-224x300.jpeg\" alt=\"Apertura MIC 5\" width=\"224\" height=\"300\" \/><\/a> <a href=\"https:\/\/www.cafesg.gob.ar\/cafesg2\/wp-content\/uploads\/2017\/05\/Apertura-MIC-4.jpg\"><img loading=\"lazy\" decoding=\"async\" class=\"alignnone size-medium wp-image-5424\" src=\"https:\/\/www.cafesg.gob.ar\/cafesg2\/wp-content\/uploads\/2017\/05\/Apertura-MIC-4-300x225.jpg\" alt=\"Apertura MIC 4\" width=\"300\" height=\"225\" \/><\/a> <a href=\"https:\/\/www.cafesg.gob.ar\/cafesg2\/wp-content\/uploads\/2017\/05\/Apertura-MIC-3.jpg\"><img loading=\"lazy\" decoding=\"async\" class=\"alignnone size-medium wp-image-5423\" src=\"https:\/\/www.cafesg.gob.ar\/cafesg2\/wp-content\/uploads\/2017\/05\/Apertura-MIC-3-168x300.jpg\" alt=\"Apertura MIC 3\" width=\"168\" height=\"300\" \/><\/a><\/p>\n<p>&nbsp;<\/p>\n","protected":false},"excerpt":{"rendered":"<p>Un espacio educativo de recreaci\u00f3n y conocimiento basado en la interactividad con m\u00e1s de setenta mil visitas desde su apertura &nbsp; El presidente de la Comisi\u00f3n Administradora para el Fondo Especial de Salto Grande (CAFESG), Alejandro Casa\u00f1as, junto al decano de la Facultad de Ciencias de la Alimentaci\u00f3n (UNER), Gustavo Teira; al vicedecano de la [&hellip;]<\/p>\n","protected":false},"author":5,"featured_media":0,"comment_status":"open","ping_status":"open","sticky":false,"template":"","format":"standard","meta":{"footnotes":""},"categories":[15],"tags":[],"class_list":["post-5420","post","type-post","status-publish","format-standard","hentry","category-noticias"],"_links":{"self":[{"href":"https:\/\/cafesg.gob.ar\/cafesg2\/wp-json\/wp\/v2\/posts\/5420","targetHints":{"allow":["GET"]}}],"collection":[{"href":"https:\/\/cafesg.gob.ar\/cafesg2\/wp-json\/wp\/v2\/posts"}],"about":[{"href":"https:\/\/cafesg.gob.ar\/cafesg2\/wp-json\/wp\/v2\/types\/post"}],"author":[{"embeddable":true,"href":"https:\/\/cafesg.gob.ar\/cafesg2\/wp-json\/wp\/v2\/users\/5"}],"replies":[{"embeddable":true,"href":"https:\/\/cafesg.gob.ar\/cafesg2\/wp-json\/wp\/v2\/comments?post=5420"}],"version-history":[{"count":0,"href":"https:\/\/cafesg.gob.ar\/cafesg2\/wp-json\/wp\/v2\/posts\/5420\/revisions"}],"wp:attachment":[{"href":"https:\/\/cafesg.gob.ar\/cafesg2\/wp-json\/wp\/v2\/media?parent=5420"}],"wp:term":[{"taxonomy":"category","embeddable":true,"href":"https:\/\/cafesg.gob.ar\/cafesg2\/wp-json\/wp\/v2\/categories?post=5420"},{"taxonomy":"post_tag","embeddable":true,"href":"https:\/\/cafesg.gob.ar\/cafesg2\/wp-json\/wp\/v2\/tags?post=5420"}],"curies":[{"name":"wp","href":"https:\/\/api.w.org\/{rel}","templated":true}]}}