 {"id":5411,"date":"2017-05-28T21:42:16","date_gmt":"2017-05-29T00:42:16","guid":{"rendered":"http:\/\/www.cafesg.gob.ar\/web\/?p=5411"},"modified":"2017-05-28T21:42:16","modified_gmt":"2017-05-29T00:42:16","slug":"gran-concurrencia-a-charla-sobre-uso-medicinal-del-cannabis-organizada-por-cafesg-y-aduc","status":"publish","type":"post","link":"https:\/\/cafesg.gob.ar\/cafesg2\/gran-concurrencia-a-charla-sobre-uso-medicinal-del-cannabis-organizada-por-cafesg-y-aduc\/","title":{"rendered":"Gran concurrencia a charla sobre \u201cUso medicinal del cannabis\u201d organizada por CAFESG y ADUC"},"content":{"rendered":"<p><em>M\u00e1s de 300 personas de todas las edades colmaron el 4<sup>to<\/sup> piso del Centro C\u00edvico<\/em><\/p>\n<p>&nbsp;<\/p>\n<p>Con la presencia de m\u00e1s de trescientas personas, superando cualquier expectativa, se realiz\u00f3 el s\u00e1bado por la tarde la charla abierta y gratuita organizada por la Comisi\u00f3n Administradora para el Fondo Especial de Salto Grande (CAFESG) y la Asociaci\u00f3n de Discapacitados Unidos de Concordia (ADUC), en el 4<sup>to<\/sup> piso del Centro C\u00edvico, sobre \u201cUSO MEDICINAL DEL CANABIS\u201d\u00a0 a cargo del Dr. Carlos Laje, promotor, fundador y director de la \u201cCl\u00ednica del Cannabis\u201d de la ciudad de C\u00f3rdoba y de veintiocho cl\u00ednicas m\u00e1s en doce provincias del territorio nacional.<\/p>\n<p>Carlos Laje se mostr\u00f3 \u201cagradecido a los organizadores y sorprendido por la respuesta de la gente, hace m\u00e1s de un a\u00f1o que venimos recorriendo m\u00e1s de cuarenta ciudades de todo el pa\u00eds, y cada vez crece m\u00e1s la expectativa por saber de qu\u00e9 se trata el cannabis medicinal, c\u00f3mo act\u00faa en nuestro cuerpo y c\u00f3mo puede ser una medicina o un suplemento dietario que complemente a otros tratamientos y que fundamentalmente mejore nuestra calidad de vida\u201d.<\/p>\n<p>En relaci\u00f3n con el marco normativo legal vigente en nuestro pa\u00eds el m\u00e9dico se\u00f1al\u00f3 adem\u00e1s que \u201chay que reconocer que el hecho de que tengamos una ley a punto de reglamentarse ha sido un avance fundamentalmente desde el punto de vista cultural, me preocupa un poco desde el punto de vista sanitario, en ese sentido espero que la reglamentaci\u00f3n tenga en cuenta todo lo que tiene que ver con el acceso tanto geogr\u00e1fico como econ\u00f3mico de la sustancia porque si sigue como hoy solamente ser\u00e1 accesible para el que lo pueda pagar mediante la importaci\u00f3n\u201d.<\/p>\n<p>Cuando se lo consult\u00f3 sobre la evidencia cient\u00edfica que respalda este tipo de tratamientos, Laje\u00a0 manifest\u00f3 que \u201clo que siempre digo para las personas que ponen en tela de juicio o dudan un poco con alg\u00fan prejuicio el tema de la evidencia cient\u00edfica es que lo primero que tendr\u00edan que hacer es remontarse a la d\u00e9cada del noventa y estudiar lo que es el sistema endocanabinoide y a partir de all\u00ed podr\u00e1n entender un poco mejor qu\u00e9 hace el cannabis cuando entra al cuerpo; por otro lado siempre lo planteo, cuando le piden evidencia cient\u00edfica a la argentina o nos piden eso a los m\u00e9dicos es imposible porque hasta hace pocos meses esto era prohibido entonces no podemos hacer investigaci\u00f3n con una sustancia prohibida\u201d.<\/p>\n<p>Sobre el mismo aspecto el profesional oriundo de C\u00f3rdoba agreg\u00f3 que \u201chay m\u00e1s de cuatro mil trabajos de investigaci\u00f3n con m\u00e1s de veinte pa\u00edses en todo el mundo que tienen legalizado el uso del cannabis medicinal as\u00ed que cualquier persona, sobre todo si es profesional de la salud si quiere encontrar informaci\u00f3n lo puede hacer sin problemas\u201d.<\/p>\n<p>Por \u00faltimo, sobre el surgimiento de las veintiocho cl\u00ednicas que hay actualmente en nuestro pa\u00eds, todas surgidas a partir de la primera Cl\u00ednica Cann\u00e1bica en C\u00f3rdoba, bajo su conducci\u00f3n, Carlos Laje expres\u00f3 que las mismas \u201dson una respuesta a las demandas de la sociedad que ven\u00eda escuchando mucho sobre este tema pero no sab\u00eda d\u00f3nde buscar informaci\u00f3n acerca de qu\u00e9 tipo variedad de cannabis usar, en qu\u00e9 dosis o mediante qu\u00e9 v\u00edas de administraci\u00f3n usarlo, as\u00ed que lo buscamos fundamentalmente es acercar esta informaci\u00f3n que hoy no est\u00e1 en la gran mayor\u00eda de los profesionales de la salud\u201d.<\/p>\n<p>Por su parte, Diego Lascurain, vocal del Directorio de CAFESG, manifest\u00f3 que \u201cnuevamente esto es una articulaci\u00f3n p\u00fablico privada entre CAFESG y en este caso ADUC, que es una asociaci\u00f3n con la que venimos trabajando hace un tiempo, donde desde nuestro organismo buscamos contribuir con informaci\u00f3n a la sociedad sobre temas de este tipo, siguiendo las directivas del gobernador Gustavo Bordet de que los cambios antes que nada deben ser culturales y para ello es fundamental el acceso al conocimiento, y en eso CAFESG asume su rol en la regi\u00f3n\u201d.<\/p>\n<p>Entre el p\u00fablico se pudo ver j\u00f3venes, adultos mayores, personas con discapacidad, padres y familiares de personas discapacitadas, profesionales de la salud, docentes y p\u00fablico en general atra\u00eddos por obtener m\u00e1s conocimientos sobre una tem\u00e1tica que despierta cada vez m\u00e1s inter\u00e9s en la gente.<\/p>\n<p>Luego de su exposici\u00f3n Laje respondi\u00f3 durante m\u00e1s de una hora las consultas del p\u00fablico presente, en muchos casos parados y sentados en el piso debido a la gran concurrencia, colmando todo esto las expectativas de los organizadores.<\/p>\n<p><a href=\"https:\/\/www.cafesg.gob.ar\/cafesg2\/wp-content\/uploads\/2017\/05\/Charla-cannabis-1.jpeg\"><img loading=\"lazy\" decoding=\"async\" class=\"alignnone size-medium wp-image-5412\" src=\"https:\/\/www.cafesg.gob.ar\/cafesg2\/wp-content\/uploads\/2017\/05\/Charla-cannabis-1-300x224.jpeg\" alt=\"Charla cannabis 1\" width=\"300\" height=\"224\" \/><\/a> <a href=\"https:\/\/www.cafesg.gob.ar\/cafesg2\/wp-content\/uploads\/2017\/05\/Charla-cannabis-3.jpeg\"><img loading=\"lazy\" decoding=\"async\" class=\"alignnone size-medium wp-image-5414\" src=\"https:\/\/www.cafesg.gob.ar\/cafesg2\/wp-content\/uploads\/2017\/05\/Charla-cannabis-3-300x224.jpeg\" alt=\"Charla cannabis 3\" width=\"300\" height=\"224\" \/><\/a> <a href=\"https:\/\/www.cafesg.gob.ar\/cafesg2\/wp-content\/uploads\/2017\/05\/Charla-cannabis-4.jpeg\"><img loading=\"lazy\" decoding=\"async\" class=\"alignnone size-medium wp-image-5415\" src=\"https:\/\/www.cafesg.gob.ar\/cafesg2\/wp-content\/uploads\/2017\/05\/Charla-cannabis-4-300x224.jpeg\" alt=\"Charla cannabis 4\" width=\"300\" height=\"224\" \/><\/a> <a href=\"https:\/\/www.cafesg.gob.ar\/cafesg2\/wp-content\/uploads\/2017\/05\/Charla-cannabis-6.jpeg\"><img loading=\"lazy\" decoding=\"async\" class=\"alignnone size-medium wp-image-5417\" src=\"https:\/\/www.cafesg.gob.ar\/cafesg2\/wp-content\/uploads\/2017\/05\/Charla-cannabis-6-300x224.jpeg\" alt=\"Charla cannabis 6\" width=\"300\" height=\"224\" \/><\/a><\/p>\n","protected":false},"excerpt":{"rendered":"<p>M\u00e1s de 300 personas de todas las edades colmaron el 4to piso del Centro C\u00edvico &nbsp; Con la presencia de m\u00e1s de trescientas personas, superando cualquier expectativa, se realiz\u00f3 el s\u00e1bado por la tarde la charla abierta y gratuita organizada por la Comisi\u00f3n Administradora para el Fondo Especial de Salto Grande (CAFESG) y la Asociaci\u00f3n [&hellip;]<\/p>\n","protected":false},"author":5,"featured_media":0,"comment_status":"open","ping_status":"open","sticky":false,"template":"","format":"standard","meta":{"footnotes":""},"categories":[15],"tags":[],"class_list":["post-5411","post","type-post","status-publish","format-standard","hentry","category-noticias"],"_links":{"self":[{"href":"https:\/\/cafesg.gob.ar\/cafesg2\/wp-json\/wp\/v2\/posts\/5411","targetHints":{"allow":["GET"]}}],"collection":[{"href":"https:\/\/cafesg.gob.ar\/cafesg2\/wp-json\/wp\/v2\/posts"}],"about":[{"href":"https:\/\/cafesg.gob.ar\/cafesg2\/wp-json\/wp\/v2\/types\/post"}],"author":[{"embeddable":true,"href":"https:\/\/cafesg.gob.ar\/cafesg2\/wp-json\/wp\/v2\/users\/5"}],"replies":[{"embeddable":true,"href":"https:\/\/cafesg.gob.ar\/cafesg2\/wp-json\/wp\/v2\/comments?post=5411"}],"version-history":[{"count":0,"href":"https:\/\/cafesg.gob.ar\/cafesg2\/wp-json\/wp\/v2\/posts\/5411\/revisions"}],"wp:attachment":[{"href":"https:\/\/cafesg.gob.ar\/cafesg2\/wp-json\/wp\/v2\/media?parent=5411"}],"wp:term":[{"taxonomy":"category","embeddable":true,"href":"https:\/\/cafesg.gob.ar\/cafesg2\/wp-json\/wp\/v2\/categories?post=5411"},{"taxonomy":"post_tag","embeddable":true,"href":"https:\/\/cafesg.gob.ar\/cafesg2\/wp-json\/wp\/v2\/tags?post=5411"}],"curies":[{"name":"wp","href":"https:\/\/api.w.org\/{rel}","templated":true}]}}