 {"id":5402,"date":"2017-05-26T22:06:30","date_gmt":"2017-05-27T01:06:30","guid":{"rendered":"http:\/\/www.cafesg.gob.ar\/web\/?p=5402"},"modified":"2017-05-26T22:06:30","modified_gmt":"2017-05-27T01:06:30","slug":"cafesg-concreto-una-exitosa-jornada-de-ecocanje-en-colonia-ayui","status":"publish","type":"post","link":"https:\/\/cafesg.gob.ar\/cafesg2\/cafesg-concreto-una-exitosa-jornada-de-ecocanje-en-colonia-ayui\/","title":{"rendered":"CAFESG concret\u00f3 una exitosa jornada de ECOCANJE en Colonia Ayu\u00ed"},"content":{"rendered":"<p><em>Elaboraci\u00f3n del proyecto \u201cPRODUCCI\u00d3N DE JAB\u00d3N A PARTIR DE ACEITE DE COCINA USADO\u201d<\/em><\/p>\n<p>La Comisi\u00f3n Administrador para el Fondo Especial de Salto Grande (CAFESG), a trav\u00e9s de su programa Sensibilizadores Ambientales, llev\u00f3 adelante este viernes el 2<sup>do<\/sup> ECOCANJE en la localidad de Colonia Ayu\u00ed, con la colaboraci\u00f3n y participaci\u00f3n de la Municipalidad local, Facultad de Ciencias de la Alimentaci\u00f3n (UNER) y la Escuela Secundaria N\u00ba 13\u201cAzahares del Ayu\u00ed\u201d.<\/p>\n<p>El evento se llev\u00f3 a cabo en la terminal de \u00f3mnibus y la actividad consisti\u00f3 en que los vecinos lleven un litro de aceite de cocina usado dentro de una botella de pl\u00e1stico para canjearla por semillas, llaveros, regalos ecol\u00f3gicos, etc. Con el aceite recogido los alumnos de la escuela secundaria elaborar\u00e1n jab\u00f3n. Con este accionar se pretende reducir el impacto ambiental causado por el deshecho de los aceites vegetales usados en agua y suelo de nuestra localidad.<\/p>\n<p>Para los organizadores se vieron superadas las expectativas ya que se recolectaron m\u00e1s de 45 litros de aceite comestible usado, con lo que se fabricar\u00e1n 400 jabones aproximadamente.<\/p>\n<p>El objetivo es producir jab\u00f3n para su comercializaci\u00f3n a partir de aceites vegetales usados de frituras (AVUs), para evitar la contaminaci\u00f3n del agua, creando una alternativa econ\u00f3mica y eficaz\u00a0 en las localidades donde se realicen este tipo de eventos.<\/p>\n<p>Este accionar esta articulado con la Facultad de Ciencias de la Alimentaci\u00f3n (UNER) y a partir de ahora se desarrollar\u00e1n las capacitaciones teniendo como centro las escuelas.<\/p>\n<p><strong>El 2 de junio en Puerto Yeru\u00e1<\/strong><\/p>\n<p>&nbsp;<\/p>\n<p>Tras la suspensi\u00f3n por mal tiempo de la jornada prevista para el 19 de este mes, finalmente el viernes 2 de junio\u00a0 es la cita en la localidad de Puerto\u00a0 Yeru\u00e1 del 2\u00ba ECOCANJE organizado por la Municipalidad local, Escuela Secundaria N\u00ba 21 \u201cAurora del Yeru\u00e1\u201d, Facultad de Ciencias de la Alimentaci\u00f3n (UNER) y el Programa Sensibilizadores Ambientales de CAFESG.<\/p>\n<p>El ECOCANJE se realizar\u00e1 a partir de las 9:30 y hasta las\u00a0 12:30 horas,\u00a0 en la Casa de la Cultura ubicada en calle Eduardo Oliver S\/N dela mencionada localidad y tambi\u00e9n consiste en que los vecinos puedan llevar 1 litro de aceite de cocina usado dentro de una\u00a0 botella de pl\u00e1stico,\u00a0 para canjearla\u00a0 por plantines, semillas, llaveros o regalos ecol\u00f3gicos, etc.<\/p>\n<p>Al igual que en Colonia Ayu\u00ed con el aceite recogido los alumnos de la escuela secundaria elaborar\u00e1n jab\u00f3n.<\/p>\n<p><a href=\"https:\/\/www.cafesg.gob.ar\/cafesg2\/wp-content\/uploads\/2017\/05\/Ecocanje-Ayu\u00ed-1.jpeg\"><img loading=\"lazy\" decoding=\"async\" class=\"alignnone size-medium wp-image-5403\" src=\"https:\/\/www.cafesg.gob.ar\/cafesg2\/wp-content\/uploads\/2017\/05\/Ecocanje-Ayu\u00ed-1-300x224.jpeg\" alt=\"Ecocanje Ayu\u00ed 1\" width=\"300\" height=\"224\" \/><\/a> <a href=\"https:\/\/www.cafesg.gob.ar\/cafesg2\/wp-content\/uploads\/2017\/05\/Ecocanje-Ayu\u00ed-2.jpeg\"><img loading=\"lazy\" decoding=\"async\" class=\"alignnone size-medium wp-image-5404\" src=\"https:\/\/www.cafesg.gob.ar\/cafesg2\/wp-content\/uploads\/2017\/05\/Ecocanje-Ayu\u00ed-2-225x300.jpeg\" alt=\"Ecocanje Ayu\u00ed 2\" width=\"225\" height=\"300\" \/><\/a> <a href=\"https:\/\/www.cafesg.gob.ar\/cafesg2\/wp-content\/uploads\/2017\/05\/Ecocanje-Ayu\u00ed-3.jpeg\"><img loading=\"lazy\" decoding=\"async\" class=\"alignnone size-medium wp-image-5405\" src=\"https:\/\/www.cafesg.gob.ar\/cafesg2\/wp-content\/uploads\/2017\/05\/Ecocanje-Ayu\u00ed-3-225x300.jpeg\" alt=\"Ecocanje Ayu\u00ed 3\" width=\"225\" height=\"300\" \/><\/a> <a href=\"https:\/\/www.cafesg.gob.ar\/cafesg2\/wp-content\/uploads\/2017\/05\/Ecocanje-Ayu\u00ed-4.jpeg\"><img loading=\"lazy\" decoding=\"async\" class=\"alignnone size-medium wp-image-5406\" src=\"https:\/\/www.cafesg.gob.ar\/cafesg2\/wp-content\/uploads\/2017\/05\/Ecocanje-Ayu\u00ed-4-225x300.jpeg\" alt=\"Ecocanje Ayu\u00ed 4\" width=\"225\" height=\"300\" \/><\/a> <a href=\"https:\/\/www.cafesg.gob.ar\/cafesg2\/wp-content\/uploads\/2017\/05\/Ecocanje-Ayu\u00ed-5.jpeg\"><img loading=\"lazy\" decoding=\"async\" class=\"alignnone size-medium wp-image-5407\" src=\"https:\/\/www.cafesg.gob.ar\/cafesg2\/wp-content\/uploads\/2017\/05\/Ecocanje-Ayu\u00ed-5-225x300.jpeg\" alt=\"Ecocanje Ayu\u00ed 5\" width=\"225\" height=\"300\" \/><\/a> <a href=\"https:\/\/www.cafesg.gob.ar\/cafesg2\/wp-content\/uploads\/2017\/05\/Ecocanje-Ayu\u00ed-6.jpeg\"><img loading=\"lazy\" decoding=\"async\" class=\"alignnone size-medium wp-image-5408\" src=\"https:\/\/www.cafesg.gob.ar\/cafesg2\/wp-content\/uploads\/2017\/05\/Ecocanje-Ayu\u00ed-6-300x224.jpeg\" alt=\"Ecocanje Ayu\u00ed 6\" width=\"300\" height=\"224\" \/><\/a> <a href=\"https:\/\/www.cafesg.gob.ar\/cafesg2\/wp-content\/uploads\/2017\/05\/Ecocanje-Ayu\u00ed-7.jpeg\"><img loading=\"lazy\" decoding=\"async\" class=\"alignnone size-medium wp-image-5409\" src=\"https:\/\/www.cafesg.gob.ar\/cafesg2\/wp-content\/uploads\/2017\/05\/Ecocanje-Ayu\u00ed-7-300x168.jpeg\" alt=\"Ecocanje Ayu\u00ed 7\" width=\"300\" height=\"168\" \/><\/a><\/p>\n","protected":false},"excerpt":{"rendered":"<p>Elaboraci\u00f3n del proyecto \u201cPRODUCCI\u00d3N DE JAB\u00d3N A PARTIR DE ACEITE DE COCINA USADO\u201d La Comisi\u00f3n Administrador para el Fondo Especial de Salto Grande (CAFESG), a trav\u00e9s de su programa Sensibilizadores Ambientales, llev\u00f3 adelante este viernes el 2do ECOCANJE en la localidad de Colonia Ayu\u00ed, con la colaboraci\u00f3n y participaci\u00f3n de la Municipalidad local, Facultad de [&hellip;]<\/p>\n","protected":false},"author":5,"featured_media":0,"comment_status":"open","ping_status":"open","sticky":false,"template":"","format":"standard","meta":{"footnotes":""},"categories":[15],"tags":[],"class_list":["post-5402","post","type-post","status-publish","format-standard","hentry","category-noticias"],"_links":{"self":[{"href":"https:\/\/cafesg.gob.ar\/cafesg2\/wp-json\/wp\/v2\/posts\/5402","targetHints":{"allow":["GET"]}}],"collection":[{"href":"https:\/\/cafesg.gob.ar\/cafesg2\/wp-json\/wp\/v2\/posts"}],"about":[{"href":"https:\/\/cafesg.gob.ar\/cafesg2\/wp-json\/wp\/v2\/types\/post"}],"author":[{"embeddable":true,"href":"https:\/\/cafesg.gob.ar\/cafesg2\/wp-json\/wp\/v2\/users\/5"}],"replies":[{"embeddable":true,"href":"https:\/\/cafesg.gob.ar\/cafesg2\/wp-json\/wp\/v2\/comments?post=5402"}],"version-history":[{"count":0,"href":"https:\/\/cafesg.gob.ar\/cafesg2\/wp-json\/wp\/v2\/posts\/5402\/revisions"}],"wp:attachment":[{"href":"https:\/\/cafesg.gob.ar\/cafesg2\/wp-json\/wp\/v2\/media?parent=5402"}],"wp:term":[{"taxonomy":"category","embeddable":true,"href":"https:\/\/cafesg.gob.ar\/cafesg2\/wp-json\/wp\/v2\/categories?post=5402"},{"taxonomy":"post_tag","embeddable":true,"href":"https:\/\/cafesg.gob.ar\/cafesg2\/wp-json\/wp\/v2\/tags?post=5402"}],"curies":[{"name":"wp","href":"https:\/\/api.w.org\/{rel}","templated":true}]}}