 {"id":5399,"date":"2017-05-25T00:04:53","date_gmt":"2017-05-25T03:04:53","guid":{"rendered":"http:\/\/www.cafesg.gob.ar\/web\/?p=5399"},"modified":"2017-05-25T00:04:53","modified_gmt":"2017-05-25T03:04:53","slug":"cafesg-presentara-una-charla-sobre-uso-medicinal-del-canabis","status":"publish","type":"post","link":"https:\/\/cafesg.gob.ar\/cafesg2\/cafesg-presentara-una-charla-sobre-uso-medicinal-del-canabis\/","title":{"rendered":"CAFESG presentar\u00e1 una charla sobre \u201cUSO MEDICINAL DEL CANABIS\u201d"},"content":{"rendered":"<p><em>A cargo de Carlos Laje, promotor, fundador y director de la Cl\u00ednica Cann\u00e1bica de la Ciudad de C\u00f3rdoba<\/em><\/p>\n<p>La Comisi\u00f3n Administradora para el Fondo Especial de Salto Grande (CAFESG) y la Asociaci\u00f3n de Discapacitados Unidos de Concordia (ADUC), presentar\u00e1 el d\u00eda s\u00e1bado 27 del corriente a las 18 horas en el 4<sup>to<\/sup> piso del Centro C\u00edvico, ubicado en calle Pellegrini y Mitre de la ciudad de Concordia, una charla, abierta y gratuita, \u00a0sobre \u201cUSO MEDICINAL DEL CANABIS\u201d\u00a0 a cargo del Dr. Carlos Laje, promotor, fundador y director de la \u201cCl\u00ednica del Cannabis\u201d de la ciudad de C\u00f3rdoba, quien expondr\u00e1 los beneficios del aceite, dependiendo de la\/s patolog\u00eda\/s que padezca la persona.<\/p>\n<p>Mientras avanza la implementaci\u00f3n y aceptaci\u00f3n de la marihuana como sustancia terap\u00e9utica en nuestro pa\u00eds, para tratar enfermedades como Parkinson, Epilepsias Refractarias y casos de c\u00e1ncer, Carlos Laje, un oftalm\u00f3logo, cre\u00f3 en C\u00f3rdoba la primera \u2018Cl\u00ednica del Cannabis\u2018.<\/p>\n<p>Laje manifest\u00f3, \u201csoy padre, soy m\u00e9dico y escucho cientos de historias de gente angustiada.\u00a0La cl\u00ednica es un espacio de contenci\u00f3n en la que el paciente va no s\u00f3lo porque quiere que escuchen cuando est\u00e1 en juego la vida suya o de su hijo, sino que necesita que le puedan acercar una medicina con trazabilidad. Hoy se puede importar cannabis, el famoso aceite de Charlotte, pero todav\u00eda no hay una industria nacional del cannabis medicinal, como ya la comenzaron Uruguay y Chile\u201d.<\/p>\n<p>El espacio creado por Laje se trata de la ex Cl\u00ednica V\u00e9lez Sarsfield, ahora Fundaci\u00f3n la Mirada: Cl\u00ednica Cann\u00e1bica C\u00f3rdoba, donde un equipo de trabajo compuesto por profesionales realiza un abordaje integral sobre la salud.<\/p>\n<p>\u201cAntes de esto, yo conoc\u00eda a la marihuana como una droga, no era usuario y no la ve\u00eda como opci\u00f3n terap\u00e9utica a ninguna patolog\u00eda. Pero cuando comenc\u00e9 a informarme, viendo el trabajo que mucha gente hizo antes que nosotros, me form\u00e9 en el tema. Y yo, que tengo una maestr\u00eda en Econom\u00eda de la Salud y un doctorado en Ciencias de la Salud, tuve que empezar a estudiar todo de nuevo. Ah\u00ed me empec\u00e9 a relacionar con especialistas, con grupos de pacientes y me sum\u00e9 a redes internacionales\u201d, indic\u00f3 Carlos Laje.<\/p>\n<p>En Argentina sigue vigente la ley 23.737, de Tenencia y Tr\u00e1fico de Estupefacientes, que pena el cultivo, la tenencia y el uso de la marihuana.<\/p>\n<p>A trav\u00e9s de la Administraci\u00f3n Nacional de Medicamentos (ANMAT), el Gobierno Nacional ya autoriz\u00f3 a muchas familias a importar f\u00e1rmacos cann\u00e1bicos para suministrar a chicos con epilepsia. Por su parte, la provincia de Chubut sancion\u00f3 una ley que incorpor\u00f3 el aceite de cannabis al vadem\u00e9cum de la obra social estatal para que pueda ser entregado en hospitales p\u00fablicos.<\/p>\n<p>El \u00e1rea de Discapacidad de CAFESG, organizadora y coordinadora del evento, informa que al finalizar la charla, el Dr. Laje contestar\u00e1 todas las inquietudes de los participantes respecto al tema.<\/p>\n<p><a href=\"https:\/\/www.cafesg.gob.ar\/cafesg2\/wp-content\/uploads\/2017\/05\/Flyer-Charla-Cannabis.jpeg\"><img loading=\"lazy\" decoding=\"async\" class=\"alignnone size-medium wp-image-5400\" src=\"https:\/\/www.cafesg.gob.ar\/cafesg2\/wp-content\/uploads\/2017\/05\/Flyer-Charla-Cannabis-300x225.jpeg\" alt=\"Flyer Charla Cannabis\" width=\"300\" height=\"225\" \/><\/a><\/p>\n","protected":false},"excerpt":{"rendered":"<p>A cargo de Carlos Laje, promotor, fundador y director de la Cl\u00ednica Cann\u00e1bica de la Ciudad de C\u00f3rdoba La Comisi\u00f3n Administradora para el Fondo Especial de Salto Grande (CAFESG) y la Asociaci\u00f3n de Discapacitados Unidos de Concordia (ADUC), presentar\u00e1 el d\u00eda s\u00e1bado 27 del corriente a las 18 horas en el 4to piso del Centro [&hellip;]<\/p>\n","protected":false},"author":5,"featured_media":0,"comment_status":"open","ping_status":"open","sticky":false,"template":"","format":"standard","meta":{"footnotes":""},"categories":[15],"tags":[],"class_list":["post-5399","post","type-post","status-publish","format-standard","hentry","category-noticias"],"_links":{"self":[{"href":"https:\/\/cafesg.gob.ar\/cafesg2\/wp-json\/wp\/v2\/posts\/5399","targetHints":{"allow":["GET"]}}],"collection":[{"href":"https:\/\/cafesg.gob.ar\/cafesg2\/wp-json\/wp\/v2\/posts"}],"about":[{"href":"https:\/\/cafesg.gob.ar\/cafesg2\/wp-json\/wp\/v2\/types\/post"}],"author":[{"embeddable":true,"href":"https:\/\/cafesg.gob.ar\/cafesg2\/wp-json\/wp\/v2\/users\/5"}],"replies":[{"embeddable":true,"href":"https:\/\/cafesg.gob.ar\/cafesg2\/wp-json\/wp\/v2\/comments?post=5399"}],"version-history":[{"count":0,"href":"https:\/\/cafesg.gob.ar\/cafesg2\/wp-json\/wp\/v2\/posts\/5399\/revisions"}],"wp:attachment":[{"href":"https:\/\/cafesg.gob.ar\/cafesg2\/wp-json\/wp\/v2\/media?parent=5399"}],"wp:term":[{"taxonomy":"category","embeddable":true,"href":"https:\/\/cafesg.gob.ar\/cafesg2\/wp-json\/wp\/v2\/categories?post=5399"},{"taxonomy":"post_tag","embeddable":true,"href":"https:\/\/cafesg.gob.ar\/cafesg2\/wp-json\/wp\/v2\/tags?post=5399"}],"curies":[{"name":"wp","href":"https:\/\/api.w.org\/{rel}","templated":true}]}}