 {"id":5390,"date":"2017-05-17T23:11:46","date_gmt":"2017-05-18T02:11:46","guid":{"rendered":"http:\/\/www.cafesg.gob.ar\/web\/?p=5390"},"modified":"2017-05-17T23:11:46","modified_gmt":"2017-05-18T02:11:46","slug":"casanas-le-entrego-el-proyecto-de-la-nueva-terminal-de-omnibus-al-intendente-de-federal","status":"publish","type":"post","link":"https:\/\/cafesg.gob.ar\/cafesg2\/casanas-le-entrego-el-proyecto-de-la-nueva-terminal-de-omnibus-al-intendente-de-federal\/","title":{"rendered":"Casa\u00f1as le entreg\u00f3 el proyecto de la nueva terminal de \u00f3mnibus al intendente de Federal"},"content":{"rendered":"<p>Tambi\u00e9n se entreg\u00f3 el proyecto de alumbrado p\u00fablico led para el Paraje Las Delicias El presidente de la Comisi\u00f3n Administradora para el Fondo Especial de Salto Grande (CAFESG), Alejandro Casa\u00f1as, acompa\u00f1ado por el vocal del organismo, Oscar Colombo, le hizo entrega este martes al intendente de la ciudad de Federal, Gerardo Chapino, de dos proyectos muy importantes para el departamento federalense, el de la nueva terminal de \u00f3mnibus para la ciudad y el de alumbrado p\u00fablico de led para el Paraje Las Delicias. Luego de recepcionados los mismos, Chapino manifest\u00f3 su \u201csatisfacci\u00f3n\u201d ya que \u201clos equipos t\u00e9cnicos de CAFESG como su presidente siempre han estado a disposici\u00f3n para Federal y lo han hecho en todo momento, han ido a Federal montones de veces, se han puesto la camiseta del municipio y eso para nosotros es una ayuda muy grande, sobre todo por los tiempos que venimos atravesando\u201d. Adem\u00e1s, el presidente municipal federalense remarc\u00f3 que en el municipio de Federal \u201cnosotros carecemos de profesionales, no tenemos proyectistas, esta ayuda que nos brinda CAFESG es un ahorro para el municipio porque tendr\u00edamos que salir a pagar estos proyectos a privados y teniendo al Estado provincial que nos de esa mano nos facilita y nos acorta un mont\u00f3n de distancias\u201d. En este sentido, Chapino se\u00f1al\u00f3 que \u201cel rol de CAFESG para la regi\u00f3n es irreemplazable, y anhelamos que regresen los fondos excedentes para que siga siendo unos de los principales motores del desarrollo regional, esperamos que no haya mezquindades de ning\u00fan sector en este aspecto, y que CAFESG pueda estar al cien por ciento nuevamente\u201d. Por \u00faltimo expres\u00f3 su deseo de que \u201ctodos estos proyectos tengan la respuesta que nosotros esperamos, que es ver la obra en Federal, ya lista, plantada y que los federalenses la puedan aprovechar, que tengamos \u00e9xitos en todos los proyectos que anhelamos y que tenemos pensados para Federal, CAFESG nos viene dando una mano muy grande y con el equipo t\u00e9cnico estamos sumamente satisfechos, siempre han demostrado una calidez y una relaci\u00f3n que nos ha permitido entablar y ensamblar nuestros equipos de trabajo de manera muy coordinada, as\u00ed que estamos agradecidos a todo el personal de CAFESG\u201d. Por su parte, Casa\u00f1as expres\u00f3 sentirse \u201corgulloso de poder seguir aportando a toda la regi\u00f3n, las capacidades inestimables del personal de CAFESG, y todo esto trabajando en conjunto con todos los municipios, de acuerdo a las instrucciones que tenemos de nuestro gobernador Gustavo Bordet, sin importar las bander\u00edas pol\u00edticas, lo que buscamos es el bien com\u00fan\u201d. Adem\u00e1s, el presidente de CAFESG indic\u00f3 que \u201cla consecuci\u00f3n de los objetivos, donde detr\u00e1s de cada uno de estos proyectos, descansa el sue\u00f1o de comunidades completas, nos satisface plenamente, sabemos de las necesidades de cada comunidad, porque as\u00ed nos lo plantean desde los municipios y juntas de gobierno y poder ser partes de una etapa de la concreci\u00f3n de esos sue\u00f1os es de las mayores satisfacciones que puede experimentar un funcionario p\u00fablico\u201d. Para finalizar, Casa\u00f1as no dej\u00f3 pasar la oportunidad de recordar \u201cel dif\u00edcil momento por el que atraviesa el organismo, y mi agradecimiento y de todo el personal al Gobernador por tomar la decisi\u00f3n pol\u00edtica de mantenernos funcionando, diferenci\u00e1ndose de esta manera de personajes mezquinos que quisieran que CAFESG cerrara sus puertas para obtener miserables r\u00e9ditos pol\u00edticos, a costa del bienestar de miles de entrerrianos\u201d. Estuvieron presentes en el acto de entrega de los proyectos el secretario de Obras P\u00fablicas de Federal, Jos\u00e9 Luis Bustamante, los jefes del \u00e1rea t\u00e9cnica de la Comisi\u00f3n Administradora, Gustavo Larenze y Roberto Acu\u00f1a. Proyecto nueva Terminal de \u00d3mnibus La terminal de \u00f3mnibus contempla su ubicaci\u00f3n en la planta urbana de la ciudad, delimitada por las calles P\u00fablica N\u00b0 02 al Norte, Eulogio Gonz\u00e1lez al Sur, Anderson al Este y Echag\u00fce al Oeste. La calle Anderson se propone formar parte del terreno; esto se debe a la facilidad de ingreso y egreso de los \u00f3mnibus a la playa de maniobras de la terminal. El proyecto se desarrolla en una superficie de 817 m2, los cuales est\u00e1n divididos en dos plantas compuestas en planta baja por 500 m2 de superficie cubierta y 188 m2 de superficie semicubierta correspondiente a d\u00e1rsenas de estacionamiento y playa de maniobra, en planta alta la superficie cubierta es 280 m2 y 37 m2 de superficie cubierta en terraza para dependencias de servicio. El terreno posee una superficie de 18860,81 m2, de forma triangular donde se contempla un sector destinado a plaza en la esquina de calles Echag\u00fce y E. Gonz\u00e1lez; y locales de ventas de artesan\u00edas y estacionamiento, sobre la calle principal (colectora). Proyecto alumbrado p\u00fablico Paraje Las Delicias La obra est\u00e1 prevista al noroeste de la ciudad de Federal, en la localidad denominada Paraje Las Delicias, que consta de un predio de aproximadamente cuarenta manzanas y una poblaci\u00f3n estable donde viven muchas familias de escasos recursos econ\u00f3micos, siendo algunas de ellas muy humildes. Cabe de destacar que, en unas de las manzanas centrales, se encuentra ubicada la cancha de f\u00fatbol del pueblo, que est\u00e1 destinada para espacios recreativos, pr\u00e1cticas de diversos deportes, y fiestas del pueblo. Se contempla la realizaci\u00f3n de un sistema de iluminaci\u00f3n unilateral por las calles internas del pueblo, comprendiendo aproximadamente unas 11 cuadras en total, adem\u00e1s de la iluminaci\u00f3n de su cancha de f\u00fatbol con un total de seis columnas con cuatro luminarias LED de 250w ip65 cada una.<\/p>\n<p><a href=\"https:\/\/www.cafesg.gob.ar\/cafesg2\/wp-content\/uploads\/2017\/05\/Entrega-proyectos-1.jpeg\"><img loading=\"lazy\" decoding=\"async\" class=\"alignnone size-medium wp-image-5391\" src=\"https:\/\/www.cafesg.gob.ar\/cafesg2\/wp-content\/uploads\/2017\/05\/Entrega-proyectos-1-224x300.jpeg\" alt=\"Entrega proyectos 1\" width=\"224\" height=\"300\" \/><\/a> <a href=\"https:\/\/www.cafesg.gob.ar\/cafesg2\/wp-content\/uploads\/2017\/05\/Entrega-proyectos-5.jpeg\"><img loading=\"lazy\" decoding=\"async\" class=\"alignnone size-medium wp-image-5393\" src=\"https:\/\/www.cafesg.gob.ar\/cafesg2\/wp-content\/uploads\/2017\/05\/Entrega-proyectos-5-224x300.jpeg\" alt=\"Entrega proyectos 5\" width=\"224\" height=\"300\" \/> <\/a><a href=\"https:\/\/www.cafesg.gob.ar\/cafesg2\/wp-content\/uploads\/2017\/05\/Entrega-proyectos-4.jpeg\"><img loading=\"lazy\" decoding=\"async\" class=\"alignnone size-medium wp-image-5392\" src=\"https:\/\/www.cafesg.gob.ar\/cafesg2\/wp-content\/uploads\/2017\/05\/Entrega-proyectos-4-300x224.jpeg\" alt=\"Entrega proyectos 4\" width=\"300\" height=\"224\" \/><\/a><\/p>\n<p><a href=\"https:\/\/www.cafesg.gob.ar\/cafesg2\/wp-content\/uploads\/2017\/05\/terminal-4.jpg\"><img loading=\"lazy\" decoding=\"async\" class=\"alignnone size-medium wp-image-5396\" src=\"https:\/\/www.cafesg.gob.ar\/cafesg2\/wp-content\/uploads\/2017\/05\/terminal-4-300x168.jpg\" alt=\"terminal 4\" width=\"300\" height=\"168\" \/><\/a> <a href=\"https:\/\/www.cafesg.gob.ar\/cafesg2\/wp-content\/uploads\/2017\/05\/terminal-3.jpg\"><img loading=\"lazy\" decoding=\"async\" class=\"alignnone size-medium wp-image-5395\" src=\"https:\/\/www.cafesg.gob.ar\/cafesg2\/wp-content\/uploads\/2017\/05\/terminal-3-300x168.jpg\" alt=\"terminal 3\" width=\"300\" height=\"168\" \/> <\/a><a href=\"https:\/\/www.cafesg.gob.ar\/cafesg2\/wp-content\/uploads\/2017\/05\/terminal-1.jpg\"><img loading=\"lazy\" decoding=\"async\" class=\"alignnone size-medium wp-image-5394\" src=\"https:\/\/www.cafesg.gob.ar\/cafesg2\/wp-content\/uploads\/2017\/05\/terminal-1-300x168.jpg\" alt=\"terminal 1\" width=\"300\" height=\"168\" \/><\/a><\/p>\n","protected":false},"excerpt":{"rendered":"<p>Tambi\u00e9n se entreg\u00f3 el proyecto de alumbrado p\u00fablico led para el Paraje Las Delicias El presidente de la Comisi\u00f3n Administradora para el Fondo Especial de Salto Grande (CAFESG), Alejandro Casa\u00f1as, acompa\u00f1ado por el vocal del organismo, Oscar Colombo, le hizo entrega este martes al intendente de la ciudad de Federal, Gerardo Chapino, de dos proyectos [&hellip;]<\/p>\n","protected":false},"author":5,"featured_media":0,"comment_status":"open","ping_status":"open","sticky":false,"template":"","format":"standard","meta":{"footnotes":""},"categories":[15],"tags":[],"class_list":["post-5390","post","type-post","status-publish","format-standard","hentry","category-noticias"],"_links":{"self":[{"href":"https:\/\/cafesg.gob.ar\/cafesg2\/wp-json\/wp\/v2\/posts\/5390","targetHints":{"allow":["GET"]}}],"collection":[{"href":"https:\/\/cafesg.gob.ar\/cafesg2\/wp-json\/wp\/v2\/posts"}],"about":[{"href":"https:\/\/cafesg.gob.ar\/cafesg2\/wp-json\/wp\/v2\/types\/post"}],"author":[{"embeddable":true,"href":"https:\/\/cafesg.gob.ar\/cafesg2\/wp-json\/wp\/v2\/users\/5"}],"replies":[{"embeddable":true,"href":"https:\/\/cafesg.gob.ar\/cafesg2\/wp-json\/wp\/v2\/comments?post=5390"}],"version-history":[{"count":0,"href":"https:\/\/cafesg.gob.ar\/cafesg2\/wp-json\/wp\/v2\/posts\/5390\/revisions"}],"wp:attachment":[{"href":"https:\/\/cafesg.gob.ar\/cafesg2\/wp-json\/wp\/v2\/media?parent=5390"}],"wp:term":[{"taxonomy":"category","embeddable":true,"href":"https:\/\/cafesg.gob.ar\/cafesg2\/wp-json\/wp\/v2\/categories?post=5390"},{"taxonomy":"post_tag","embeddable":true,"href":"https:\/\/cafesg.gob.ar\/cafesg2\/wp-json\/wp\/v2\/tags?post=5390"}],"curies":[{"name":"wp","href":"https:\/\/api.w.org\/{rel}","templated":true}]}}