 {"id":5385,"date":"2017-05-16T10:53:35","date_gmt":"2017-05-16T13:53:35","guid":{"rendered":"http:\/\/www.cafesg.gob.ar\/web\/?p=5385"},"modified":"2017-05-16T10:53:35","modified_gmt":"2017-05-16T13:53:35","slug":"cafesg-realizo-el-taller-noviazgo-sin-violencia","status":"publish","type":"post","link":"https:\/\/cafesg.gob.ar\/cafesg2\/cafesg-realizo-el-taller-noviazgo-sin-violencia\/","title":{"rendered":"CAFESG realiz\u00f3 el taller \u201cNoviazgo sin Violencia\u201d"},"content":{"rendered":"<p><em>Con la modalidad de formador de formadores, destinado a docentes, tutores, asesores pedag\u00f3gicos, promotores sociales.<\/em><\/p>\n<p>La Comisi\u00f3n Administradora para el Fondo Especial de Salto Grande (CAFESG) en conjunto con la Subsecretar\u00eda de la Mujer, dependiente del Ministerio de Desarrollo Social de la provincia, en el marco del programa \u201cSensibiliz\u00e1ndonos\u201d y bajo el formato Formador de Formadores el taller \u201cNoviazgo sin violencia\u201d destinado a docentes, tutores, asesores pedag\u00f3gicos, promotores sociales, para que sean ellos quienes en territorio desarrollen los talleres.<\/p>\n<p>La modalidad consiste en el dictado de talleres destinados a alumnos con el objetivo de generar un espacio donde los j\u00f3venes puedan reflexionar y dialogar desarrollando conceptos b\u00e1sicos que nos permitan comprender qu\u00e9 es la violencia de g\u00e9nero; sobre los roles de g\u00e9nero, sobre las relaciones de noviazgo, qu\u00e9 es la violencia en el noviazgo, c\u00f3mo identificarla, distinguir las relaciones sin violencia de las violentas, c\u00f3mo actuar cuando detectamos situaciones de violencia.<\/p>\n<p>La subsecretaria provincial de la Mujer, Miriam Bianquieri, presente durante la jornada cont\u00f3 que \u201cestos cursos tienen dos etapas, la primera la dimos hace veinte d\u00edas, donde estuvimos trabajando con lo que es espec\u00edficamente la introducci\u00f3n a la perspectiva de g\u00e9nero y en la pautas principales de la Ley 26485 que es la que contempla la erradicaci\u00f3n y la prevenci\u00f3n de la violencia contra la mujer\u201d.<\/p>\n<p>\u201cA partir de all\u00ed queremos abordar la instancia del noviazgo sin violencia ya que la idea es que las personas que se capacitan en estos talleres puedan ser replicadores del taller con chicos de escuelas secundarias, clubes, barrios y todo \u00e1mbito donde intervengan adolescentes y j\u00f3venes a fin de ir orient\u00e1ndolos sobre c\u00f3mo entablar relaciones sin violencia, y explicarles de qu\u00e9 se trata la violencia hacia la mujer\u201d ampli\u00f3 la funcionaria provincial.<\/p>\n<p>Adem\u00e1s, Bianquieri se\u00f1al\u00f3 que \u201cen nuestra sociedad hay roles y estereotipos asignados, el m\u00e1s fuerte y arraigado es el del patriarcado donde el hombre es el que manda, el que provee, el que gobierna y tantas otras cosas, entonces la idea es ver c\u00f3mo poder establecer relaciones m\u00e1s armoniosas rompiendo algunos de esos mandatos culturales que nos vienen heredados\u201d.<\/p>\n<p>La subsecretaria de la Mujer fue contundente al afirmar que \u201cla realidad es que la violencia existe tanto en las parejas como en el noviazgo, lamentablemente esto es una construcci\u00f3n social y familiar que se hereda desde siglos, entonces los chicos replican su aprendizaje y su vivencia desde el entorno que les toca; y lo cierto es que al estar criados en esas conductas, y cuando empiezan sus primeras relaciones, muchas veces no saben o no detectan que hay diferentes maneras de ejercer violencia, que no necesariamente es agresi\u00f3n f\u00edsica, sino que pretender tener el control de su celular, de sus amistades, de la ropa que usa, de sus publicaciones en las redes sociales, de las actividades que realiza, y ah\u00ed es donde muchas veces las chicas empiezan a dejar de lado cosas que com\u00fanmente hacen o har\u00edan con tal de que la relaci\u00f3n se lleve adelante bien y empiezan a conceder espacios y comienza un sometimiento que restringe claramente las libertades individuales\u201d.<\/p>\n<p>Por \u00faltimo Miriam Bianquieri reafirm\u00f3 que \u201cestas conductas est\u00e1n tan naturalizadas socialmente que muchas veces se desarrollan sin resistencia, entonces lo que buscamos es que las relaciones sean igualitarias, equitativas, en definitiva m\u00e1s saludables, lo consideramos no solo como una tarea de prevenci\u00f3n sino de promoci\u00f3n de derechos a fin de ir cambiando la forma de relacionarse de los j\u00f3venes\u201d.<\/p>\n<p>Por su parte, el presidente de CAFESG, Alejandro Casa\u00f1as manifest\u00f3 sobre los talleres que \u201ceste es un trabajo entre distintos organismos del gobierno provincial, siguiendo las directivas de trabajo conjunto que nos ha pedido el gobernador Gustavo Bordet, en este caso con la realizaci\u00f3n de este taller que tiene dos palabras claves a mi entender, j\u00f3venes y prevenci\u00f3n, con eso creo que se define claramente c\u00f3mo se encara esta problem\u00e1tica desde la ra\u00edz para evitarlo, para que no estemos lamentando v\u00edctimas de la violencia, sino que estemos formando gente que va a formar a j\u00f3venes que tambi\u00e9n se convertir\u00e1n en replicadores en sus propios entornos sociales\u201d.<\/p>\n<p>El objetivo general del programa provincial es promover la concientizaci\u00f3n, la sensibilizaci\u00f3n y la formaci\u00f3n de T\u00e9cnicas\/os y Profesionales pertenecientes a Organismos P\u00fablicos provinciales y municipales y ONG\u00b4s que intervengan o est\u00e1n vinculadas a la tem\u00e1tica Mujer, desde la perspectiva de g\u00e9nero y la de los Derechos Humanos de las Mujeres, comprometi\u00e9ndose con la erradicaci\u00f3n o desnaturalizaci\u00f3n de la violencia de g\u00e9nero, para dejar capacidad instalada en el territorio.<\/p>\n<p>El prop\u00f3sito de este proyecto es fortalecer y optimizar la atenci\u00f3n y la intervenci\u00f3n en la tem\u00e1tica mujer de un modo integral, tiendo presente en cada an\u00e1lisis, diagn\u00f3stico y mirada de la realidad la perspectiva de g\u00e9nero, incorporando una visi\u00f3n de los derechos de la mujer desde los derechos humanos, para procurar una atenci\u00f3n humanizada en dos \u00e1reas fundamentales la salud sexual y reproductiva y la violencia de g\u00e9nero, concientizando sobre la gravedad de la re-victimizaci\u00f3n de las mujeres que son atendidas por estas instituciones.<a href=\"https:\/\/www.cafesg.gob.ar\/cafesg2\/wp-content\/uploads\/2017\/05\/Taller-noviazgo-sin-violencia.jpeg\"><img loading=\"lazy\" decoding=\"async\" class=\"alignnone size-medium wp-image-5386\" src=\"https:\/\/www.cafesg.gob.ar\/cafesg2\/wp-content\/uploads\/2017\/05\/Taller-noviazgo-sin-violencia-300x224.jpeg\" alt=\"Taller noviazgo sin violencia\" width=\"300\" height=\"224\" \/><\/a><\/p>\n","protected":false},"excerpt":{"rendered":"<p>Con la modalidad de formador de formadores, destinado a docentes, tutores, asesores pedag\u00f3gicos, promotores sociales. La Comisi\u00f3n Administradora para el Fondo Especial de Salto Grande (CAFESG) en conjunto con la Subsecretar\u00eda de la Mujer, dependiente del Ministerio de Desarrollo Social de la provincia, en el marco del programa \u201cSensibiliz\u00e1ndonos\u201d y bajo el formato Formador de [&hellip;]<\/p>\n","protected":false},"author":5,"featured_media":0,"comment_status":"open","ping_status":"open","sticky":false,"template":"","format":"standard","meta":{"footnotes":""},"categories":[15],"tags":[],"class_list":["post-5385","post","type-post","status-publish","format-standard","hentry","category-noticias"],"_links":{"self":[{"href":"https:\/\/cafesg.gob.ar\/cafesg2\/wp-json\/wp\/v2\/posts\/5385","targetHints":{"allow":["GET"]}}],"collection":[{"href":"https:\/\/cafesg.gob.ar\/cafesg2\/wp-json\/wp\/v2\/posts"}],"about":[{"href":"https:\/\/cafesg.gob.ar\/cafesg2\/wp-json\/wp\/v2\/types\/post"}],"author":[{"embeddable":true,"href":"https:\/\/cafesg.gob.ar\/cafesg2\/wp-json\/wp\/v2\/users\/5"}],"replies":[{"embeddable":true,"href":"https:\/\/cafesg.gob.ar\/cafesg2\/wp-json\/wp\/v2\/comments?post=5385"}],"version-history":[{"count":0,"href":"https:\/\/cafesg.gob.ar\/cafesg2\/wp-json\/wp\/v2\/posts\/5385\/revisions"}],"wp:attachment":[{"href":"https:\/\/cafesg.gob.ar\/cafesg2\/wp-json\/wp\/v2\/media?parent=5385"}],"wp:term":[{"taxonomy":"category","embeddable":true,"href":"https:\/\/cafesg.gob.ar\/cafesg2\/wp-json\/wp\/v2\/categories?post=5385"},{"taxonomy":"post_tag","embeddable":true,"href":"https:\/\/cafesg.gob.ar\/cafesg2\/wp-json\/wp\/v2\/tags?post=5385"}],"curies":[{"name":"wp","href":"https:\/\/api.w.org\/{rel}","templated":true}]}}