 {"id":5377,"date":"2017-05-15T12:09:18","date_gmt":"2017-05-15T15:09:18","guid":{"rendered":"http:\/\/www.cafesg.gob.ar\/web\/?p=5377"},"modified":"2017-05-15T12:09:18","modified_gmt":"2017-05-15T15:09:18","slug":"cafesg-finalizo-talleres-de-reciclado-de-desechos-plasticos-con-valor-agregado-en-la-criolla","status":"publish","type":"post","link":"https:\/\/cafesg.gob.ar\/cafesg2\/cafesg-finalizo-talleres-de-reciclado-de-desechos-plasticos-con-valor-agregado-en-la-criolla\/","title":{"rendered":"CAFESG finaliz\u00f3 talleres de reciclado de desechos pl\u00e1sticos con valor agregado en La Criolla"},"content":{"rendered":"<p><em>Buscando alternativas novedosas para la autoconstrucci\u00f3n incorporando valor agregado a materiales reciclables<\/em><\/p>\n<p>La Comisi\u00f3n Administradora para el Fondo Especial de Salto Grande (CAFESG) a trav\u00e9s de su Programa de Sensibilizadores Ambientales, en vinculaci\u00f3n con la Universidad Tecnol\u00f3gica Nacional (UTN) Regional Concordia y la Municipalidad de La Criolla dict\u00f3 el 5 y 12 de mayo un taller gratuito con entrega de certificados sobre \u201cReciclado de desechos pl\u00e1sticos con valor agregado en matriz de cemento portland\u201d en la mencionada localidad.<\/p>\n<p>Con m\u00e1s de treinta participantes, los capacitadores, ingeniero Jorge Sota de UTN La Plata y Concordia, especialista en construcci\u00f3n, tecnolog\u00eda de hormig\u00f3n y tecnolog\u00eda de los materiales y la becaria Mar\u00eda de los \u00c1ngeles Casta\u00f1eda llevaron adelante este taller en dos etapas que busca aplicar esta novedosa alternativa a la autoconstrucci\u00f3n. Ambos profesionales vienen realizando ensayos e investigaciones en el reciclado de botellas de pl\u00e1stico y su incorporaci\u00f3n a la mezcla.<\/p>\n<p>La primera etapa, abord\u00f3 la concientizaci\u00f3n del cuidado del medio ambiente y los beneficios de la reutilizaci\u00f3n de los residuos. Asimismo se present\u00f3 la metodolog\u00eda en el uso de las mezclas con un enfoque te\u00f3rico de las dosificaciones, propiedades de los materiales componentes y opciones de utilizaci\u00f3n de la mezcla. Adem\u00e1s, se trabajar\u00e1 en una gu\u00eda pr\u00e1ctica para la obtenci\u00f3n de la mezcla y forma de moldeo.<\/p>\n<p>En la segunda etapa, se realiz\u00f3 la elaboraci\u00f3n de la mezcla, las alternativas de fabricaci\u00f3n de los moldes necesarios y la preparaci\u00f3n de un past\u00f3n de la mezcla propuesta y moldeo de alg\u00fan elemento con este material.<\/p>\n<p>Actualmente la UTN regional Concordia se encuentra trabajando en la investigaci\u00f3n sobre el reciclado de los desechos pl\u00e1sticos con valor agregado en matriz de cemento portland para su aplicaci\u00f3n socio econ\u00f3mica en autoconstrucci\u00f3n que surge a partir de la demanda de CAFESG, la cual trabaja en municipios de la regi\u00f3n a trav\u00e9s de su Programa de Sensibilizadores Ambientales en el que se difunde la importancia de la separaci\u00f3n y clasificaci\u00f3n de los residuos urbanos reutilizables.<\/p>\n<p>Como resultado del mismo se tienen acopios de botellas sin uso espec\u00edfico, para darle utilidad al acopio, desde la Unidad de Vinculaci\u00f3n Tecnol\u00f3gica se propuso agregarle valor, tritur\u00e1ndolas e incorpor\u00e1ndolas a una mezcla cementicia, aplicable a construcci\u00f3n y diversos elementos que sean de utilidad en el ambiente urbano.<\/p>\n<p>A fin de contribuir al desarrollo regional se propone generar un programa de asistencia t\u00e9cnica y tecnol\u00f3gica para la implementaci\u00f3n de los resultados de la investigaci\u00f3n, a trav\u00e9s de talleres de car\u00e1cter te\u00f3rico-pr\u00e1cticos.<\/p>\n<p><a href=\"https:\/\/www.cafesg.gob.ar\/cafesg2\/wp-content\/uploads\/2017\/05\/Taller-reciclado-La-Criolla-1.jpeg\"><img loading=\"lazy\" decoding=\"async\" class=\"alignnone size-medium wp-image-5378\" src=\"https:\/\/www.cafesg.gob.ar\/cafesg2\/wp-content\/uploads\/2017\/05\/Taller-reciclado-La-Criolla-1-300x224.jpeg\" alt=\"Taller reciclado La Criolla 1\" width=\"300\" height=\"224\" \/><\/a><a href=\"https:\/\/www.cafesg.gob.ar\/cafesg2\/wp-content\/uploads\/2017\/05\/Taller-reciclado-La-Criolla-6.jpeg\"><img loading=\"lazy\" decoding=\"async\" class=\"alignnone size-medium wp-image-5383\" src=\"https:\/\/www.cafesg.gob.ar\/cafesg2\/wp-content\/uploads\/2017\/05\/Taller-reciclado-La-Criolla-6-300x224.jpeg\" alt=\"Taller reciclado La Criolla 6\" width=\"300\" height=\"224\" \/><\/a><a href=\"https:\/\/www.cafesg.gob.ar\/cafesg2\/wp-content\/uploads\/2017\/05\/Taller-reciclado-La-Criolla-5.jpeg\"><img loading=\"lazy\" decoding=\"async\" class=\"alignnone size-medium wp-image-5382\" src=\"https:\/\/www.cafesg.gob.ar\/cafesg2\/wp-content\/uploads\/2017\/05\/Taller-reciclado-La-Criolla-5-224x300.jpeg\" alt=\"Taller reciclado La Criolla 5\" width=\"224\" height=\"300\" \/><\/a><a href=\"https:\/\/www.cafesg.gob.ar\/cafesg2\/wp-content\/uploads\/2017\/05\/Taller-reciclado-La-Criolla-4.jpeg\"><img loading=\"lazy\" decoding=\"async\" class=\"alignnone size-medium wp-image-5381\" src=\"https:\/\/www.cafesg.gob.ar\/cafesg2\/wp-content\/uploads\/2017\/05\/Taller-reciclado-La-Criolla-4-300x224.jpeg\" alt=\"Taller reciclado La Criolla 4\" width=\"300\" height=\"224\" \/><\/a><a href=\"https:\/\/www.cafesg.gob.ar\/cafesg2\/wp-content\/uploads\/2017\/05\/Taller-reciclado-La-Criolla-3.jpeg\"><img loading=\"lazy\" decoding=\"async\" class=\"alignnone size-medium wp-image-5380\" src=\"https:\/\/www.cafesg.gob.ar\/cafesg2\/wp-content\/uploads\/2017\/05\/Taller-reciclado-La-Criolla-3-224x300.jpeg\" alt=\"Taller reciclado La Criolla 3\" width=\"224\" height=\"300\" \/><\/a><a href=\"https:\/\/www.cafesg.gob.ar\/cafesg2\/wp-content\/uploads\/2017\/05\/Taller-reciclado-La-Criolla-2.jpeg\"><img loading=\"lazy\" decoding=\"async\" class=\"alignnone size-medium wp-image-5379\" src=\"https:\/\/www.cafesg.gob.ar\/cafesg2\/wp-content\/uploads\/2017\/05\/Taller-reciclado-La-Criolla-2-224x300.jpeg\" alt=\"Taller reciclado La Criolla 2\" width=\"224\" height=\"300\" \/><\/a><\/p>\n","protected":false},"excerpt":{"rendered":"<p>Buscando alternativas novedosas para la autoconstrucci\u00f3n incorporando valor agregado a materiales reciclables La Comisi\u00f3n Administradora para el Fondo Especial de Salto Grande (CAFESG) a trav\u00e9s de su Programa de Sensibilizadores Ambientales, en vinculaci\u00f3n con la Universidad Tecnol\u00f3gica Nacional (UTN) Regional Concordia y la Municipalidad de La Criolla dict\u00f3 el 5 y 12 de mayo un [&hellip;]<\/p>\n","protected":false},"author":5,"featured_media":0,"comment_status":"open","ping_status":"open","sticky":false,"template":"","format":"standard","meta":{"footnotes":""},"categories":[15],"tags":[],"class_list":["post-5377","post","type-post","status-publish","format-standard","hentry","category-noticias"],"_links":{"self":[{"href":"https:\/\/cafesg.gob.ar\/cafesg2\/wp-json\/wp\/v2\/posts\/5377","targetHints":{"allow":["GET"]}}],"collection":[{"href":"https:\/\/cafesg.gob.ar\/cafesg2\/wp-json\/wp\/v2\/posts"}],"about":[{"href":"https:\/\/cafesg.gob.ar\/cafesg2\/wp-json\/wp\/v2\/types\/post"}],"author":[{"embeddable":true,"href":"https:\/\/cafesg.gob.ar\/cafesg2\/wp-json\/wp\/v2\/users\/5"}],"replies":[{"embeddable":true,"href":"https:\/\/cafesg.gob.ar\/cafesg2\/wp-json\/wp\/v2\/comments?post=5377"}],"version-history":[{"count":0,"href":"https:\/\/cafesg.gob.ar\/cafesg2\/wp-json\/wp\/v2\/posts\/5377\/revisions"}],"wp:attachment":[{"href":"https:\/\/cafesg.gob.ar\/cafesg2\/wp-json\/wp\/v2\/media?parent=5377"}],"wp:term":[{"taxonomy":"category","embeddable":true,"href":"https:\/\/cafesg.gob.ar\/cafesg2\/wp-json\/wp\/v2\/categories?post=5377"},{"taxonomy":"post_tag","embeddable":true,"href":"https:\/\/cafesg.gob.ar\/cafesg2\/wp-json\/wp\/v2\/tags?post=5377"}],"curies":[{"name":"wp","href":"https:\/\/api.w.org\/{rel}","templated":true}]}}