 {"id":5347,"date":"2017-05-01T21:02:09","date_gmt":"2017-05-02T00:02:09","guid":{"rendered":"http:\/\/www.cafesg.gob.ar\/web\/?p=5347"},"modified":"2017-05-01T21:02:09","modified_gmt":"2017-05-02T00:02:09","slug":"taller-reciclado-de-desechos-plasticos-con-valor-agregado-en-matriz-de-cemento-portland-en-la-criolla","status":"publish","type":"post","link":"https:\/\/cafesg.gob.ar\/cafesg2\/taller-reciclado-de-desechos-plasticos-con-valor-agregado-en-matriz-de-cemento-portland-en-la-criolla\/","title":{"rendered":"Taller  \u201cReciclado de desechos pl\u00e1sticos con valor agregado en matriz de cemento portland\u201d en La Criolla"},"content":{"rendered":"<p><em>5 y 12 de Mayo. Taller gratuito con entrega de certificados. CAFESG Y UTN<\/em><\/p>\n<p>La Comisi\u00f3n Administradora para el Fondo Especial de Salto Grande (CAFESG) a trav\u00e9s de su Programa de Sensibilizadores Ambientales, en vinculaci\u00f3n con la Universidad Tecnol\u00f3gica Nacional (UTN) Regional Concordia dictar\u00e1n el 5 y 12 de mayo un taller gratuito con entrega de certificados sobre \u201cReciclado de desechos pl\u00e1sticos con valor agregado en matriz de cemento portland\u201d.<\/p>\n<p>Las inscripciones ser\u00e1n del martes 2 al jueves 4 de mayo por la ma\u00f1ana en el \u00c1rea de Cultura de La Criolla ubicada en terminal de \u00f3mnibus. Y los talleres ser\u00e1n el 5 de mayo de 9:30 a 11,30 hs., y el 12 de mayo de 9:00 a 12:00hs. en el sal\u00f3n de usos m\u00faltiplos de La Criolla.<\/p>\n<p>La primera etapa, que ser\u00e1 el d\u00eda 5, abordar\u00e1 la concientizaci\u00f3n del cuidado del medio ambiente y los beneficios de la reutilizaci\u00f3n de los residuos. Asimismo se har\u00e1 la presentaci\u00f3n de la metodolog\u00eda en el uso de las mezclas con un enfoque te\u00f3rico de las dosificaciones, propiedades de los materiales componentes y opciones de utilizaci\u00f3n de la mezcla. Adem\u00e1s, se trabajar\u00e1 en una gu\u00eda pr\u00e1ctica para la obtenci\u00f3n de la mezcla y forma de moldeo.<\/p>\n<p>En la segunda etapa, que se realizar\u00e1 el d\u00eda 12 se trabajar\u00e1 la elaboraci\u00f3n de la mezcla, las alternativas de fabricaci\u00f3n de los moldes necesarios y la preparaci\u00f3n de un past\u00f3n de la mezcla propuesta y moldeo de alg\u00fan elemento con este material.<\/p>\n<p>Actualmente la UTN regional Concordia se encuentra trabajando en la investigaci\u00f3n sobre el reciclado de los desechos pl\u00e1sticos con valor agregado en matriz de cemento portland para su aplicaci\u00f3n socio econ\u00f3mica en autoconstrucci\u00f3n que surge a partir de la demanda de CAFESG, la cual trabaja en municipios de la regi\u00f3n a trav\u00e9s de su Programa de Sensibilizadores Ambientales en el que se difunde la importancia de la separaci\u00f3n y clasificaci\u00f3n de los residuos urbanos reutilizables.<\/p>\n<p>Como resultado del mismo se tienen acopios de botellas sin uso espec\u00edfico, para darle utilidad al acopio, desde la Unidad de Vinculaci\u00f3n Tecnol\u00f3gica se propuso agregarle valor, tritur\u00e1ndolas e incorpor\u00e1ndolas a una mezcla cementicia, aplicable a construcci\u00f3n y diversos elementos que sean de utilidad en el ambiente urbano.<\/p>\n<p>A fin de contribuir al desarrollo regional se propone generar un programa de asistencia t\u00e9cnica y tecnol\u00f3gica para la implementaci\u00f3n de los resultados de la investigaci\u00f3n, a trav\u00e9s de talleres de car\u00e1cter te\u00f3rico-pr\u00e1cticos.<a href=\"https:\/\/www.cafesg.gob.ar\/cafesg2\/wp-content\/uploads\/2017\/05\/Jornada-Ambiental-.jpg\"><img loading=\"lazy\" decoding=\"async\" class=\"alignnone size-medium wp-image-5348\" src=\"https:\/\/www.cafesg.gob.ar\/cafesg2\/wp-content\/uploads\/2017\/05\/Jornada-Ambiental--224x300.jpg\" alt=\"Jornada-Ambiental-\" width=\"224\" height=\"300\" \/><\/a><\/p>\n","protected":false},"excerpt":{"rendered":"<p>5 y 12 de Mayo. Taller gratuito con entrega de certificados. CAFESG Y UTN La Comisi\u00f3n Administradora para el Fondo Especial de Salto Grande (CAFESG) a trav\u00e9s de su Programa de Sensibilizadores Ambientales, en vinculaci\u00f3n con la Universidad Tecnol\u00f3gica Nacional (UTN) Regional Concordia dictar\u00e1n el 5 y 12 de mayo un taller gratuito con entrega [&hellip;]<\/p>\n","protected":false},"author":5,"featured_media":0,"comment_status":"open","ping_status":"open","sticky":false,"template":"","format":"standard","meta":{"footnotes":""},"categories":[15],"tags":[],"class_list":["post-5347","post","type-post","status-publish","format-standard","hentry","category-noticias"],"_links":{"self":[{"href":"https:\/\/cafesg.gob.ar\/cafesg2\/wp-json\/wp\/v2\/posts\/5347","targetHints":{"allow":["GET"]}}],"collection":[{"href":"https:\/\/cafesg.gob.ar\/cafesg2\/wp-json\/wp\/v2\/posts"}],"about":[{"href":"https:\/\/cafesg.gob.ar\/cafesg2\/wp-json\/wp\/v2\/types\/post"}],"author":[{"embeddable":true,"href":"https:\/\/cafesg.gob.ar\/cafesg2\/wp-json\/wp\/v2\/users\/5"}],"replies":[{"embeddable":true,"href":"https:\/\/cafesg.gob.ar\/cafesg2\/wp-json\/wp\/v2\/comments?post=5347"}],"version-history":[{"count":0,"href":"https:\/\/cafesg.gob.ar\/cafesg2\/wp-json\/wp\/v2\/posts\/5347\/revisions"}],"wp:attachment":[{"href":"https:\/\/cafesg.gob.ar\/cafesg2\/wp-json\/wp\/v2\/media?parent=5347"}],"wp:term":[{"taxonomy":"category","embeddable":true,"href":"https:\/\/cafesg.gob.ar\/cafesg2\/wp-json\/wp\/v2\/categories?post=5347"},{"taxonomy":"post_tag","embeddable":true,"href":"https:\/\/cafesg.gob.ar\/cafesg2\/wp-json\/wp\/v2\/tags?post=5347"}],"curies":[{"name":"wp","href":"https:\/\/api.w.org\/{rel}","templated":true}]}}