 {"id":5339,"date":"2017-05-01T21:00:48","date_gmt":"2017-05-02T00:00:48","guid":{"rendered":"http:\/\/www.cafesg.gob.ar\/web\/?p=5339"},"modified":"2017-05-01T21:00:48","modified_gmt":"2017-05-02T00:00:48","slug":"con-mas-de-250-docentes-participantes-finalizaron-los-talleres-ambientales-sociales-de-cafesg","status":"publish","type":"post","link":"https:\/\/cafesg.gob.ar\/cafesg2\/con-mas-de-250-docentes-participantes-finalizaron-los-talleres-ambientales-sociales-de-cafesg\/","title":{"rendered":"Con m\u00e1s de 250 docentes participantes finalizaron los Talleres Ambientales Sociales de CAFESG"},"content":{"rendered":"<p>&nbsp;<\/p>\n<p>Con la participaci\u00f3n de m\u00e1s de 250 docentes provenientes de establecimientos educativos correspondientes al nivel inicial, primario y secundario, la Comisi\u00f3n Administradora para el Fondo Especial de Salto Grande (CAFESG), a trav\u00e9s de su programa Sensibilizadores Ambientales, llev\u00f3 adelante desde el viernes 21 al jueves 27 de abril estas jornadas de capacitaci\u00f3n en la tem\u00e1tica Talleres Ambientales Sociales sobre Residuos S\u00f3lidos Urbanos en la regi\u00f3n de Salto Grande.<\/p>\n<p>Los participantes elaborar\u00e1n un proyecto educativo ambiental en la tem\u00e1tica de Residuos S\u00f3lidos Urbanos con la consigna de\u00a0 mejorar un problema comunitario. La\u00a0 entrega de los posters ser\u00e1 en el mes de septiembre y en el mes de octubre la presentaci\u00f3n a la comunidad del proyecto elaborado.<\/p>\n<p>Alejandro Casa\u00f1as, presidente de CAFESG, reconoci\u00f3 sentirse \u201corgulloso del nivel de respuesta que tuvieron los talleres por parte de los docentes de todos los niveles, as\u00ed como del trabajo conjunto entre tantas y tan diversas instituciones en pos de un objetivo com\u00fan, capacitar para luego generar conciencia ambiental y en otra etapa identificar un problema y poder plantear su posible soluci\u00f3n\u201d.<\/p>\n<p>\u201cEsto est\u00e1 estrechamente ligado con la prioridad que ha establecido el gobernador Gustavo Bordet en el tema medio ambiente, ya que desde CAFESG, por su directiva, estamos trabajando en conjunto con las ciudades ribere\u00f1as aguas debajo de la represa de Salto Grande en un plan integral de saneamiento de nuestro querido r\u00edo Uruguay, buscando justamente aportar a un medio ambiente que vuelva a ser amigable con el ser humano y mejorar la calidad de este curso de agua que tambi\u00e9n tan ligado est\u00e1 a nuestro desarrollo tur\u00edstico\u201d finaliz\u00f3 Casa\u00f1as.<\/p>\n<p>CAFESG a trav\u00e9s de su programa Sensibilizadores Ambientales llev\u00f3 adelante estas jornadas conjuntamente con la Direcci\u00f3n Departamental de Escuelas, Municipalidad de Concordia, INTA, UTN Regional Concordia, Facultad de Ciencias de la Alimentaci\u00f3n UNER, Instituto de Control de Alimentaci\u00f3n y Bromatolog\u00eda (ICAB), Mesa de Gesti\u00f3n Local para la Econom\u00eda Social y Solidaria (MeGLESS), Instituto Nacional de Tecnolog\u00eda Industrial (INTI),\u00a0\u00a0 Red de Comercio Justo Pir\u00ed Hu\u00e9, Universidad de Buenos Aires (UBA) y el Consejo Nacional de Investigaciones Cient\u00edficas y T\u00e9cnicas (CONICET).<\/p>\n<p>El Objetivo General de los talleres fue capacitar a los docentes en temas relacionados a Los Residuos S\u00f3lidos Urbanos, con especial \u00e9nfasis en la transmisi\u00f3n de herramientas did\u00e1cticas que permitan la ense\u00f1anza de los conceptos de la disciplina en cualquier espacio curricular de nivel inicial, primario y secundario de la educaci\u00f3n.<\/p>\n<p><a href=\"https:\/\/www.cafesg.gob.ar\/cafesg2\/wp-content\/uploads\/2017\/05\/12.jpg\"><img loading=\"lazy\" decoding=\"async\" class=\"alignnone size-medium wp-image-5345\" src=\"https:\/\/www.cafesg.gob.ar\/cafesg2\/wp-content\/uploads\/2017\/05\/12-300x224.jpg\" alt=\"12\" width=\"300\" height=\"224\" \/><\/a><a href=\"https:\/\/www.cafesg.gob.ar\/cafesg2\/wp-content\/uploads\/2017\/05\/9.jpg\"><img loading=\"lazy\" decoding=\"async\" class=\"alignnone size-medium wp-image-5344\" src=\"https:\/\/www.cafesg.gob.ar\/cafesg2\/wp-content\/uploads\/2017\/05\/9-300x180.jpg\" alt=\"9\" width=\"300\" height=\"180\" \/><\/a><a href=\"https:\/\/www.cafesg.gob.ar\/cafesg2\/wp-content\/uploads\/2017\/05\/1.jpg\"><img loading=\"lazy\" decoding=\"async\" class=\"alignnone size-medium wp-image-5340\" src=\"https:\/\/www.cafesg.gob.ar\/cafesg2\/wp-content\/uploads\/2017\/05\/1-300x168.jpg\" alt=\"1\" width=\"300\" height=\"168\" \/><\/a><a href=\"https:\/\/www.cafesg.gob.ar\/cafesg2\/wp-content\/uploads\/2017\/05\/5.jpg\"><img loading=\"lazy\" decoding=\"async\" class=\"alignnone size-medium wp-image-5343\" src=\"https:\/\/www.cafesg.gob.ar\/cafesg2\/wp-content\/uploads\/2017\/05\/5-300x168.jpg\" alt=\"5\" width=\"300\" height=\"168\" \/><\/a><\/p>\n","protected":false},"excerpt":{"rendered":"<p>&nbsp; Con la participaci\u00f3n de m\u00e1s de 250 docentes provenientes de establecimientos educativos correspondientes al nivel inicial, primario y secundario, la Comisi\u00f3n Administradora para el Fondo Especial de Salto Grande (CAFESG), a trav\u00e9s de su programa Sensibilizadores Ambientales, llev\u00f3 adelante desde el viernes 21 al jueves 27 de abril estas jornadas de capacitaci\u00f3n en la [&hellip;]<\/p>\n","protected":false},"author":5,"featured_media":0,"comment_status":"open","ping_status":"open","sticky":false,"template":"","format":"standard","meta":{"footnotes":""},"categories":[15],"tags":[],"class_list":["post-5339","post","type-post","status-publish","format-standard","hentry","category-noticias"],"_links":{"self":[{"href":"https:\/\/cafesg.gob.ar\/cafesg2\/wp-json\/wp\/v2\/posts\/5339","targetHints":{"allow":["GET"]}}],"collection":[{"href":"https:\/\/cafesg.gob.ar\/cafesg2\/wp-json\/wp\/v2\/posts"}],"about":[{"href":"https:\/\/cafesg.gob.ar\/cafesg2\/wp-json\/wp\/v2\/types\/post"}],"author":[{"embeddable":true,"href":"https:\/\/cafesg.gob.ar\/cafesg2\/wp-json\/wp\/v2\/users\/5"}],"replies":[{"embeddable":true,"href":"https:\/\/cafesg.gob.ar\/cafesg2\/wp-json\/wp\/v2\/comments?post=5339"}],"version-history":[{"count":0,"href":"https:\/\/cafesg.gob.ar\/cafesg2\/wp-json\/wp\/v2\/posts\/5339\/revisions"}],"wp:attachment":[{"href":"https:\/\/cafesg.gob.ar\/cafesg2\/wp-json\/wp\/v2\/media?parent=5339"}],"wp:term":[{"taxonomy":"category","embeddable":true,"href":"https:\/\/cafesg.gob.ar\/cafesg2\/wp-json\/wp\/v2\/categories?post=5339"},{"taxonomy":"post_tag","embeddable":true,"href":"https:\/\/cafesg.gob.ar\/cafesg2\/wp-json\/wp\/v2\/tags?post=5339"}],"curies":[{"name":"wp","href":"https:\/\/api.w.org\/{rel}","templated":true}]}}