 {"id":5328,"date":"2017-04-21T21:19:26","date_gmt":"2017-04-22T00:19:26","guid":{"rendered":"http:\/\/www.cafesg.gob.ar\/web\/?p=5328"},"modified":"2017-04-21T21:19:26","modified_gmt":"2017-04-22T00:19:26","slug":"cafesg-dio-inicio-a-los-talleres-ambientales-sociales-sobre-el-tratamiento-de-residuos-solidos-urbanos-en-la-region-de-salto-grande","status":"publish","type":"post","link":"https:\/\/cafesg.gob.ar\/cafesg2\/cafesg-dio-inicio-a-los-talleres-ambientales-sociales-sobre-el-tratamiento-de-residuos-solidos-urbanos-en-la-region-de-salto-grande\/","title":{"rendered":"CAFESG DIO INICIO A LOS TALLERES AMBIENTALES \u2013 SOCIALES SOBRE EL TRATAMIENTO DE RESIDUOS S\u00d3LIDOS URBANOS EN LA REGI\u00d3N DE SALTO GRANDE"},"content":{"rendered":"<p><em>Consigna: \u201cE<\/em>l continuo aumento de la cantidad de residuos que generamos est\u00e1 provocando importantes problemas\u201d<\/p>\n<p>Tal y como estaba previsto se realiz\u00f3 en el 4to. piso del Centro C\u00edvico la apertura de los talleres sobre el Tratamiento de residuos s\u00f3lidos urbanos, compost y huertas, destinados a docentes de nivel inicial, primario y secundario, gratuitos y con otorgamiento de puntaje docente.<\/p>\n<p>Participaron del lanzamiento el presidente de la Comisi\u00f3n Administradora para el Fondo Especial de Salto Grande (CAFESG), Alejandro Casa\u00f1as, la Directora Departamental de Escuelas de Concordia, Griselda Di Lello, el director del INTA Concordia, Guillermo Meier; el decano de la UTN regional Concordia, Jorge Penco, el decano de la Facultad de Ciencias de la Alimentaci\u00f3n de UNER, Gustavo Teira, el director del Instituto de Control de Alimentaci\u00f3n y Bromatolog\u00eda (ICAB), Pablo Basso y por la Municipalidad de Concordia, Mart\u00edn Armanazqui.<\/p>\n<p>A su turno cada uno de los oradores destac\u00f3 la relevancia del tema que se desarrollar\u00e1 en los talleres teniendo como eje los Residuos S\u00f3lidos Urbanos.<\/p>\n<p>El presidente de CAFESG, Alejandro Casa\u00f1as, manifest\u00f3 \u201csu satisfacci\u00f3n por la tarea llevada adelante desde el \u00e1rea de Desarrollo de CAFESG, en este caso a trav\u00e9s del Programa de Sensibilizadores Ambientales, y de todas las instituciones que se sumaron a esta iniciativa para llevar a cabo estas jornadas de capacitaci\u00f3n\u201d<\/p>\n<p>Casa\u00f1as adem\u00e1s destac\u00f3 \u201cla importancia de la tem\u00e1tica dados los tiempos actuales, donde la maquinaria capitalista, sin ning\u00fan tipo de reparos, y solamente en pos de ganancias cada vez m\u00e1s extraordinarias, se est\u00e1 devorando el planeta, destruyendo nuestro h\u00e1bitat, nuestra casa com\u00fan como dice nuestro Papa Francisco, y postergando a millones de seres humanos a la m\u00e1s extrema de las pobrezas, es un sistema cada vez m\u00e1s injusto, por eso la relevancia de generar conciencia en las generaciones venideras y actuales, para conservar y salvar lo que a\u00fan es posible salvar\u201d.<\/p>\n<p>Es bueno recordar que el mencionado Programa fue declarado de Inter\u00e9s Legislativo por la C\u00e1mara de Senadores de la provincia de Entre R\u00edos.<\/p>\n<p>Los objetivos espec\u00edficos a nivel comunitario son establecer la discusi\u00f3n sobre esta problem\u00e1tica en las comunidades educativas; generar v\u00ednculos con la comunidad; fomentar el estudio de la relaci\u00f3n medio ambiente salud, desde una experiencia real y actual; y adem\u00e1s tiene como finalidad brindar un espacio institucional que posibilite la elaboraci\u00f3n de un proyecto \u00e1ulico de una problem\u00e1tica del entorno regional.<\/p>\n<p>CAFESG a trav\u00e9s de su programa Sensibilizadores Ambientales lleva adelante estas jornadas conjuntamente con la Direcci\u00f3n Departamental de Escuelas, Municipalidad de Concordia, INTA, UTN Regional Concordia, Facultad de Ciencias de la Alimentaci\u00f3n UNER, Instituto de Control de Alimentaci\u00f3n y Bromatolog\u00eda (ICAB), Mesa de Gesti\u00f3n Local para la Econom\u00eda Social y Solidaria (MeGLESS), Instituto Nacional de Tecnolog\u00eda Industrial (INTI),\u00a0\u00a0 Red de Comercio Justo Pir\u00ed Hu\u00e9, Universidad de Buenos Aires (UBA) y el Consejo Nacional de Investigaciones Cient\u00edficas y T\u00e9cnicas (CONICET).<\/p>\n<p>Los talleres contin\u00faan la pr\u00f3xima semana con la siguiente programaci\u00f3n:<\/p>\n<p><strong>Lunes 24 de Abril<\/strong> &#8211; Compostaje de RSU para su\u00a0 utilizaci\u00f3n en\u00a0 huertas org\u00e1nicas, de 9 a 11 hs. en INTA Concordia; Fabricaci\u00f3n de composteras domiciliarias, de 9 a 12 hs. en MIC 1er piso Centro C\u00edvico; Vitrofusi\u00f3n de 14 a 17 hs. en MIC 1er piso Centro C\u00edvico; Programa de gesti\u00f3n de Residuos, de 18 a 20 hs. en UTN Aula Magna.<\/p>\n<p><strong>Martes 25 de Abril<\/strong> &#8211; Kioscos saludables, de 9 a 11 hs. en MIC 1er piso Centro C\u00edvico; \u00c1rboles nativos un bien natural y social, de 9 a 12 hs. en Castillo Parque San Carlos; An\u00e1lisis de calidad de agua; Soberan\u00eda alimentaria, de 15 a 18 hs. en UNER Sal\u00f3n de Doctorado; Turismo y ambiente, de 14 a 16 hs. en MIC 1er piso Centro C\u00edvico.<\/p>\n<p><strong>Mi\u00e9rcoles 26 de Abril<\/strong> &#8211; Microemprendimientos\u00a0 con productos reciclados\/reutilizados, 8 a 10 hs. en MIC 1er piso Centro C\u00edvico; \u00a0Introducci\u00f3n a la generaci\u00f3n de energ\u00eda el\u00e9ctrica a partir de fuentes renovables, de 8,30 a 10 hs. en UTN; Ecosistema urbanos saludables, de 14 a 16 hs. en MIC 1er piso Centro C\u00edvico; Identificaci\u00f3n de humedales, 26 de 15 a 17 hs. en el Centro de Interpretaci\u00f3n Ambiental.<\/p>\n<p><a href=\"https:\/\/www.cafesg.gob.ar\/cafesg2\/wp-content\/uploads\/2017\/04\/Apertura-Talleres-Ambientales-1.jpeg\"><img loading=\"lazy\" decoding=\"async\" class=\"alignnone size-medium wp-image-5329\" src=\"https:\/\/www.cafesg.gob.ar\/cafesg2\/wp-content\/uploads\/2017\/04\/Apertura-Talleres-Ambientales-1-300x186.jpeg\" alt=\"Apertura Talleres Ambientales 1\" width=\"300\" height=\"186\" \/><\/a><a href=\"https:\/\/www.cafesg.gob.ar\/cafesg2\/wp-content\/uploads\/2017\/04\/Apertura-Talleres-Ambientales-2.jpeg\"><img loading=\"lazy\" decoding=\"async\" class=\"alignnone size-medium wp-image-5330\" src=\"https:\/\/www.cafesg.gob.ar\/cafesg2\/wp-content\/uploads\/2017\/04\/Apertura-Talleres-Ambientales-2-300x149.jpeg\" alt=\"Apertura Talleres Ambientales 2\" width=\"300\" height=\"149\" \/><\/a><a href=\"https:\/\/www.cafesg.gob.ar\/cafesg2\/wp-content\/uploads\/2017\/04\/Apertura-Talleres-Ambientales-5.jpeg\"><img loading=\"lazy\" decoding=\"async\" class=\"alignnone size-medium wp-image-5333\" src=\"https:\/\/www.cafesg.gob.ar\/cafesg2\/wp-content\/uploads\/2017\/04\/Apertura-Talleres-Ambientales-5-300x225.jpeg\" alt=\"Apertura Talleres Ambientales 5\" width=\"300\" height=\"225\" \/><\/a><a href=\"https:\/\/www.cafesg.gob.ar\/cafesg2\/wp-content\/uploads\/2017\/04\/Apertura-Talleres-Ambientales-4.jpeg\"><img loading=\"lazy\" decoding=\"async\" class=\"alignnone size-medium wp-image-5332\" src=\"https:\/\/www.cafesg.gob.ar\/cafesg2\/wp-content\/uploads\/2017\/04\/Apertura-Talleres-Ambientales-4-300x225.jpeg\" alt=\"Apertura Talleres Ambientales 4\" width=\"300\" height=\"225\" \/><\/a><\/p>\n","protected":false},"excerpt":{"rendered":"<p>Consigna: \u201cEl continuo aumento de la cantidad de residuos que generamos est\u00e1 provocando importantes problemas\u201d Tal y como estaba previsto se realiz\u00f3 en el 4to. piso del Centro C\u00edvico la apertura de los talleres sobre el Tratamiento de residuos s\u00f3lidos urbanos, compost y huertas, destinados a docentes de nivel inicial, primario y secundario, gratuitos y [&hellip;]<\/p>\n","protected":false},"author":5,"featured_media":0,"comment_status":"open","ping_status":"open","sticky":false,"template":"","format":"standard","meta":{"footnotes":""},"categories":[15],"tags":[],"class_list":["post-5328","post","type-post","status-publish","format-standard","hentry","category-noticias"],"_links":{"self":[{"href":"https:\/\/cafesg.gob.ar\/cafesg2\/wp-json\/wp\/v2\/posts\/5328","targetHints":{"allow":["GET"]}}],"collection":[{"href":"https:\/\/cafesg.gob.ar\/cafesg2\/wp-json\/wp\/v2\/posts"}],"about":[{"href":"https:\/\/cafesg.gob.ar\/cafesg2\/wp-json\/wp\/v2\/types\/post"}],"author":[{"embeddable":true,"href":"https:\/\/cafesg.gob.ar\/cafesg2\/wp-json\/wp\/v2\/users\/5"}],"replies":[{"embeddable":true,"href":"https:\/\/cafesg.gob.ar\/cafesg2\/wp-json\/wp\/v2\/comments?post=5328"}],"version-history":[{"count":0,"href":"https:\/\/cafesg.gob.ar\/cafesg2\/wp-json\/wp\/v2\/posts\/5328\/revisions"}],"wp:attachment":[{"href":"https:\/\/cafesg.gob.ar\/cafesg2\/wp-json\/wp\/v2\/media?parent=5328"}],"wp:term":[{"taxonomy":"category","embeddable":true,"href":"https:\/\/cafesg.gob.ar\/cafesg2\/wp-json\/wp\/v2\/categories?post=5328"},{"taxonomy":"post_tag","embeddable":true,"href":"https:\/\/cafesg.gob.ar\/cafesg2\/wp-json\/wp\/v2\/tags?post=5328"}],"curies":[{"name":"wp","href":"https:\/\/api.w.org\/{rel}","templated":true}]}}