 {"id":5273,"date":"2017-03-29T08:46:46","date_gmt":"2017-03-29T11:46:46","guid":{"rendered":"http:\/\/www.cafesg.gob.ar\/web\/?p=5273"},"modified":"2017-03-29T08:46:46","modified_gmt":"2017-03-29T11:46:46","slug":"mil-millones-en-obras-para-el-saneamiento-del-rio-uruguay","status":"publish","type":"post","link":"https:\/\/cafesg.gob.ar\/cafesg2\/mil-millones-en-obras-para-el-saneamiento-del-rio-uruguay\/","title":{"rendered":"Mil millones en obras para el saneamiento del r\u00edo Uruguay"},"content":{"rendered":"<p>Est\u00e1 prevista la refuncionalizaci\u00f3n y construcci\u00f3n de plantas de tratamiento de efluentes cloacales; m\u00e1s colectores y ampliaciones de las redes existentes.<\/p>\n<p>La informaci\u00f3n surge de la reuni\u00f3n que se mantuvo en la ma\u00f1ana del martes en la sede de la Comisi\u00f3n Administradora para el Fondo Especial de Salto Grande (CAFESG) y fue provista por el secretario de Planeamiento, Infraestructura y Servicios de la Provincia, Marcelo Richard, quien manifest\u00f3 que \u201cen principio el pedido de financiamiento es de cerca de mil millones de pesos para las cinco localidades involucradas\u201d.<br \/>\nVale recordar que este plan de saneamiento integral del r\u00edo de los p\u00e1jaros en su margen entrerriana, involucra las ciudades de Concordia, San Jos\u00e9, Col\u00f3n, Concepci\u00f3n del Uruguay y Gualeguaych\u00fa, y es promovido por el gobernador Gustavo Bordet, quien ha \u201cdado la orden\u201d, seg\u00fan lo expresado por Richard \u201cpara precipitar inmediatamente este proceso y presentar durante el mes de abril estos proyectos y avanzar r\u00e1pidamente ya que est\u00e1 el acuerdo con Naci\u00f3n para el financiamiento a trav\u00e9s de la Corporaci\u00f3n Andina de Fomento\u201d.<br \/>\nEn funci\u00f3n de esta aceleraci\u00f3n de los plazos previstos, el funcionario dependiente del ministro Luis Benedetto explic\u00f3 que se estableci\u00f3 el d\u00eda 19 de abril como plazo \u201cpara poder contar con toda la documentaci\u00f3n de los proyectos de las cinco localidades, esto es para hacer la presentaci\u00f3n ante la Subsecretar\u00eda de Recursos H\u00eddricos de la Naci\u00f3n a trav\u00e9s del Ente Nacional de Obras H\u00eddricas de Saneamiento (Enohsa) que son quienes van a evaluar los proyectos y a partir de ah\u00ed tener la aprobaci\u00f3n para la ejecuci\u00f3n o para el llamado a licitaci\u00f3n de las obras\u201d.<br \/>\n\u201cEsto se inserta dentro de lo que es el plan de infraestructura, de agua y saneamiento que el gobernador ha establecido como prioridad en la provincia y por lo tanto y conjuntamente con la Rep\u00fablica Oriental del Uruguay poder sanear lo que son los contaminantes sobre el r\u00edo Uruguay\u201d finaliz\u00f3 el arquitecto Richard.<br \/>\nDe la reuni\u00f3n, participaron adem\u00e1s del mencionado funcionario provincial, el intendente de la ciudad de Concordia, Enrique Cresto junto a su viceintendente, Armando Gay, el presidente de CAFESG, Alejandro Casa\u00f1as y equipos t\u00e9cnicos de las ciudades incluidas en el plan de saneamiento integral del r\u00edo Uruguay y del organismo anfitri\u00f3n, que a su vez es el coordinador general de los diferentes proyectos.<br \/>\nLuego de finalizada la reuni\u00f3n, el intendente Cresto expres\u00f3 \u201cprimero que nada\u201d sentirse \u201cmuy contento porque gracias a los profesionales de CAFESG nosotros nos podemos adelantar a much\u00edsimas ciudad de la Argentina, porque si bien puede estar el financiamiento, las consultoras no tiene turno para la elaboraci\u00f3n de proyectos hasta el 2018\u201d.<br \/>\nCresto cont\u00f3 tambi\u00e9n que \u201cnosotros pedimos la posibilidad de que sea CAFESG junto con obras p\u00fablicas y obras sanitarias de cada municipio la que elabore los proyectos y el ENHOSA aprob\u00f3 que sean los t\u00e9cnicos de CAFESG los que tomando como base lo ya existente se haga cargo del proyecto\u201d.<br \/>\nPor \u00faltimo, el presidente municipal de Concordia manifest\u00f3 su satisfacci\u00f3n porque en la reuni\u00f3n \u201cpusimos como fecha el 19 de abril para presentar los proyectos de Concordia, San Jos\u00e9, Col\u00f3n, Concepci\u00f3n del Uruguay y Gualeguaych\u00fa, con un presupuesto total de financiamiento de mil millones de pesos y son obras que contemplan el crecimiento de las ciudades en los pr\u00f3ximos veinte o treinta a\u00f1os de modo, de no volver a tener problemas con los efluentes y lograr el saneamiento del r\u00edo Uruguay\u201d.<br \/>\nEs bueno aclarar que esta obra m\u00e1s la construcci\u00f3n de la nueva planta potabilizadora de agua en el Parque San Carlos significan m\u00e1s de mil cien millones de pesos en dos obras de infraestructura fundamentales para los vecinos de la ciudad de Concordia.<br \/>\nPara Alejandro Casa\u00f1as, presidente de CAFESG, dada la situaci\u00f3n actual del organismo que preside \u201cha sido ejemplar y fundamental la decisi\u00f3n pol\u00edtica del gobernador Gustavo Bordet de sostener CAFESG, y darle tareas que siguen teniendo relaci\u00f3n con el desarrollo de la regi\u00f3n de Salto Grande y de la provincia, para seguir demostrando la val\u00eda de los recursos humanos y t\u00e9cnicos con que cuenta este organismo, que est\u00e1n despojados de cualquier inter\u00e9s pol\u00edtico y siempre est\u00e1n, como lo han demostrado hist\u00f3ricamente, al servicio de cada una de las comunidades donde se los necesita\u201d.<br \/>\nEn relaci\u00f3n al encuentro llevado adelante en sede de CAFESG, cas\u00f1as expres\u00f3 que fue \u201cuna reuni\u00f3n muy importante, sobre todo por la presencia del arquitecto Richard, ya que cada municipio rindi\u00f3 cuentas del estado de situaci\u00f3n de sus respectivos proyectos, en relaci\u00f3n con aspectos t\u00e9cnicos, presupuestarios y de algunas situaciones dominiales a fin de que no haya ning\u00fan traspi\u00e9 en la consecuci\u00f3n de los objetivos y fechas previstos\u201d.<br \/>\nPor su parte, el secretario de obras p\u00fablicas de la Municipalidad de Col\u00f3n, Mariano Rebord explic\u00f3 que \u201ca diferencia de otras ciudades, en Col\u00f3n ya tenemos planta de tratamiento de efluentes, lo que nos pasa es que ya est\u00e1n obsoletas, puesto que fueron dise\u00f1adas para quince mil habitantes y hoy estamos en los treinta mil y en temporada alta hemos llegado hasta las cincuenta mil personas en la ciudad, con lo cual el sistema cloacal de la ciudad est\u00e1 totalmente colapsado, este proyecto que estamos llevando adelante junto con CAFESG nos va a permitir ampliar la red existente y llegar a sectores a los cuales hoy no estamos llegando\u201d<br \/>\nPor CAFESG participaron de la reuni\u00f3n los ingenieros Gustavo Larenze, Gerardo Sasso, Carlos V\u00edctor, Dar\u00edo Ducret y Luciano Pen\u00f3n, y los arquitectos Roberto Acu\u00f1a y Marcela Kappes, en tanto por la municipalidad de Concordia acompa\u00f1aron al intendente la arquitecta Mireya Lopez Bernis y el ingeniero Cristian Buffa, en representaci\u00f3n del municipio de San Jos\u00e9 concurri\u00f3 el ingeniero Claudio Lara, por Col\u00f3n el ingeniero Jos\u00e9 Melgar y por la hist\u00f3rica participaron los ingenieros Fernando Lezcano y Claudia Capello.<\/p>\n<p><a href=\"https:\/\/www.cafesg.gob.ar\/cafesg2\/wp-content\/uploads\/2017\/03\/Reuni\u00c3\u00b3n-Saneamiento-1.jpg\"><img loading=\"lazy\" decoding=\"async\" class=\"alignnone size-medium wp-image-5276\" src=\"https:\/\/www.cafesg.gob.ar\/cafesg2\/wp-content\/uploads\/2017\/03\/Reuni\u00c3\u00b3n-Saneamiento-1-300x224.jpg\" alt=\"Reuni\u00c3\u00b3n Saneamiento 1\" width=\"300\" height=\"224\" \/><\/a>\u00a0 \u00a0 \u00a0<a href=\"https:\/\/www.cafesg.gob.ar\/cafesg2\/wp-content\/uploads\/2017\/03\/Reuni\u00c3\u00b3n-Saneamiento-3.jpg\"><img loading=\"lazy\" decoding=\"async\" class=\"alignnone size-medium wp-image-5277\" src=\"https:\/\/www.cafesg.gob.ar\/cafesg2\/wp-content\/uploads\/2017\/03\/Reuni\u00c3\u00b3n-Saneamiento-3-300x224.jpg\" alt=\"Reuni\u00c3\u00b3n Saneamiento 3\" width=\"300\" height=\"224\" \/><\/a>\u00a0 \u00a0 \u00a0<a href=\"https:\/\/www.cafesg.gob.ar\/cafesg2\/wp-content\/uploads\/2017\/03\/Reuni\u00c3\u00b3n-Saneamiento-5.jpg\"><img loading=\"lazy\" decoding=\"async\" class=\"alignnone size-medium wp-image-5278\" src=\"https:\/\/www.cafesg.gob.ar\/cafesg2\/wp-content\/uploads\/2017\/03\/Reuni\u00c3\u00b3n-Saneamiento-5-300x224.jpg\" alt=\"Reuni\u00c3\u00b3n Saneamiento 5\" width=\"300\" height=\"224\" \/><\/a>\u00a0 \u00a0 \u00a0<a href=\"https:\/\/www.cafesg.gob.ar\/cafesg2\/wp-content\/uploads\/2017\/03\/Reuni\u00c3\u00b3n-Saneamiento-2.jpg\"><img loading=\"lazy\" decoding=\"async\" class=\"alignnone size-medium wp-image-5281\" src=\"https:\/\/www.cafesg.gob.ar\/cafesg2\/wp-content\/uploads\/2017\/03\/Reuni\u00c3\u00b3n-Saneamiento-2-300x224.jpg\" alt=\"Reuni\u00c3\u00b3n Saneamiento 2\" width=\"300\" height=\"224\" \/><\/a><\/p>\n","protected":false},"excerpt":{"rendered":"<p>Est\u00e1 prevista la refuncionalizaci\u00f3n y construcci\u00f3n de plantas de tratamiento de efluentes cloacales; m\u00e1s colectores y ampliaciones de las redes existentes. La informaci\u00f3n surge de la reuni\u00f3n que se mantuvo en la ma\u00f1ana del martes en la sede de la Comisi\u00f3n Administradora para el Fondo Especial de Salto Grande (CAFESG) y fue provista por el [&hellip;]<\/p>\n","protected":false},"author":5,"featured_media":0,"comment_status":"open","ping_status":"open","sticky":false,"template":"","format":"standard","meta":{"footnotes":""},"categories":[15],"tags":[],"class_list":["post-5273","post","type-post","status-publish","format-standard","hentry","category-noticias"],"_links":{"self":[{"href":"https:\/\/cafesg.gob.ar\/cafesg2\/wp-json\/wp\/v2\/posts\/5273","targetHints":{"allow":["GET"]}}],"collection":[{"href":"https:\/\/cafesg.gob.ar\/cafesg2\/wp-json\/wp\/v2\/posts"}],"about":[{"href":"https:\/\/cafesg.gob.ar\/cafesg2\/wp-json\/wp\/v2\/types\/post"}],"author":[{"embeddable":true,"href":"https:\/\/cafesg.gob.ar\/cafesg2\/wp-json\/wp\/v2\/users\/5"}],"replies":[{"embeddable":true,"href":"https:\/\/cafesg.gob.ar\/cafesg2\/wp-json\/wp\/v2\/comments?post=5273"}],"version-history":[{"count":0,"href":"https:\/\/cafesg.gob.ar\/cafesg2\/wp-json\/wp\/v2\/posts\/5273\/revisions"}],"wp:attachment":[{"href":"https:\/\/cafesg.gob.ar\/cafesg2\/wp-json\/wp\/v2\/media?parent=5273"}],"wp:term":[{"taxonomy":"category","embeddable":true,"href":"https:\/\/cafesg.gob.ar\/cafesg2\/wp-json\/wp\/v2\/categories?post=5273"},{"taxonomy":"post_tag","embeddable":true,"href":"https:\/\/cafesg.gob.ar\/cafesg2\/wp-json\/wp\/v2\/tags?post=5273"}],"curies":[{"name":"wp","href":"https:\/\/api.w.org\/{rel}","templated":true}]}}