 {"id":5146,"date":"2016-11-12T09:32:07","date_gmt":"2016-11-12T12:32:07","guid":{"rendered":"http:\/\/www.cafesg.gob.ar\/web\/?p=5146"},"modified":"2016-11-12T09:32:07","modified_gmt":"2016-11-12T12:32:07","slug":"el-mici-de-cafesg-es-una-de-las-principales-atracciones-de-la-feria-del-libro-de-federacion","status":"publish","type":"post","link":"https:\/\/cafesg.gob.ar\/cafesg2\/el-mici-de-cafesg-es-una-de-las-principales-atracciones-de-la-feria-del-libro-de-federacion\/","title":{"rendered":"El MICI de CAFESG es una de las principales atracciones de la Feria del Libro de Federaci\u00f3n"},"content":{"rendered":"<p><em>Se instal\u00f3 con sus 32 m\u00f3dulos en la Escuela T\u00e9cnica N\u00ba 57 Fray Luis Beltr\u00e1n<\/em><\/p>\n<p>Con cientos de visitas durante los dos primeros d\u00edas de la muestra, el Museo Interactivo de Ciencias Itinerante (MICI) de CAFESG se transform\u00f3 es uno de los mayores atractivos de la 4\u00aa Feria del Libro de Federaci\u00f3n, que se extender\u00e1 hasta este domingo 13 organizada por la Biblioteca Popular Rivadavia en su 120\u00ba aniversario, con la participaci\u00f3n de colaboradores y el municipio local.<\/p>\n<p>El MICI de la Comisi\u00f3n Administradora para el Fondo Especial de Salto Grande est\u00e1 instalado en dependencias de la Escuela T\u00e9cnica N\u00ba 57 Fray Luis Beltr\u00e1n, y se puede visitar de 9.30 a 11 y de 15 a 19 horas.<\/p>\n<p>El MICI de CAFESG consiste es un tr\u00e1iler que contiene dispositivos relacionados con fen\u00f3menos de \u00f3ptica, percepci\u00f3n, sonido, fluidos, mec\u00e1nica, magnetismo, electricidad, qu\u00edmica, matem\u00e1tica y biolog\u00eda.<\/p>\n<p>Sus 32 m\u00f3dulos \u2013una vez ensamblados e instalados\u2013 lo transforman es un espacio educativo de recreaci\u00f3n y conocimiento basado en la interactividad, destinado a todo p\u00fablico: ni\u00f1os, j\u00f3venes y adultos.<\/p>\n<p>En el MICI se muestra y se experimenta con principios de la ciencia en forma atractiva, de manera tal de explicar activamente todo lo que sucede a nuestro alrededor.<\/p>\n<p>El acento est\u00e1 puesto b\u00e1sicamente en la experimentaci\u00f3n: se puede ver, explorar, tocar, mover, cambiar, observar lo que sucede; pensar, y volver a experimentar. La participaci\u00f3n en las actividades del MICI es libre, guiada, exploratoria, informativa y l\u00fadica.<\/p>\n<p><a href=\"https:\/\/www.cafesg.gob.ar\/cafesg2\/wp-content\/uploads\/2016\/11\/MICI-en-Feria-Libro-Federaci\u00f3n-1.jpg\"><img loading=\"lazy\" decoding=\"async\" class=\"alignnone size-thumbnail wp-image-5147\" src=\"https:\/\/www.cafesg.gob.ar\/cafesg2\/wp-content\/uploads\/2016\/11\/MICI-en-Feria-Libro-Federaci\u00f3n-1-150x150.jpg\" alt=\"mici-en-feria-libro-federacion-1\" width=\"150\" height=\"150\" \/><\/a> <a href=\"https:\/\/www.cafesg.gob.ar\/cafesg2\/wp-content\/uploads\/2016\/11\/MICI-en-Feria-Libro-Federaci\u00f3n-4.jpg\"><img loading=\"lazy\" decoding=\"async\" class=\"alignnone size-thumbnail wp-image-5148\" src=\"https:\/\/www.cafesg.gob.ar\/cafesg2\/wp-content\/uploads\/2016\/11\/MICI-en-Feria-Libro-Federaci\u00f3n-4-150x150.jpg\" alt=\"mici-en-feria-libro-federacion-4\" width=\"150\" height=\"150\" \/><\/a> <a href=\"https:\/\/www.cafesg.gob.ar\/cafesg2\/wp-content\/uploads\/2016\/11\/MICI-en-Feria-Libro-Federaci\u00f3n-5.jpg\"><img loading=\"lazy\" decoding=\"async\" class=\"alignnone size-thumbnail wp-image-5149\" src=\"https:\/\/www.cafesg.gob.ar\/cafesg2\/wp-content\/uploads\/2016\/11\/MICI-en-Feria-Libro-Federaci\u00f3n-5-150x150.jpg\" alt=\"mici-en-feria-libro-federacion-5\" width=\"150\" height=\"150\" \/><\/a><\/p>\n<p>\u201cEl MICI es un espacio de participaci\u00f3n social para la extensi\u00f3n, la comunicaci\u00f3n y el aprendizaje no formal de las ciencias y la tecnolog\u00eda, destinado principalmente a estudiantes y j\u00f3venes de la Regi\u00f3n, con el fin de promover la ciencia para todos, fomentar y difundir la alfabetizaci\u00f3n cient\u00edfica en todas las culturas y en todos los sectores de la sociedad\u201d, se\u00f1al\u00f3 Rub\u00e9n Rastelli, vocal del Directorio de CAFESG y principal impulsor de su arribo a la 4\u00aa Feria del Libro de Federaci\u00f3n.<\/p>\n<p>\u201cEn el MICI es posible descubrir a trav\u00e9s de la curiosidad, la emoci\u00f3n y las expectativas, despertando de esta manera el inter\u00e9s del visitante por las ciencias y su estudio\u201d, concluy\u00f3 el funcionario provincial.<\/p>\n","protected":false},"excerpt":{"rendered":"<p>Se instal\u00f3 con sus 32 m\u00f3dulos en la Escuela T\u00e9cnica N\u00ba 57 Fray Luis Beltr\u00e1n Con cientos de visitas durante los dos primeros d\u00edas de la muestra, el Museo Interactivo de Ciencias Itinerante (MICI) de CAFESG se transform\u00f3 es uno de los mayores atractivos de la 4\u00aa Feria del Libro de Federaci\u00f3n, que se extender\u00e1 [&hellip;]<\/p>\n","protected":false},"author":1,"featured_media":0,"comment_status":"open","ping_status":"open","sticky":false,"template":"","format":"standard","meta":{"footnotes":""},"categories":[15],"tags":[],"class_list":["post-5146","post","type-post","status-publish","format-standard","hentry","category-noticias"],"_links":{"self":[{"href":"https:\/\/cafesg.gob.ar\/cafesg2\/wp-json\/wp\/v2\/posts\/5146","targetHints":{"allow":["GET"]}}],"collection":[{"href":"https:\/\/cafesg.gob.ar\/cafesg2\/wp-json\/wp\/v2\/posts"}],"about":[{"href":"https:\/\/cafesg.gob.ar\/cafesg2\/wp-json\/wp\/v2\/types\/post"}],"author":[{"embeddable":true,"href":"https:\/\/cafesg.gob.ar\/cafesg2\/wp-json\/wp\/v2\/users\/1"}],"replies":[{"embeddable":true,"href":"https:\/\/cafesg.gob.ar\/cafesg2\/wp-json\/wp\/v2\/comments?post=5146"}],"version-history":[{"count":0,"href":"https:\/\/cafesg.gob.ar\/cafesg2\/wp-json\/wp\/v2\/posts\/5146\/revisions"}],"wp:attachment":[{"href":"https:\/\/cafesg.gob.ar\/cafesg2\/wp-json\/wp\/v2\/media?parent=5146"}],"wp:term":[{"taxonomy":"category","embeddable":true,"href":"https:\/\/cafesg.gob.ar\/cafesg2\/wp-json\/wp\/v2\/categories?post=5146"},{"taxonomy":"post_tag","embeddable":true,"href":"https:\/\/cafesg.gob.ar\/cafesg2\/wp-json\/wp\/v2\/tags?post=5146"}],"curies":[{"name":"wp","href":"https:\/\/api.w.org\/{rel}","templated":true}]}}