 {"id":5141,"date":"2016-11-11T09:23:55","date_gmt":"2016-11-11T12:23:55","guid":{"rendered":"http:\/\/www.cafesg.gob.ar\/web\/?p=5141"},"modified":"2016-11-11T09:23:55","modified_gmt":"2016-11-11T12:23:55","slug":"cafesg-elabora-el-proyecto-para-refuncionalizar-el-colector-cloacal-principal-de-villa-adela","status":"publish","type":"post","link":"https:\/\/cafesg.gob.ar\/cafesg2\/cafesg-elabora-el-proyecto-para-refuncionalizar-el-colector-cloacal-principal-de-villa-adela\/","title":{"rendered":"CAFESG elabora el proyecto para refuncionalizar el colector cloacal principal de Villa Adela  \u00a0"},"content":{"rendered":"<p><em>La obra comprende un aumento de di\u00e1metro y cambio de traza para favorecer su mantenimiento<\/em><\/p>\n<p>Atendiendo a una solicitud de la Cooperativa de Agua Potable de Villa Adela realizada en al a\u00f1o 2015, la Comisi\u00f3n Administradora para el Fondo Especial de Salto Grande (CAFESG) comenz\u00f3 a desarrollar el proyecto para la ejecuci\u00f3n de la obra \u201cRefuncionalizaci\u00f3n del colector cloacal principal de Villa Adela\u201d, que abarcar\u00e1 el tramo comprendido entre la esquina de Avenida Uni\u00f3n y Scalabrini Ort\u00edz, hasta la Planta de Tratamiento de efluentes cloacales.<\/p>\n<p>La Cooperativa de Agua sostiene su funcionamiento con el acompa\u00f1amiento permanente del Estado provincial, y su servicio es deficiente, por lo que, desde el Ministerio de Planificaci\u00f3n, a cargo del ingeniero Luis Benedetto, se le dio un nuevo impulso al pedido y se dispuso la realizaci\u00f3n de un proyecto a trav\u00e9s de CAFESG y OSER (Obras Sanitarias de Entre R\u00edos), para readecuar el trazado y mejorar el servicio. Una vez concluido el proyecto, se evaluar\u00e1 su realizaci\u00f3n en 1 o 2 etapas, con financiamiento provincial.<\/p>\n<p>En el mes de agosto de este a\u00f1o la Cooperativa actualiz\u00f3, y agreg\u00f3 al expediente, un estudio de factibilidad de trazas, realizado por su asesor t\u00e9cnico, el ingeniero Alejandro Bessone.<\/p>\n<p>En setiembre pasado se formalizaron dos reuniones en CAFESG con el prop\u00f3sito de acordar la traza m\u00e1s conveniente para el proyecto del colector cloacal: la primera entre los proyectistas de CAFESG, ingenieros Gustavo Larenze y Carlos V\u00edctor, con vecinos de la zona perjudicados por la actual traza del colector y con la licenciada Elda Carmona de la Secretar\u00eda de Medio Ambiente de la Municipalidad; el segundo encuentro, en tanto, se celebr\u00f3 entre t\u00e9cnicos de CAFESG y el Presidente de la Cooperativa de Agua Potable de Villa Adela, acompa\u00f1ado por su asesor t\u00e9cnico, ingeniero Alejandro Bessone.<\/p>\n<p>A su vez, en setiembre mismo comenzaron las gestiones para obtener el financiamiento de la obra por parte del ministro de Planeamiento, Infraestructura y Servicios de la provincia, ingeniero Luis Benedetto, a trav\u00e9s de OSER.<\/p>\n<p>Asimismo, en el mes de octubre se mantuvieron dos reuniones entre el personal t\u00e9cnico de CAFESG y de OSER, a fin de dise\u00f1ar un anteproyecto, con un presupuesto estimativo de $ 3.600.000; con ese presupuesto estimado, la Provincia, se encuentra gestionando los fondos para la ejecuci\u00f3n de la obra.<\/p>\n<p>A principios del mes pasado, personal t\u00e9cnico de CAFESG realiz\u00f3 dos visitas a la zona, una acompa\u00f1ado de los vecinos y la otra en compa\u00f1\u00eda de referentes de la Cooperativa de Agua, a fin de realizar una aproximaci\u00f3n in situ al estado de situaci\u00f3n actual.<\/p>\n<p>El d\u00eda martes 8 de noviembre, CAFESG comenz\u00f3 con las tareas de nivelaci\u00f3n de la traza elegida, la m\u00e1s conveniente. Dichas tareas de campo se terminar\u00e1n hoy viernes 11. Con esta informaci\u00f3n b\u00e1sica, CAFESG estar\u00eda en condiciones de terminar el proyecto ejecutivo en unos 10 d\u00edas, a partir de la fecha.<\/p>\n<p>Luego de estos trabajos, una vez definida la realizaci\u00f3n de la obra por OSER con la participaci\u00f3n t\u00e9cnica de CAFESG, ambos organismos provinciales fueron convocados por la intendencia de Concordia a una reuni\u00f3n en la Municipalidad, donde se incorpor\u00f3 la participaci\u00f3n de CTM, \u00fanicamente mediante la donaci\u00f3n de materiales.<\/p>\n<p>El acuerdo alcanzado en la reuni\u00f3n fue: CTM realizar\u00e1 la provisi\u00f3n de los ca\u00f1os para la obra que sanear\u00e1 el problema de la red cloacal de Villa Adela y desde la Provincia \u2013a trav\u00e9s de CAFESG\u2013 se realizar\u00e1 el proyecto y la direcci\u00f3n t\u00e9cnica, mientras que OSER se har\u00e1 cargo de las bocas de registro y la mano de obra.<\/p>\n<p><a href=\"https:\/\/www.cafesg.gob.ar\/cafesg2\/wp-content\/uploads\/2016\/11\/Nivelaci\u00f3n-Villa-Adela-1.jpg\"><img loading=\"lazy\" decoding=\"async\" class=\"alignnone size-thumbnail wp-image-5142\" src=\"https:\/\/www.cafesg.gob.ar\/cafesg2\/wp-content\/uploads\/2016\/11\/Nivelaci\u00f3n-Villa-Adela-1-150x150.jpg\" alt=\"nivelacion-villa-adela-1\" width=\"150\" height=\"150\" \/><\/a> <a href=\"https:\/\/www.cafesg.gob.ar\/cafesg2\/wp-content\/uploads\/2016\/11\/Nivelaci\u00f3n-Villa-Adela-2.jpg\"><img loading=\"lazy\" decoding=\"async\" class=\"alignnone size-thumbnail wp-image-5143\" src=\"https:\/\/www.cafesg.gob.ar\/cafesg2\/wp-content\/uploads\/2016\/11\/Nivelaci\u00f3n-Villa-Adela-2-150x150.jpg\" alt=\"nivelacion-villa-adela-2\" width=\"150\" height=\"150\" \/><\/a> <a href=\"https:\/\/www.cafesg.gob.ar\/cafesg2\/wp-content\/uploads\/2016\/11\/Nivelaci\u00f3n-Villa-Adela-3.jpg\"><img loading=\"lazy\" decoding=\"async\" class=\"alignnone size-thumbnail wp-image-5144\" src=\"https:\/\/www.cafesg.gob.ar\/cafesg2\/wp-content\/uploads\/2016\/11\/Nivelaci\u00f3n-Villa-Adela-3-150x150.jpg\" alt=\"nivelacion-villa-adela-3\" width=\"150\" height=\"150\" \/><\/a><\/p>\n<p>&nbsp;<\/p>\n<p><!--more--><\/p>\n<p><strong>Situaci\u00f3n actual<\/strong><\/p>\n<p>La expansi\u00f3n urbana que experiment\u00f3 Villa Adela en los \u00faltimos a\u00f1os, tanto en viviendas como en el sector industrial, trajo aparejado un aumento del uso del agua potable y del caudal de los efluentes cloacales. Por consiguiente, las redes primarias (de 160 mil\u00edmetros de di\u00e1metro) ante la ausencia de colectores principales de mayor di\u00e1metro, comenzaron a trabajar al m\u00e1ximo de su capacidad.<\/p>\n<p>Esta sobre-exigencia provoca que el sistema cloacal de Villa Adela colapse en forma peri\u00f3dica, con desbordes de efluentes a partir de la esquina de Avenida Uni\u00f3n y Scalabrini Ort\u00edz hasta su vertido final en las piletas de la Planta de Tratamiento Cloacal, ubicada a unos 1.500 metros de esa intersecci\u00f3n.<\/p>\n<p>Otro problema que se presenta es la actual traza de la red, que hoy atraviesa la laguna de la reserva ecol\u00f3gica de Dri, lo que ocasiona inconvenientes a la hora de hacer el mantenimiento sobre el colector.<\/p>\n<p>En funci\u00f3n de ello, el objetivo que persigue esta obra que proyecta CAFESG es solucionar dos problemas de la actual red cloacal de este barrio ubicado en el acceso sur a Concordia:<\/p>\n<p>-Aumentar el caudal portante del colector cloacal en el tramo mencionado con la colocaci\u00f3n de 1275 metros de ca\u00f1er\u00eda para colector cloacal, de material P.V.C., de 315 mil\u00edmetros de di\u00e1metro, con lo cual se asegura este tramo de la red cloacal para una poblaci\u00f3n a futuro de 25 a\u00f1os.<\/p>\n<p>-Cambiar la traza del colector actual llev\u00e1ndolo a lugares m\u00e1s apropiados para su control y mantenimiento.<\/p>\n<p>-Construir unas 20 c\u00e1maras de registro de hormig\u00f3n armado y accesorios.<\/p>\n<p>-Se sumar\u00e1n tambi\u00e9n algunas obras en las actuales piletas de tratamiento cloacal, como las cortinas vegetales, rejas faltantes y otras a definir en el proyecto final.<\/p>\n<p>Una vez finalizado el proyecto, la carpeta correspondiente ser\u00e1 elevada al Ministerio de Planeamiento, Infraestructura y Servicios de la provincia para su financiamiento, llamado a licitaci\u00f3n y ejecuci\u00f3n de la obra.<\/p>\n<p>El presidente de CAFESG, Alejandro Casa\u00f1as indic\u00f3 al respecto que \u201cdesde el \u00e1rea t\u00e9cnica de CAFESG seguimos con el mandato de nuestro gobernador Gustavo Bordet de brindar apoyo y asistencia a todas las intendencias, Juntas de Gobierno o instituciones sociales, como en este caso la Cooperativa de Agua Potable de Villa Adela\u201d, resalt\u00f3.<\/p>\n<p>\u201cEste es un problema hist\u00f3rico y una necesidad muy requerida por los vecinos de la zona, as\u00ed que nos hemos puesto de acuerdo con la Cooperativa de Agua y siguiendo instrucciones del ministro de Planeamiento, Infraestructura y Servicios, Luis Benedetto, nos abocamos de inmediato a la tarea de buscar la mejor soluci\u00f3n t\u00e9cnica de acuerdo a las necesidades y exigencias que la obra plantea\u201d, concluy\u00f3 el titular del organismo provincial.<\/p>\n","protected":false},"excerpt":{"rendered":"<p>La obra comprende un aumento de di\u00e1metro y cambio de traza para favorecer su mantenimiento Atendiendo a una solicitud de la Cooperativa de Agua Potable de Villa Adela realizada en al a\u00f1o 2015, la Comisi\u00f3n Administradora para el Fondo Especial de Salto Grande (CAFESG) comenz\u00f3 a desarrollar el proyecto para la ejecuci\u00f3n de la obra [&hellip;]<\/p>\n","protected":false},"author":1,"featured_media":0,"comment_status":"open","ping_status":"open","sticky":false,"template":"","format":"standard","meta":{"footnotes":""},"categories":[15],"tags":[],"class_list":["post-5141","post","type-post","status-publish","format-standard","hentry","category-noticias"],"_links":{"self":[{"href":"https:\/\/cafesg.gob.ar\/cafesg2\/wp-json\/wp\/v2\/posts\/5141","targetHints":{"allow":["GET"]}}],"collection":[{"href":"https:\/\/cafesg.gob.ar\/cafesg2\/wp-json\/wp\/v2\/posts"}],"about":[{"href":"https:\/\/cafesg.gob.ar\/cafesg2\/wp-json\/wp\/v2\/types\/post"}],"author":[{"embeddable":true,"href":"https:\/\/cafesg.gob.ar\/cafesg2\/wp-json\/wp\/v2\/users\/1"}],"replies":[{"embeddable":true,"href":"https:\/\/cafesg.gob.ar\/cafesg2\/wp-json\/wp\/v2\/comments?post=5141"}],"version-history":[{"count":0,"href":"https:\/\/cafesg.gob.ar\/cafesg2\/wp-json\/wp\/v2\/posts\/5141\/revisions"}],"wp:attachment":[{"href":"https:\/\/cafesg.gob.ar\/cafesg2\/wp-json\/wp\/v2\/media?parent=5141"}],"wp:term":[{"taxonomy":"category","embeddable":true,"href":"https:\/\/cafesg.gob.ar\/cafesg2\/wp-json\/wp\/v2\/categories?post=5141"},{"taxonomy":"post_tag","embeddable":true,"href":"https:\/\/cafesg.gob.ar\/cafesg2\/wp-json\/wp\/v2\/tags?post=5141"}],"curies":[{"name":"wp","href":"https:\/\/api.w.org\/{rel}","templated":true}]}}