 {"id":5135,"date":"2016-11-08T08:30:55","date_gmt":"2016-11-08T11:30:55","guid":{"rendered":"http:\/\/www.cafesg.gob.ar\/web\/?p=5135"},"modified":"2016-11-08T08:30:55","modified_gmt":"2016-11-08T11:30:55","slug":"cafesg-y-el-ministerio-de-salud-ofrecieron-capacitaciones-teorico-practicas-en-tecnicas-de-rcp","status":"publish","type":"post","link":"https:\/\/cafesg.gob.ar\/cafesg2\/cafesg-y-el-ministerio-de-salud-ofrecieron-capacitaciones-teorico-practicas-en-tecnicas-de-rcp\/","title":{"rendered":"CAFESG y el Ministerio de Salud ofrecieron capacitaciones te\u00f3rico-pr\u00e1cticas en t\u00e9cnicas de RCP"},"content":{"rendered":"<p><em>Acciones para la toma de conciencia sobre su relevancia social entre los estudiantes secundarios<\/em><\/p>\n<p>El \u00c1rea de Desarrollo Regional de la Comisi\u00f3n Administradora para el Fondo Especial de Salto Grande (CAFESG) ofreci\u00f3 recientemente una capacitaci\u00f3n te\u00f3rico-pr\u00e1ctica denominada \u201cRCP en las Escuelas\u201d, destinada a los alumnos de cuarto y quinto a\u00f1os de secundaria y a los integrantes de los Centros de Estudiantes del departamento Concordia.<\/p>\n<p>La Ley Nacional N\u00ba 26.835\/12 apunta a promover acciones para la toma de conciencia sobre la relevancia social de difundir y aprender las t\u00e9cnicas b\u00e1sicas de Reanimaci\u00f3n Cardiopulmonar (RCP) con car\u00e1cter voluntario, altruista, desinteresado y solidario. En esa l\u00ednea, el Gobierno de Entre R\u00edos \u2013en este caso a trav\u00e9s de CAFESG\u2013 implementa capacitaciones destinadas a sensibilizar sobre los alcances de esta normativa aprobada por el Congreso de la Naci\u00f3n.<\/p>\n<p>Esta propuesta tuvo como objetivos capacitar en la atenci\u00f3n primaria b\u00e1sica del paro cardiorrespiratorio, t\u00e9cnicas de reanimaci\u00f3n cardiopulmonar, difundir conceptualizaciones sobre el s\u00edndrome de muerte s\u00fabita y t\u00e9cnicas de RCP, trabajar aspectos integrales de la salud vial y sobre primeros auxilios.<\/p>\n<p>Paralelamente, se ofreci\u00f3 tambi\u00e9n un Taller de Salud Vial (en el marco del Programa Provincial de Salud Vial, perteneciente al Ministerio de Salud de Entre R\u00edos) ya que los destinatarios en su mayor\u00eda son adolescentes, considerando que la primera causa de muerte en esta franja etaria son precisamente los siniestros viales.<\/p>\n<p>Este Taller apunt\u00f3 a trabajar factores protectores tales como el uso del casco y del cintur\u00f3n de seguridad, as\u00ed como tambi\u00e9n el consumo de alcohol y conducci\u00f3n. Tambi\u00e9n hubo un espacio para desmitificar sobre la tem\u00e1tica y construir conocimientos en conjunto.<\/p>\n<p>Ambos cursos se dictaron en dos jornadas. En la primera de ellas \u2013desarrollada en doble turno en el auditorio del cuarto piso del Centro C\u00edvico de Concordia\u2013 participaron m\u00e1s de 300 j\u00f3venes de distintos establecimientos secundarios de la ciudad de Concordia: Escuela N\u00ba16 Profesor Gerardo Victor\u00edn, T\u00e9cnica N\u00ba1 Brigadier Pascual Echag\u00fce, N\u00ba18 V\u00e9lez Sarsfield, N\u00ba11 Esteban Zorraqu\u00edn, N\u00ba17 General Mart\u00edn Miguel de G\u00fcemes, N\u00ba27 Profesor Felipe Gardell, N\u00ba6 Jorge Luis Borges y N\u00ba 10 Ces\u00e1reo Bernaldo de Quir\u00f3s.<\/p>\n<p>En tanto, la segunda jornada se llev\u00f3 a cabo \u2013tambi\u00e9n con gran \u00e9xito\u2013 en la Escuela N\u00b021 Aurora del Yeru\u00e1, de la localidad de Puerto Yeru\u00e1. Participaron 90 alumnos del Ciclo Orientado de diferentes escuelas del interior departamental.<\/p>\n<p>\u201cRCP en las Escuelas\u201d es una iniciativa conjunta de la Secretar\u00eda de la Juventud de Entre R\u00edos, el Ministerio Provincial de Salud, el Consejo General de Educaci\u00f3n, y SIDECREER. En Concordia cont\u00f3 con el acompa\u00f1amiento de CAFESG \u2013a trav\u00e9s de su \u00c1rea Joven\u2013 y la Direcci\u00f3n de Departamental de Escuelas.<\/p>\n<p><a href=\"https:\/\/www.cafesg.gob.ar\/cafesg2\/wp-content\/uploads\/2016\/11\/RCP-en-las-Escuelas-2016-1.jpg\"><img loading=\"lazy\" decoding=\"async\" class=\"alignnone size-thumbnail wp-image-5136\" src=\"https:\/\/www.cafesg.gob.ar\/cafesg2\/wp-content\/uploads\/2016\/11\/RCP-en-las-Escuelas-2016-1-150x150.jpg\" alt=\"rcp-en-las-escuelas-2016-1\" width=\"150\" height=\"150\" \/><\/a> <a href=\"https:\/\/www.cafesg.gob.ar\/cafesg2\/wp-content\/uploads\/2016\/11\/RCP-en-las-Escuelas-2016-2.jpg\"><img loading=\"lazy\" decoding=\"async\" class=\"alignnone size-thumbnail wp-image-5137\" src=\"https:\/\/www.cafesg.gob.ar\/cafesg2\/wp-content\/uploads\/2016\/11\/RCP-en-las-Escuelas-2016-2-150x150.jpg\" alt=\"rcp-en-las-escuelas-2016-2\" width=\"150\" height=\"150\" \/><\/a> <a href=\"https:\/\/www.cafesg.gob.ar\/cafesg2\/wp-content\/uploads\/2016\/11\/RCP-en-las-Escuelas-2016-3.jpg\"><img loading=\"lazy\" decoding=\"async\" class=\"alignnone size-thumbnail wp-image-5138\" src=\"https:\/\/www.cafesg.gob.ar\/cafesg2\/wp-content\/uploads\/2016\/11\/RCP-en-las-Escuelas-2016-3-150x150.jpg\" alt=\"rcp-en-las-escuelas-2016-3\" width=\"150\" height=\"150\" \/><\/a> <a href=\"https:\/\/www.cafesg.gob.ar\/cafesg2\/wp-content\/uploads\/2016\/11\/RCP-en-las-Escuelas-2016-5.jpg\"><img loading=\"lazy\" decoding=\"async\" class=\"alignnone size-thumbnail wp-image-5139\" src=\"https:\/\/www.cafesg.gob.ar\/cafesg2\/wp-content\/uploads\/2016\/11\/RCP-en-las-Escuelas-2016-5-150x150.jpg\" alt=\"rcp-en-las-escuelas-2016-5\" width=\"150\" height=\"150\" \/><\/a><\/p>\n<p><!--more--><\/p>\n<p><strong>Objetivos del Taller de RCP<\/strong><\/p>\n<p>-Capacitar en la atenci\u00f3n primaria b\u00e1sica del paro cardiorrespiratorio.<\/p>\n<p>-Brindar las t\u00e9cnicas b\u00e1sicas de Reanimaci\u00f3n Cardiopulmonar (RCP).<\/p>\n<p>-Prevenir el acontecimiento de muertes evitables en el \u00e1mbito extrahospitalario.<\/p>\n<p>-Difundir conceptualizaciones cient\u00edficas sobre el s\u00edndrome de muerte s\u00fabita y las t\u00e9cnicas relacionadas con la RCP.<\/p>\n<p>-Trabajar aspectos integrales de la salud vial y los primeros auxilios, tanto como la implicancia del sujeto (integral) en el tr\u00e1nsito.<\/p>\n","protected":false},"excerpt":{"rendered":"<p>Acciones para la toma de conciencia sobre su relevancia social entre los estudiantes secundarios El \u00c1rea de Desarrollo Regional de la Comisi\u00f3n Administradora para el Fondo Especial de Salto Grande (CAFESG) ofreci\u00f3 recientemente una capacitaci\u00f3n te\u00f3rico-pr\u00e1ctica denominada \u201cRCP en las Escuelas\u201d, destinada a los alumnos de cuarto y quinto a\u00f1os de secundaria y a los [&hellip;]<\/p>\n","protected":false},"author":1,"featured_media":0,"comment_status":"open","ping_status":"open","sticky":false,"template":"","format":"standard","meta":{"footnotes":""},"categories":[15],"tags":[],"class_list":["post-5135","post","type-post","status-publish","format-standard","hentry","category-noticias"],"_links":{"self":[{"href":"https:\/\/cafesg.gob.ar\/cafesg2\/wp-json\/wp\/v2\/posts\/5135","targetHints":{"allow":["GET"]}}],"collection":[{"href":"https:\/\/cafesg.gob.ar\/cafesg2\/wp-json\/wp\/v2\/posts"}],"about":[{"href":"https:\/\/cafesg.gob.ar\/cafesg2\/wp-json\/wp\/v2\/types\/post"}],"author":[{"embeddable":true,"href":"https:\/\/cafesg.gob.ar\/cafesg2\/wp-json\/wp\/v2\/users\/1"}],"replies":[{"embeddable":true,"href":"https:\/\/cafesg.gob.ar\/cafesg2\/wp-json\/wp\/v2\/comments?post=5135"}],"version-history":[{"count":0,"href":"https:\/\/cafesg.gob.ar\/cafesg2\/wp-json\/wp\/v2\/posts\/5135\/revisions"}],"wp:attachment":[{"href":"https:\/\/cafesg.gob.ar\/cafesg2\/wp-json\/wp\/v2\/media?parent=5135"}],"wp:term":[{"taxonomy":"category","embeddable":true,"href":"https:\/\/cafesg.gob.ar\/cafesg2\/wp-json\/wp\/v2\/categories?post=5135"},{"taxonomy":"post_tag","embeddable":true,"href":"https:\/\/cafesg.gob.ar\/cafesg2\/wp-json\/wp\/v2\/tags?post=5135"}],"curies":[{"name":"wp","href":"https:\/\/api.w.org\/{rel}","templated":true}]}}