 {"id":5121,"date":"2016-10-29T10:56:54","date_gmt":"2016-10-29T13:56:54","guid":{"rendered":"http:\/\/www.cafesg.gob.ar\/web\/?p=5121"},"modified":"2016-10-29T10:56:54","modified_gmt":"2016-10-29T13:56:54","slug":"cafesg-acompano-en-rocamora-la-inauguracion-del-recuperado-campamento-del-cala","status":"publish","type":"post","link":"https:\/\/cafesg.gob.ar\/cafesg2\/cafesg-acompano-en-rocamora-la-inauguracion-del-recuperado-campamento-del-cala\/","title":{"rendered":"CAFESG acompa\u00f1\u00f3 en Rocamora la inauguraci\u00f3n del recuperado Campamento del Cal\u00e1"},"content":{"rendered":"<p><em>Sitio hist\u00f3rico que fuera base militar de los ej\u00e9rcitos de Pancho Ram\u00edrez y Urquiza<\/em><\/p>\n<p>Con la presencia del ministro de Turismo de la Provincia, Adri\u00e1n Fuertes, el presidente de la Junta de Gobierno de Rocamora, Rub\u00e9n Bonn\u00edn, los intendentes de Basavilbaso y Rosario del Tala, Gustavo Hein y Hugo Pitura, el coordinador de Desarrollo Local de CAFESG, Eduardo Guti\u00e9rrez, y dem\u00e1s autoridades y lugare\u00f1os, se realiz\u00f3 ayer viernes, por iniciativa de un grupo de vecinos, la reinauguraci\u00f3n simb\u00f3lica del recuperado \u201cCampamento del Cal\u00e1\u201d, un sitio hist\u00f3rico que fuera base militar de los ej\u00e9rcitos de Francisco Ram\u00edrez y Justo Jos\u00e9 de Urquiza.<\/p>\n<p>Desde el a\u00f1o pasado, el citado grupo de vecinos, nucleados en la Asociaci\u00f3n de Amigos del Campamento del Cal\u00e1, as\u00ed como la Junta de Gobierno de Rocamora, se propusieron rescatar y poner en valor hist\u00f3rico y tur\u00edstico las ruinas de esta legendaria base militar, y acondicionar el predio para recibir visitantes.<\/p>\n<p>Este proyecto recibi\u00f3 un r\u00e1pido respaldo por parte de la Comisi\u00f3n Administradora para el Fondo Especial de Salto Grande (CAFESG), a trav\u00e9s de su \u00c1rea de Desarrollo Local, que \u2013entre otros objetivos\u2013 tiene por finalidad promocionar y consolidar la actividad tur\u00edstica en peque\u00f1as comunas y municipios de la Regi\u00f3n de Salto Grande, a trav\u00e9s de su Programa de Fortalecimiento del Turismo en los Gobiernos Locales.<\/p>\n<p>El equipo t\u00e9cnico de profesionales en turismo de CAFESG abocado al Programa, acompa\u00f1\u00f3 y estimul\u00f3 esta propuesta de rescate, puesta en valor, conservaci\u00f3n y uso p\u00fablico de las ruinas y el entorno del Campamento del Cal\u00e1, que est\u00e1 rodeado por una espesa y \u00fanica vegetaci\u00f3n.<\/p>\n<p>Por este motivo, el organismo provincial con sede en Concordia entreg\u00f3 ayer una placa recordatoria a la Junta de Gobierno y al pueblo de Rocamora.<\/p>\n<p>Le dieron marco al acto alumnos de escuelas de Rocamora, Basavilbaso y Rosario del Tala, y una delegaci\u00f3n del Grupo de Artiller\u00eda Blindado 2 del Ej\u00e9rcito Argentino, con base en esta vecina ciudad, que recre\u00f3 por momentos los tiempos de la conformaci\u00f3n de la Rep\u00fablica.<\/p>\n<p><a href=\"https:\/\/www.cafesg.gob.ar\/cafesg2\/wp-content\/uploads\/2016\/10\/Recuperaci\u00f3n-Campamento-del-Cal\u00e1-1.jpg\"><img loading=\"lazy\" decoding=\"async\" class=\"alignnone size-thumbnail wp-image-5122\" src=\"https:\/\/www.cafesg.gob.ar\/cafesg2\/wp-content\/uploads\/2016\/10\/Recuperaci\u00f3n-Campamento-del-Cal\u00e1-1-150x150.jpg\" alt=\"recuperacion-campamento-del-cala-1\" width=\"150\" height=\"150\" \/><\/a> <a href=\"https:\/\/www.cafesg.gob.ar\/cafesg2\/wp-content\/uploads\/2016\/10\/Recuperaci\u00f3n-Campamento-del-Cal\u00e1-3.jpg\"><img loading=\"lazy\" decoding=\"async\" class=\"alignnone size-thumbnail wp-image-5123\" src=\"https:\/\/www.cafesg.gob.ar\/cafesg2\/wp-content\/uploads\/2016\/10\/Recuperaci\u00f3n-Campamento-del-Cal\u00e1-3-150x150.jpg\" alt=\"recuperacion-campamento-del-cala-3\" width=\"150\" height=\"150\" \/><\/a> <a href=\"https:\/\/www.cafesg.gob.ar\/cafesg2\/wp-content\/uploads\/2016\/10\/Recuperaci\u00f3n-Campamento-del-Cal\u00e1-4.jpg\"><img loading=\"lazy\" decoding=\"async\" class=\"alignnone size-thumbnail wp-image-5124\" src=\"https:\/\/www.cafesg.gob.ar\/cafesg2\/wp-content\/uploads\/2016\/10\/Recuperaci\u00f3n-Campamento-del-Cal\u00e1-4-150x150.jpg\" alt=\"recuperacion-campamento-del-cala-4\" width=\"150\" height=\"150\" \/><\/a> <a href=\"https:\/\/www.cafesg.gob.ar\/cafesg2\/wp-content\/uploads\/2016\/10\/Recuperaci\u00f3n-Campamento-del-Cal\u00e1-5.jpg\"><img loading=\"lazy\" decoding=\"async\" class=\"alignnone size-thumbnail wp-image-5125\" src=\"https:\/\/www.cafesg.gob.ar\/cafesg2\/wp-content\/uploads\/2016\/10\/Recuperaci\u00f3n-Campamento-del-Cal\u00e1-5-150x150.jpg\" alt=\"recuperacion-campamento-del-cala-5\" width=\"150\" height=\"150\" \/><\/a> <a href=\"https:\/\/www.cafesg.gob.ar\/cafesg2\/wp-content\/uploads\/2016\/10\/Recuperaci\u00f3n-Campamento-del-Cal\u00e1-6.jpg\"><img loading=\"lazy\" decoding=\"async\" class=\"alignnone size-thumbnail wp-image-5126\" src=\"https:\/\/www.cafesg.gob.ar\/cafesg2\/wp-content\/uploads\/2016\/10\/Recuperaci\u00f3n-Campamento-del-Cal\u00e1-6-150x150.jpg\" alt=\"recuperacion-campamento-del-cala-6\" width=\"150\" height=\"150\" \/><\/a><\/p>\n<p><!--more--><\/p>\n<p><strong>Adri\u00e1n Fuertes: \u201cEs lo que nos inculca el gobernador Bordet\u201d<\/strong><\/p>\n<p>Al hacer uso de la palabra, el ministro de Turismo de Entre R\u00edos confes\u00f3 que \u201cresult\u00f3 una grata sorpresa toda la organizaci\u00f3n que se mont\u00f3 para hoy\u201d, y a rengl\u00f3n seguido agreg\u00f3 que \u201cesto guarda estrecha relaci\u00f3n con el \u00e9nfasis que estamos imprimiendo desde el Ministerio para poner en valor, cuidar y custodiar nuestro acervo cultural e hist\u00f3rico, para visibilizar toda la hermosura que tiene el centro entrerriano; y esta estupenda puesta en escena nos da mucha m\u00e1s fuerza para seguir adelante y nos demuestra que el trabajo mancomunado con las peque\u00f1as localidades, como nos inculc\u00f3 desde un primer momento el gobernador Gustavo Bordet, est\u00e1 dando sus frutos\u201d, subray\u00f3.<\/p>\n<p>&nbsp;<\/p>\n<p><strong>Rub\u00e9n Bonn\u00edn: \u201cTrabajaremos en conjunto con Tala y Basavilbaso\u201d<\/strong><\/p>\n<p>A su turno, el presidente de la Junta de Gobierno de la localidad del Departamento Uruguay se\u00f1al\u00f3 que \u201cla idea de nosotros es trabajar tur\u00edsticamente con este lugar hist\u00f3rico para que Rocamora se complemente con Rosario del Tala y Basavilbaso en esta materia\u201d, anticip\u00f3.<\/p>\n<p>\u201cEsta idea \u2013reconoci\u00f3\u2013 fue impulsada por la Asociaci\u00f3n de Amigos del Campamento del Cal\u00e1, que decidi\u00f3 reflotar las batallas que tuvieron lugar en distintos puntos de la provincia, mientras que los campamentos estaban ac\u00e1, primero los de Pancho Ram\u00edrez y despu\u00e9s los de Urquiza\u201d, histori\u00f3.<\/p>\n<p>&nbsp;<\/p>\n<p><strong>Gast\u00f3n Buet: \u201cSi se quiere, aqu\u00ed naci\u00f3 la Organizaci\u00f3n Nacional\u201d<\/strong><\/p>\n<p>El profesor, miembro fundador de la Asociaci\u00f3n de Amigos del Campamento del Cal\u00e1 y principal impulsor de esta recuperaci\u00f3n hist\u00f3rica, explic\u00f3 que \u201cla idea consisti\u00f3 en descubrir y proteger los restos del polvor\u00edn del campamento militar, y hacer en los alrededores una peque\u00f1a reconstrucci\u00f3n de los ranchos de adobe y paja con corrales de palo a pique de la \u00e9poca\u201d, pormenoriz\u00f3.<\/p>\n<p>Desde la perspectiva del visitante, \u201cdentro del predio se puede hacer un recorrido auto-guiado con peque\u00f1as representaciones de c\u00f3mo viv\u00edan los soldados de Urquiza e incluso los Charr\u00faas en el lugar\u201d, ados\u00f3.<\/p>\n<p>En cuanto a lo natural, \u201chemos abierto senderos con indicadores de la flora aut\u00f3ctona atravesando picadas con peque\u00f1os puentes colgantes para disfrutar del arroyo Cal\u00e1 y su entorno\u201d, grafic\u00f3.<\/p>\n<p>En el terreno hist\u00f3rico, Buet record\u00f3 que \u201cdesde este lugar partieron 30 mil hombres para la batalla de Caseros. Estrat\u00e9gicamente era muy importante. Y si se quiere es el lugar donde nace la Organizaci\u00f3n Nacional, porque de ac\u00e1 se sale hacia ese combate donde Urquiza gana el 3 de febrero de 1852 y se termina el gobierno de Rosas, lo cual deriva luego en la Constituci\u00f3n de 1853, por eso es tan trascendental\u201d, determin\u00f3.<\/p>\n<p>\u201cLo que nosotros queremos \u2013remarc\u00f3 Buet\u2013 es rescatar la historia local, y hacer una peque\u00f1a reconstrucci\u00f3n de lo que era un campamento militar a mediados del Siglo XIX. La historia local se ha dejado muchas veces de lado por la historia nacional, y nosotros anhelamos que b\u00e1sicamente nuestros ni\u00f1os y j\u00f3venes conozcan la historia local, que es su historia\u201d, concluy\u00f3.<\/p>\n<p>&nbsp;<\/p>\n<p><strong>Un sitio con mucha historia<\/strong><\/p>\n<p>En 1818 el General Francisco Ram\u00edrez reuni\u00f3 en Cal\u00e1 su primer ej\u00e9rcito, y luego acamp\u00f3 el General Urquiza con el \u00abEj\u00e9rcito de Operaciones en campa\u00f1a contra los salvajes unitarios\u00bb. Ah\u00ed estuvo su campamento permanente, donde reuni\u00f3 a las caballer\u00edas entrerrianas que combatieron en la batalla de Caseros. All\u00ed tambi\u00e9n confluyeron los soldados que debieron participar en la guerra contra el Paraguay.<\/p>\n<p>Urquiza hizo construir varias piezas y galpones de techo pajizo destinados a habitaciones y oficinas militares, hospital, herrer\u00eda, residencia de jefes y capell\u00e1n, jaboner\u00eda, barracas y pulper\u00edas.<\/p>\n","protected":false},"excerpt":{"rendered":"<p>Sitio hist\u00f3rico que fuera base militar de los ej\u00e9rcitos de Pancho Ram\u00edrez y Urquiza Con la presencia del ministro de Turismo de la Provincia, Adri\u00e1n Fuertes, el presidente de la Junta de Gobierno de Rocamora, Rub\u00e9n Bonn\u00edn, los intendentes de Basavilbaso y Rosario del Tala, Gustavo Hein y Hugo Pitura, el coordinador de Desarrollo Local [&hellip;]<\/p>\n","protected":false},"author":1,"featured_media":0,"comment_status":"open","ping_status":"open","sticky":false,"template":"","format":"standard","meta":{"footnotes":""},"categories":[15],"tags":[],"class_list":["post-5121","post","type-post","status-publish","format-standard","hentry","category-noticias"],"_links":{"self":[{"href":"https:\/\/cafesg.gob.ar\/cafesg2\/wp-json\/wp\/v2\/posts\/5121","targetHints":{"allow":["GET"]}}],"collection":[{"href":"https:\/\/cafesg.gob.ar\/cafesg2\/wp-json\/wp\/v2\/posts"}],"about":[{"href":"https:\/\/cafesg.gob.ar\/cafesg2\/wp-json\/wp\/v2\/types\/post"}],"author":[{"embeddable":true,"href":"https:\/\/cafesg.gob.ar\/cafesg2\/wp-json\/wp\/v2\/users\/1"}],"replies":[{"embeddable":true,"href":"https:\/\/cafesg.gob.ar\/cafesg2\/wp-json\/wp\/v2\/comments?post=5121"}],"version-history":[{"count":0,"href":"https:\/\/cafesg.gob.ar\/cafesg2\/wp-json\/wp\/v2\/posts\/5121\/revisions"}],"wp:attachment":[{"href":"https:\/\/cafesg.gob.ar\/cafesg2\/wp-json\/wp\/v2\/media?parent=5121"}],"wp:term":[{"taxonomy":"category","embeddable":true,"href":"https:\/\/cafesg.gob.ar\/cafesg2\/wp-json\/wp\/v2\/categories?post=5121"},{"taxonomy":"post_tag","embeddable":true,"href":"https:\/\/cafesg.gob.ar\/cafesg2\/wp-json\/wp\/v2\/tags?post=5121"}],"curies":[{"name":"wp","href":"https:\/\/api.w.org\/{rel}","templated":true}]}}