 {"id":5115,"date":"2016-10-27T08:39:41","date_gmt":"2016-10-27T11:39:41","guid":{"rendered":"http:\/\/www.cafesg.gob.ar\/web\/?p=5115"},"modified":"2016-10-27T08:39:41","modified_gmt":"2016-10-27T11:39:41","slug":"cafesg-visito-san-salvador-con-su-museo-itinerante-de-ciencias-y-sus-sensibilizadores-ambientales","status":"publish","type":"post","link":"https:\/\/cafesg.gob.ar\/cafesg2\/cafesg-visito-san-salvador-con-su-museo-itinerante-de-ciencias-y-sus-sensibilizadores-ambientales\/","title":{"rendered":"CAFESG visit\u00f3 San Salvador con su Museo Itinerante de Ciencias y sus sensibilizadores ambientales  \u00a0"},"content":{"rendered":"<p><em>Se realiza una encuesta para conocer c\u00f3mo se tratan los residuos domiciliarios<\/em><\/p>\n<p>M\u00e1s de mil personas entre alumnos de diferentes escuelas, docentes y p\u00fablico en general visitaron el Museo Interactivo de Ciencias Itinerante (MICI) de la Comisi\u00f3n Administradora para el Fondo Especial de Salto Grande (CAFESG), que se instal\u00f3 por espacio de tres d\u00edas en la Casa de la Historia y la Cultura del Bicentenario de la ciudad de San Salvador.<\/p>\n<p>El MICI es un espacio educativo de recreaci\u00f3n y conocimiento, basado en la interactividad, pensado para todo p\u00fablico: por eso en cada localidad que visita se transforma en un im\u00e1n irresistible para ni\u00f1os, j\u00f3venes y adultos.<\/p>\n<p>Cuenta con 32 m\u00f3dulos que contienen dispositivos relacionados con fen\u00f3menos de \u00f3ptica, percepci\u00f3n, sonido, fluidos, mec\u00e1nica, magnetismo, electricidad, qu\u00edmica, matem\u00e1tica y biolog\u00eda.<\/p>\n<p>Al visitante se le muestran principios de la ciencia, y se le permite experimentar con ellos de forma atractiva, de manera tal que puedan comprender a trav\u00e9s de un contacto directo todo lo que sucede a su alrededor.<\/p>\n<p>La participaci\u00f3n en las actividades del MICI es libre o guiada, exploratoria, informativa y l\u00fadica.<\/p>\n<p><a href=\"https:\/\/www.cafesg.gob.ar\/cafesg2\/wp-content\/uploads\/2016\/10\/MICI-y-Sensibilizadores-Ambientales-en-San-Salvador-1.jpg\"><img loading=\"lazy\" decoding=\"async\" class=\"alignnone size-thumbnail wp-image-5116\" src=\"https:\/\/www.cafesg.gob.ar\/cafesg2\/wp-content\/uploads\/2016\/10\/MICI-y-Sensibilizadores-Ambientales-en-San-Salvador-1-150x150.jpg\" alt=\"mici-y-sensibilizadores-ambientales-en-san-salvador-1\" width=\"150\" height=\"150\" \/><\/a> <a href=\"https:\/\/www.cafesg.gob.ar\/cafesg2\/wp-content\/uploads\/2016\/10\/MICI-y-Sensibilizadores-Ambientales-en-San-Salvador-3.jpg\"><img loading=\"lazy\" decoding=\"async\" class=\"alignnone size-thumbnail wp-image-5117\" src=\"https:\/\/www.cafesg.gob.ar\/cafesg2\/wp-content\/uploads\/2016\/10\/MICI-y-Sensibilizadores-Ambientales-en-San-Salvador-3-150x150.jpg\" alt=\"mici-y-sensibilizadores-ambientales-en-san-salvador-3\" width=\"150\" height=\"150\" \/><\/a> <a href=\"https:\/\/www.cafesg.gob.ar\/cafesg2\/wp-content\/uploads\/2016\/10\/MICI-y-Sensibilizadores-Ambientales-en-San-Salvador-5.jpg\"><img loading=\"lazy\" decoding=\"async\" class=\"alignnone size-thumbnail wp-image-5118\" src=\"https:\/\/www.cafesg.gob.ar\/cafesg2\/wp-content\/uploads\/2016\/10\/MICI-y-Sensibilizadores-Ambientales-en-San-Salvador-5-150x150.jpg\" alt=\"mici-y-sensibilizadores-ambientales-en-san-salvador-5\" width=\"150\" height=\"150\" \/><\/a> <a href=\"https:\/\/www.cafesg.gob.ar\/cafesg2\/wp-content\/uploads\/2016\/10\/MICI-y-Sensibilizadores-Ambientales-en-San-Salvador-6.jpg\"><img loading=\"lazy\" decoding=\"async\" class=\"alignnone size-thumbnail wp-image-5119\" src=\"https:\/\/www.cafesg.gob.ar\/cafesg2\/wp-content\/uploads\/2016\/10\/MICI-y-Sensibilizadores-Ambientales-en-San-Salvador-6-150x150.jpg\" alt=\"mici-y-sensibilizadores-ambientales-en-san-salvador-6\" width=\"150\" height=\"150\" \/><\/a><\/p>\n<p>&nbsp;<\/p>\n<p><!--more--><\/p>\n<p><strong>Los sensibilizadores ambientales recorren los hogares<\/strong><\/p>\n<p>Luego de una reuni\u00f3n informativa mantenida en la Casa de la Historia y la Cultura del Bicentenario, los sensibilizadores ambientales de CAFESG comenzaron a recorrer los hogares de San Salvador a fin de llevar a cabo una encuesta diagn\u00f3stico, que permitir\u00e1 conocer el comportamiento de la poblaci\u00f3n con los residuos domiciliarios.<\/p>\n<p>El rastrillaje se organiz\u00f3 de manera aleatoria en las diferentes cuadras de los distintos barrios de la localidad. Cada sensibilizador, identificado con su correspondiente credencial, debe efectuar un m\u00ednimo de 30 encuestas en total.<\/p>\n<p>Cabe destacar que existen encuestas diferenciadas para vecinos, instituciones y comercios, de acuerdo al tratamiento que cada uno efect\u00faa con los residuos domiciliarios.<\/p>\n<p>En esta oportunidad, a la tarea de los sensibilizadores ambientales de CAFESG su sumaron personal municipal, del INTA, y el Instituto de Educaci\u00f3n Superior de San Salvador (I.E.S.S.S.)<\/p>\n<p>Las preguntas giran en torno al tratamiento que la poblaci\u00f3n les brinda a los desechos, para de esa forma contar con la informaci\u00f3n necesaria que permitir\u00e1 luego diagramar un plan de acci\u00f3n orientado a la reducci\u00f3n de los residuos s\u00f3lidos urbanos (RSU).<\/p>\n<p>Este futuro conjunto de actividades se desarrollar\u00e1 en el marco del Programa Sensibilizadores Ambientales de CAFESG, que contempla acciones concretas pensadas para cada una de las familias, con el prop\u00f3sito de educar y generar conciencia en la poblaci\u00f3n a trav\u00e9s de nuevos h\u00e1bitos y comportamientos que impulsan la separaci\u00f3n diferenciada.<\/p>\n<p>Desde CAFESG y el municipio local solicitan la colaboraci\u00f3n de la comunidad para que se respondan de buen modo las consultas que efectuar\u00e1n los sensibilizadores.<\/p>\n<p>Por \u00faltimo, se confirm\u00f3 que durante la pr\u00f3xima Fiesta Nacional del Arroz \u2013a llevarse a cabo los d\u00edas 25, 26 y 27 de noviembre\u2013 cada sansalvadore\u00f1o podr\u00e1 canjear sus botellas pl\u00e1sticas en el marco de un nuevo Ecocanje del Programa Sensibilizadores Ambientales de CAFESG: cada cinco unidades que entreguen limpias y sin etiquetas, recibir\u00e1n a cambio semillas, plantines, se\u00f1aladores, regalos ecol\u00f3gicos, llaveros y cactus.<\/p>\n<p>&nbsp;<\/p>\n<p><strong>Objetivos del Programa<\/strong><\/p>\n<p>El prop\u00f3sito general de esta propuesta de CAFESG consiste en contribuir al desarrollo de una conciencia ambiental en la ciudadan\u00eda mediante la motivaci\u00f3n e implicaci\u00f3n de todos y cada uno de los vecinos, con el fin de modificar h\u00e1bitos y comportamientos sumamente arraigados.<\/p>\n<p>En tanto, sus objetivos espec\u00edficos son:<\/p>\n<p>-Promover la separaci\u00f3n diferenciada de los Residuos S\u00f3lidos Urbanos domiciliarios.<\/p>\n<p>-Transferir conocimientos b\u00e1sicos sobre t\u00e9cnicas de reciclado de Residuos S\u00f3lidos Urbanos.<\/p>\n<p>-Posibilitar la introducci\u00f3n de la poblaci\u00f3n a la problem\u00e1tica de los residuos.<\/p>\n<p>-Fomentar la reducci\u00f3n de vol\u00famenes de residuos en el vertedero, con la consiguiente minimizaci\u00f3n de los impactos ambientales que estos producen en el medio.<\/p>\n<p>-Reconocer los diferentes componentes de los residuos y su utilizaci\u00f3n espec\u00edfica en el marco de t\u00e9cnicas de reciclaje.<\/p>\n<p>-Relevar informaci\u00f3n que permita la evoluci\u00f3n del trabajo en terreno.<\/p>\n","protected":false},"excerpt":{"rendered":"<p>Se realiza una encuesta para conocer c\u00f3mo se tratan los residuos domiciliarios M\u00e1s de mil personas entre alumnos de diferentes escuelas, docentes y p\u00fablico en general visitaron el Museo Interactivo de Ciencias Itinerante (MICI) de la Comisi\u00f3n Administradora para el Fondo Especial de Salto Grande (CAFESG), que se instal\u00f3 por espacio de tres d\u00edas en [&hellip;]<\/p>\n","protected":false},"author":1,"featured_media":0,"comment_status":"open","ping_status":"open","sticky":false,"template":"","format":"standard","meta":{"footnotes":""},"categories":[15],"tags":[],"class_list":["post-5115","post","type-post","status-publish","format-standard","hentry","category-noticias"],"_links":{"self":[{"href":"https:\/\/cafesg.gob.ar\/cafesg2\/wp-json\/wp\/v2\/posts\/5115","targetHints":{"allow":["GET"]}}],"collection":[{"href":"https:\/\/cafesg.gob.ar\/cafesg2\/wp-json\/wp\/v2\/posts"}],"about":[{"href":"https:\/\/cafesg.gob.ar\/cafesg2\/wp-json\/wp\/v2\/types\/post"}],"author":[{"embeddable":true,"href":"https:\/\/cafesg.gob.ar\/cafesg2\/wp-json\/wp\/v2\/users\/1"}],"replies":[{"embeddable":true,"href":"https:\/\/cafesg.gob.ar\/cafesg2\/wp-json\/wp\/v2\/comments?post=5115"}],"version-history":[{"count":0,"href":"https:\/\/cafesg.gob.ar\/cafesg2\/wp-json\/wp\/v2\/posts\/5115\/revisions"}],"wp:attachment":[{"href":"https:\/\/cafesg.gob.ar\/cafesg2\/wp-json\/wp\/v2\/media?parent=5115"}],"wp:term":[{"taxonomy":"category","embeddable":true,"href":"https:\/\/cafesg.gob.ar\/cafesg2\/wp-json\/wp\/v2\/categories?post=5115"},{"taxonomy":"post_tag","embeddable":true,"href":"https:\/\/cafesg.gob.ar\/cafesg2\/wp-json\/wp\/v2\/tags?post=5115"}],"curies":[{"name":"wp","href":"https:\/\/api.w.org\/{rel}","templated":true}]}}