 {"id":5110,"date":"2016-10-25T08:12:38","date_gmt":"2016-10-25T11:12:38","guid":{"rendered":"http:\/\/www.cafesg.gob.ar\/web\/?p=5110"},"modified":"2016-10-25T08:12:38","modified_gmt":"2016-10-25T11:12:38","slug":"cafesg-puso-sobre-las-vias-su-primer-tren-turistico-en-el-aniversario-de-los-charruas","status":"publish","type":"post","link":"https:\/\/cafesg.gob.ar\/cafesg2\/cafesg-puso-sobre-las-vias-su-primer-tren-turistico-en-el-aniversario-de-los-charruas\/","title":{"rendered":"CAFESG puso sobre las v\u00edas su primer tren tur\u00edstico en el aniversario de Los Charr\u00faas"},"content":{"rendered":"<p>La Comisi\u00f3n Administradora para el Fondo Especial de Salto Grande (CAFESG) en el marco de su Programa \u201cFortalecimiento del Turismo en los Gobiernos Locales de la Regi\u00f3n de Salto Grande\u201d\u00a0 aprovechando los festejos por el 75 Aniversario de la localidad de Los Charr\u00faas logr\u00f3 poner sobre las v\u00edas el primer \u201ctrencito\u201d destinado a incentivar, promocionar y fortalecer el atractivo tur\u00edstico local a partir del patrimonio natural y cultural, as\u00ed como tambi\u00e9n, hacer hincapi\u00e9 en la puesta en valor y aprovechamiento del patrimonio ferroviario existente.<\/p>\n<p>El tren apareci\u00f3 sin mucho aviso y los que lo presenciaron se acercaron r\u00e1pidamente y quisieron ayudar a ponerlo sobre las v\u00edas, ansiosos por verlo rodar, es que los festejos por el cumplea\u00f1os de la localidad giraron en torno a la estaci\u00f3n de ferrocarril, ya que la misma fue el moj\u00f3n alrededor del cual naci\u00f3 el pueblo.<\/p>\n<p>La alegr\u00eda fue compartida de igual manera por adultos y ni\u00f1os, y varias decenas pudieron disfrutar de un peque\u00f1o paseo de unos cientos de metros a bordo del trencito, esperando m\u00e1s adelante, cuando se pongan en condiciones las v\u00edas, poder disfrutar de un trayecto m\u00e1s largo.<\/p>\n<p>El presidente de CAFESG, Alejandro Casa\u00f1as, manifest\u00f3 sentir \u201cuna profunda emoci\u00f3n por haber conseguido esto, en el rostro de los ni\u00f1os y los vecinos se refleja lo que ha significado el ferrocarril en la vida de muchas de estas personas, y que puedan ver nuevamente una mini formaci\u00f3n rodando en sus v\u00edas es muy conmovedor\u201d.<\/p>\n<p>Casa\u00f1as reconoci\u00f3 \u201cespecialmente la labor llevada adelante por el \u00e1rea de Desarrollo de CAFESG, as\u00ed como quiero hacer una menci\u00f3n especial al senador \u00c1ngel Giano quien fue, junto a mi compa\u00f1ero en el directorio, Diego Lascurain, los que m\u00e1s han bregado para que esto sea una realidad, su esmero y empe\u00f1o han conseguido este fruto maravillosos para la comunidad de Los Charr\u00faas\u201d.<\/p>\n<p>Por su parte, para el vocal de CAFESG, Diego Lascurain \u201cfue muy movilizador ver que un tren volvi\u00f3 a llenar la estaci\u00f3n de Los Charr\u00faas, y mucho m\u00e1s presenciar y compartir con los vecinos un viaje de unos cientos de metros, corto, pero muy simb\u00f3lico por lo que representa para la comunidad y para nosotros que so\u00f1\u00e1bamos con este momento\u201d.<\/p>\n<p>\u201cPoder brindarle a estos pueblos, desde CAFESG, una herramienta para potenciar el turismo local nos llena de orgullo y satisfacci\u00f3n ya que la g\u00e9nesis del organismo es precisamente ese, fomentar el desarrollo y bienestar de los vecinos de toda la Regi\u00f3n de Salto Grande\u201d finaliz\u00f3 Lascurain.<\/p>\n<p>Desde el \u00e1rea de Desarrollo de CAFESG, su titular, Eduardo Gutierrez, explic\u00f3 que \u201clo del domingo en Los Charr\u00faas fue una prueba piloto, no quer\u00edamos estar ausentes en los festejos, pero el tren a\u00fan no fue entregado formalmente al municipio\u201d.<\/p>\n<p>Luego de los paseos, el trencito fue llevado nuevamente por el constructor para culminar con algunos detalles como policarbonato, luces y bocina, mientras tanto desde CAFESG avanzan con los tr\u00e1mites para la recepci\u00f3n definitiva.<\/p>\n<p>\u201cLlegado el momento esperamos entregar no solo el tren correspondiente a Los Charr\u00faas, sino tambi\u00e9n uno similar a La Criolla\u201d manifest\u00f3 deseoso Gutierrez.<\/p>\n<p>La propuesta de concretar viajes tur\u00edsticos en tren entre Los Charr\u00faas y La Criolla se ide\u00f3 y planific\u00f3 en el marco de los espacios de trabajo entre los intendentes, funcionarios y personal de ambos municipios, junto al equipo de t\u00e9cnicos en turismo de CAFESG, diagramados a partir de una prerrogativa expresa del gobernador Gustavo Bordet.<\/p>\n<p>En los recorridos del tren se podr\u00e1 conocer la historia de cada localidad y la importancia que tuvo este medio de transporte, disfrutar de las quintas de c\u00edtricos y ar\u00e1ndanos, apreciar campos con diferentes cultivos, y adquirir artesan\u00edas y productos t\u00edpicos de la zona, directamente de la mano de los productores locales.<\/p>\n<p>De esta manera se cumplir\u00e1 otro de los objetivos del programa de CAFESG \u201cFortalecimiento del Turismo en los Gobiernos Locales\u201d: sumar propuestas innovadoras a las comunidades y fortalecer con nuevos atractivos tur\u00edsticos a la Regi\u00f3n de Salto Grande.<\/p>\n<p><a href=\"https:\/\/www.cafesg.gob.ar\/cafesg2\/wp-content\/uploads\/2016\/10\/Tren-Tur\u00edstico-Los-Charr\u00faas-8.jpg\"><img loading=\"lazy\" decoding=\"async\" class=\"alignnone size-thumbnail wp-image-5111\" src=\"https:\/\/www.cafesg.gob.ar\/cafesg2\/wp-content\/uploads\/2016\/10\/Tren-Tur\u00edstico-Los-Charr\u00faas-8-150x150.jpg\" alt=\"tren-turistico-los-charruas-8\" width=\"150\" height=\"150\" \/><\/a> <a href=\"https:\/\/www.cafesg.gob.ar\/cafesg2\/wp-content\/uploads\/2016\/10\/Tren-Tur\u00edstico-Los-Charr\u00faas-10.jpg\"><img loading=\"lazy\" decoding=\"async\" class=\"alignnone size-thumbnail wp-image-5112\" src=\"https:\/\/www.cafesg.gob.ar\/cafesg2\/wp-content\/uploads\/2016\/10\/Tren-Tur\u00edstico-Los-Charr\u00faas-10-150x150.jpg\" alt=\"tren-turistico-los-charruas-10\" width=\"150\" height=\"150\" \/><\/a><\/p>\n","protected":false},"excerpt":{"rendered":"<p>La Comisi\u00f3n Administradora para el Fondo Especial de Salto Grande (CAFESG) en el marco de su Programa \u201cFortalecimiento del Turismo en los Gobiernos Locales de la Regi\u00f3n de Salto Grande\u201d\u00a0 aprovechando los festejos por el 75 Aniversario de la localidad de Los Charr\u00faas logr\u00f3 poner sobre las v\u00edas el primer \u201ctrencito\u201d destinado a incentivar, promocionar [&hellip;]<\/p>\n","protected":false},"author":1,"featured_media":0,"comment_status":"open","ping_status":"open","sticky":false,"template":"","format":"standard","meta":{"footnotes":""},"categories":[15],"tags":[],"class_list":["post-5110","post","type-post","status-publish","format-standard","hentry","category-noticias"],"_links":{"self":[{"href":"https:\/\/cafesg.gob.ar\/cafesg2\/wp-json\/wp\/v2\/posts\/5110","targetHints":{"allow":["GET"]}}],"collection":[{"href":"https:\/\/cafesg.gob.ar\/cafesg2\/wp-json\/wp\/v2\/posts"}],"about":[{"href":"https:\/\/cafesg.gob.ar\/cafesg2\/wp-json\/wp\/v2\/types\/post"}],"author":[{"embeddable":true,"href":"https:\/\/cafesg.gob.ar\/cafesg2\/wp-json\/wp\/v2\/users\/1"}],"replies":[{"embeddable":true,"href":"https:\/\/cafesg.gob.ar\/cafesg2\/wp-json\/wp\/v2\/comments?post=5110"}],"version-history":[{"count":0,"href":"https:\/\/cafesg.gob.ar\/cafesg2\/wp-json\/wp\/v2\/posts\/5110\/revisions"}],"wp:attachment":[{"href":"https:\/\/cafesg.gob.ar\/cafesg2\/wp-json\/wp\/v2\/media?parent=5110"}],"wp:term":[{"taxonomy":"category","embeddable":true,"href":"https:\/\/cafesg.gob.ar\/cafesg2\/wp-json\/wp\/v2\/categories?post=5110"},{"taxonomy":"post_tag","embeddable":true,"href":"https:\/\/cafesg.gob.ar\/cafesg2\/wp-json\/wp\/v2\/tags?post=5110"}],"curies":[{"name":"wp","href":"https:\/\/api.w.org\/{rel}","templated":true}]}}