 {"id":5102,"date":"2016-10-24T09:29:23","date_gmt":"2016-10-24T12:29:23","guid":{"rendered":"http:\/\/www.cafesg.gob.ar\/web\/?p=5102"},"modified":"2016-10-24T09:29:23","modified_gmt":"2016-10-24T12:29:23","slug":"cafesg-entrego-al-emcontur-el-proyecto-de-obra-de-la-comisaria-montada-en-el-parque-rivadavia","status":"publish","type":"post","link":"https:\/\/cafesg.gob.ar\/cafesg2\/cafesg-entrego-al-emcontur-el-proyecto-de-obra-de-la-comisaria-montada-en-el-parque-rivadavia\/","title":{"rendered":"CAFESG entreg\u00f3 al EMCONTUR el proyecto de obra de la Comisar\u00eda Montada en el Parque Rivadavia"},"content":{"rendered":"<p><em>Adem\u00e1s de la dependencia policial incluye un sector para la pr\u00e1ctica de equinoterapia<\/em><\/p>\n<p>El presidente de la Comisi\u00f3n Administradora para el Fondo Especial de Salto Grande (CAFESG), Alejandro Casa\u00f1as, recibi\u00f3 al presidente ejecutivo del Ente Mixto Concordiense de Turismo (EMCONTUR), Mart\u00edn Buraglia, con la finalidad de hacerle entrega del proyecto de obra de la futura sede de la Comisar\u00eda Montada de la Polic\u00eda de Entre R\u00edos, a emplazarse en el predio del Parque Rivadavia.<\/p>\n<p>Al cabo del encuentro, Buraglia indic\u00f3 que \u201cesta es una obra de inter\u00e9s com\u00fan para toda la ciudad; sab\u00edamos que CAFESG hab\u00eda elaborado un proyecto que no s\u00f3lo apuntaba a brindar una zona de seguridad a este gran atractivo para Concordia que es el Parque Rivadavia, sino que tambi\u00e9n comprend\u00eda un sector para hacer equinoterapia\u201d, grafic\u00f3.<\/p>\n<p>\u201cLa futura Comisar\u00eda \u2013agreg\u00f3 Buraglia\u2013 se combina a su vez de una manera aleg\u00f3rica a lo que es el parque: contar con una Polic\u00eda Montada en todo ese lugar caracterizado por lo natural creo que es un beneficio no solamente en materia seguridad sino tambi\u00e9n en lo tur\u00edstico\u201d, consign\u00f3.<\/p>\n<p>Respecto a la ejecuci\u00f3n del proyecto, Buraglia manifest\u00f3 que \u201cla idea es un poco empezar a ver si podr\u00eda incluirse en el pr\u00f3ximo presupuesto municipal, y si no ver d\u00f3nde finalmente encuadrarlo, ya sea a nivel municipal, nacional o provincial\u201d.<\/p>\n<p>Por \u00faltimo, el funcionario comunal resalt\u00f3 que \u201ccon Casa\u00f1as tenemos intereses comunes, sobre todo en el desarrollo de lo que es el atractivo del Parque San Carlos y la recuperaci\u00f3n de ciertos lugares hist\u00f3ricos que sabemos que siempre benefician la riqueza tur\u00edstica de nuestra ciudad, en especial el patrimonio\u201d, ponder\u00f3.<\/p>\n<p>A su turno, Casa\u00f1as afirm\u00f3 que \u201cesta iniciativa forma parte del trabajo en equipo con el intendente Cresto, y en este caso con el titular del EMCONTUR, Mart\u00edn Buraglia, y los excelentes t\u00e9cnicos que tenemos en CAFESG; pero adem\u00e1s representa una satisfacci\u00f3n personal poder aportar desde este lugar proyectos de este tipo para la ciudad\u201d, confi\u00f3.<\/p>\n<p>\u201cHemos arribado a este proyecto que hoy hemos entregado \u2013ados\u00f3 Casa\u00f1as\u2013aplicando las nuevas disposiciones de nuestro gobernador Gustavo Bordet en cuanto a transparencia en licitaciones y le hemos dado todo el marco t\u00e9cnico-te\u00f3rico necesario. Esta propuesta de obra es el resultado de un trabajo que se viene desarrollando hace mucho tiempo, y quiero destacar la labor en particular de dos t\u00e9cnicos de CAFESG que son los maestros mayores de obra Cristian Tenis y Ram\u00f3n Alcides Ram\u00edrez, quienes se han reunido muchas veces y han dedicado muchas horas a escuchar y tener en cuenta a los que ser\u00e1n los futuros usuarios del proyecto, una vez convertido en obra, como la Polic\u00eda Montada y la gente que trabaja en equinoterapia\u201d, recalc\u00f3 el titular del organismo provincial.<\/p>\n<p>Casa\u00f1as subray\u00f3 adem\u00e1s que \u201ceste es un nuevo aporte de CAFESG al Parque San Carlos, ya que hace un tiempo le entregamos el intendente Cresto el proyecto de iluminaci\u00f3n del predio, quien lo adecu\u00f3 a sus posibilidades financieras y hoy es una realidad en su primera etapa; as\u00ed que el trabajo en equipo que proponemos desde CAFESG con todos los intendentes y presidentes de Juntas de Gobierno de toda la Regi\u00f3n de Salto Grande tiene sus frutos y hace a una mejor convivencia pol\u00edtica y de gesti\u00f3n, donde todos buscamos lo mismo: mejorar la calidad de vida de nuestros vecinos\u201d, finaliz\u00f3.<\/p>\n<p>Los t\u00e9cnicos de CAFESG informaron que el presupuesto de la obra asciende a la suma de $ 4.148.072.- y el plazo de ejecuci\u00f3n se fij\u00f3 en el orden de los 180 d\u00edas corridos.<\/p>\n<p><a href=\"https:\/\/www.cafesg.gob.ar\/cafesg2\/wp-content\/uploads\/2016\/10\/Entrega-proyecto-Comisar\u00eda-Montada-1.jpg\"><img loading=\"lazy\" decoding=\"async\" class=\"alignnone size-thumbnail wp-image-5103\" src=\"https:\/\/www.cafesg.gob.ar\/cafesg2\/wp-content\/uploads\/2016\/10\/Entrega-proyecto-Comisar\u00eda-Montada-1-150x150.jpg\" alt=\"entrega-proyecto-comisaria-montada-1\" width=\"150\" height=\"150\" \/><\/a> <a href=\"https:\/\/www.cafesg.gob.ar\/cafesg2\/wp-content\/uploads\/2016\/10\/Entrega-proyecto-Comisar\u00eda-Montada-3.jpg\"><img loading=\"lazy\" decoding=\"async\" class=\"alignnone size-thumbnail wp-image-5104\" src=\"https:\/\/www.cafesg.gob.ar\/cafesg2\/wp-content\/uploads\/2016\/10\/Entrega-proyecto-Comisar\u00eda-Montada-3-150x150.jpg\" alt=\"entrega-proyecto-comisaria-montada-3\" width=\"150\" height=\"150\" \/><\/a> <a href=\"https:\/\/www.cafesg.gob.ar\/cafesg2\/wp-content\/uploads\/2016\/10\/Entrega-proyecto-Comisar\u00eda-Montada-4.jpg\"><img loading=\"lazy\" decoding=\"async\" class=\"alignnone size-thumbnail wp-image-5105\" src=\"https:\/\/www.cafesg.gob.ar\/cafesg2\/wp-content\/uploads\/2016\/10\/Entrega-proyecto-Comisar\u00eda-Montada-4-150x150.jpg\" alt=\"entrega-proyecto-comisaria-montada-4\" width=\"150\" height=\"150\" \/><\/a>\u00a0<a href=\"https:\/\/www.cafesg.gob.ar\/cafesg2\/wp-content\/uploads\/2016\/10\/Entrega-proyecto-Comisar\u00eda-Montada-2.jpg\"><img loading=\"lazy\" decoding=\"async\" class=\"alignnone size-thumbnail wp-image-5108\" src=\"https:\/\/www.cafesg.gob.ar\/cafesg2\/wp-content\/uploads\/2016\/10\/Entrega-proyecto-Comisar\u00eda-Montada-2-150x150.jpg\" alt=\"entrega-proyecto-comisaria-montada-2\" width=\"150\" height=\"150\" \/><\/a><\/p>\n<p><!--more--><\/p>\n<p><strong>Descripci\u00f3n de la obra<\/strong><\/p>\n<p>El terreno seleccionado para su emplazamiento se encuentra estrat\u00e9gicamente ubicado en el predio del Parque Rivadavia, con f\u00e1ciles accesos desde las v\u00edas de comunicaci\u00f3n, y rodeado de un entorno natural con amplia vegetaci\u00f3n, que brinda posibilidades \u00f3ptimas para albergar los caballos dependientes tanto de la Comisaria Montada cuanto del sector de equinoterapia.<\/p>\n<p>El proyecto est\u00e1 integrado por los siguientes espacios arquitect\u00f3nicos:<\/p>\n<p>-Oficinas administrativas, sala de espera y dormitorios: ser\u00e1n construidos en sistema tradicional de paredes de ladrillos cer\u00e1micos revocados, pisos y z\u00f3calos de granito, cielorraso de machimbre con tirantear\u00eda de laminados a la vista y cubierta de techo con estructura de madera. La carpinter\u00eda ser\u00e1 de aluminio color negro.<\/p>\n<p>-Sector de servicio (cocina y ba\u00f1os): ser\u00e1 construido en sistema tradicional de paredes de ladrillos cer\u00e1micos revocados, pisos y z\u00f3calos de granito. Su cubierta de techo ser\u00e1 de chapas de zinc con estructura de madera, por lo tanto, su cielorraso ser\u00e1 de placa de yeso con perfiler\u00eda met\u00e1lica. La carpinter\u00eda ser\u00e1 de aluminio color negro.<\/p>\n<p>-Caballeriza: es un espacio a construir con sistema tradicional de paredes de ladrillos cer\u00e1micos revocados, las fundaciones ser\u00e1n de construcci\u00f3n tradicional de zapatas, tronco de columnas, viga de encadenado inferior, columnas y vigas, todas de hormig\u00f3n armado. Tanto su cubierta de techo como el cerramiento perimetral ser\u00e1n de chapa galvanizada con estructura met\u00e1lica. La carpinter\u00eda de este sector constar\u00e1 de dos portones met\u00e1licos corredizos en el exterior, y portones de madera semidura en los boxes del interior.<\/p>\n<p>-Cerco perimetral: se realizar\u00e1 con base de tabiques de hormig\u00f3n en la parte inferior y alambre tejido romboidal con columnas premoldeadas cada 3 metros, y portones acordes con el cerco.<\/p>\n","protected":false},"excerpt":{"rendered":"<p>Adem\u00e1s de la dependencia policial incluye un sector para la pr\u00e1ctica de equinoterapia El presidente de la Comisi\u00f3n Administradora para el Fondo Especial de Salto Grande (CAFESG), Alejandro Casa\u00f1as, recibi\u00f3 al presidente ejecutivo del Ente Mixto Concordiense de Turismo (EMCONTUR), Mart\u00edn Buraglia, con la finalidad de hacerle entrega del proyecto de obra de la futura [&hellip;]<\/p>\n","protected":false},"author":1,"featured_media":0,"comment_status":"open","ping_status":"open","sticky":false,"template":"","format":"standard","meta":{"footnotes":""},"categories":[15],"tags":[],"class_list":["post-5102","post","type-post","status-publish","format-standard","hentry","category-noticias"],"_links":{"self":[{"href":"https:\/\/cafesg.gob.ar\/cafesg2\/wp-json\/wp\/v2\/posts\/5102","targetHints":{"allow":["GET"]}}],"collection":[{"href":"https:\/\/cafesg.gob.ar\/cafesg2\/wp-json\/wp\/v2\/posts"}],"about":[{"href":"https:\/\/cafesg.gob.ar\/cafesg2\/wp-json\/wp\/v2\/types\/post"}],"author":[{"embeddable":true,"href":"https:\/\/cafesg.gob.ar\/cafesg2\/wp-json\/wp\/v2\/users\/1"}],"replies":[{"embeddable":true,"href":"https:\/\/cafesg.gob.ar\/cafesg2\/wp-json\/wp\/v2\/comments?post=5102"}],"version-history":[{"count":0,"href":"https:\/\/cafesg.gob.ar\/cafesg2\/wp-json\/wp\/v2\/posts\/5102\/revisions"}],"wp:attachment":[{"href":"https:\/\/cafesg.gob.ar\/cafesg2\/wp-json\/wp\/v2\/media?parent=5102"}],"wp:term":[{"taxonomy":"category","embeddable":true,"href":"https:\/\/cafesg.gob.ar\/cafesg2\/wp-json\/wp\/v2\/categories?post=5102"},{"taxonomy":"post_tag","embeddable":true,"href":"https:\/\/cafesg.gob.ar\/cafesg2\/wp-json\/wp\/v2\/tags?post=5102"}],"curies":[{"name":"wp","href":"https:\/\/api.w.org\/{rel}","templated":true}]}}