 {"id":5096,"date":"2016-10-19T09:59:37","date_gmt":"2016-10-19T12:59:37","guid":{"rendered":"http:\/\/www.cafesg.gob.ar\/web\/?p=5096"},"modified":"2016-10-19T09:59:37","modified_gmt":"2016-10-19T12:59:37","slug":"cafesg-desembarca-en-san-salvador-con-sensibilizadores-ambientales-y-el-museo-interactivo-de-ciencias","status":"publish","type":"post","link":"https:\/\/cafesg.gob.ar\/cafesg2\/cafesg-desembarca-en-san-salvador-con-sensibilizadores-ambientales-y-el-museo-interactivo-de-ciencias\/","title":{"rendered":"CAFESG desembarca en San Salvador con Sensibilizadores Ambientales y el Museo Interactivo de Ciencias"},"content":{"rendered":"<p><em>Concientizaci\u00f3n en el manejo de RSU y difusi\u00f3n democr\u00e1tica del conocimiento<\/em><\/p>\n<p>La Comisi\u00f3n Administradora para el Fondo Especial de Salto Grande (CAFESG) sumar\u00e1 hoy mi\u00e9rcoles a San Salvador entre las localidades alcanzadas por su exitoso Programa \u201cSensibilizadores Ambientales\u201d.<\/p>\n<p>Fruto de una labor conjunta con la Municipalidad local, los vecinos de la Capital Nacional del Arroz ser\u00e1n visitados durante la jornada por los sensibilizadores ambientales de CAFESG, profesionales comunales, de la Mesa de Gesti\u00f3n Local para la Econom\u00eda Social y Solidaria (MeGLESS), el INTA, y el Instituto de Educaci\u00f3n Superior de San Salvador (I.E.S.S.S.), con el objeto de llevar a cabo una encuesta diagn\u00f3stico, que permitir\u00e1 conocer el comportamiento de la poblaci\u00f3n con los residuos s\u00f3lidos domiciliarios.<\/p>\n<p>Las preguntas girar\u00e1n en torno al tratamiento que los ciudadanos les dan a los residuos, a los efectos de contar con la informaci\u00f3n necesaria que posibilitar\u00e1 diagramar luego un plan de acci\u00f3n para la reducci\u00f3n de los residuos.<\/p>\n<p>El objetivo general de esta propuesta de CAFESG \u2013de la que tambi\u00e9n participa la Facultad Regional Concordia de la UTN\u2013 consiste en contribuir al desarrollo de una conciencia ambiental en la ciudadan\u00eda mediante la motivaci\u00f3n e implicaci\u00f3n de todos y cada uno de los vecinos, con el fin de modificar h\u00e1bitos y comportamientos sumamente arraigados.<\/p>\n<p><a href=\"https:\/\/www.cafesg.gob.ar\/cafesg2\/wp-content\/uploads\/2016\/10\/Previa-MICI-San-Salvador-1.jpg\"><img loading=\"lazy\" decoding=\"async\" class=\"alignnone size-thumbnail wp-image-5097\" src=\"https:\/\/www.cafesg.gob.ar\/cafesg2\/wp-content\/uploads\/2016\/10\/Previa-MICI-San-Salvador-1-150x150.jpg\" alt=\"previa-mici-san-salvador-1\" width=\"150\" height=\"150\" \/><\/a> <a href=\"https:\/\/www.cafesg.gob.ar\/cafesg2\/wp-content\/uploads\/2016\/10\/Previa-MICI-San-Salvador-3.jpg\"><img loading=\"lazy\" decoding=\"async\" class=\"alignnone size-thumbnail wp-image-5098\" src=\"https:\/\/www.cafesg.gob.ar\/cafesg2\/wp-content\/uploads\/2016\/10\/Previa-MICI-San-Salvador-3-150x150.jpg\" alt=\"previa-mici-san-salvador-3\" width=\"150\" height=\"150\" \/><\/a> <a href=\"https:\/\/www.cafesg.gob.ar\/cafesg2\/wp-content\/uploads\/2016\/10\/Previa-Sensibilizadores-Ambientales-San-Salvador-1.jpg\"><img loading=\"lazy\" decoding=\"async\" class=\"alignnone size-thumbnail wp-image-5099\" src=\"https:\/\/www.cafesg.gob.ar\/cafesg2\/wp-content\/uploads\/2016\/10\/Previa-Sensibilizadores-Ambientales-San-Salvador-1-150x150.jpg\" alt=\"previa-sensibilizadores-ambientales-san-salvador-1\" width=\"150\" height=\"150\" \/><\/a> <a href=\"https:\/\/www.cafesg.gob.ar\/cafesg2\/wp-content\/uploads\/2016\/10\/Previa-Sensibilizadores-Ambientales-San-Salvador-2.jpg\"><img loading=\"lazy\" decoding=\"async\" class=\"alignnone size-thumbnail wp-image-5100\" src=\"https:\/\/www.cafesg.gob.ar\/cafesg2\/wp-content\/uploads\/2016\/10\/Previa-Sensibilizadores-Ambientales-San-Salvador-2-150x150.jpg\" alt=\"previa-sensibilizadores-ambientales-san-salvador-2\" width=\"150\" height=\"150\" \/><\/a><\/p>\n<p><!--more--><\/p>\n<p><strong>Objetivos espec\u00edficos<\/strong><\/p>\n<p>El Programa Sensibilizadores Ambientales de CAFESG apunta a:<\/p>\n<p>-Promover la separaci\u00f3n diferenciada de los Residuos S\u00f3lidos Urbanos domiciliarios.<\/p>\n<p>-Transferir conocimientos b\u00e1sicos sobre t\u00e9cnicas de reciclado de Residuos S\u00f3lidos Urbanos.<\/p>\n<p>-Posibilitar la introducci\u00f3n de la poblaci\u00f3n a la problem\u00e1tica de los residuos.<\/p>\n<p>-Fomentar la reducci\u00f3n de vol\u00famenes de residuos en el vertedero, con la consiguiente minimizaci\u00f3n de los impactos ambientales que estos producen en el medio.<\/p>\n<p>-Reconocer los diferentes componentes de los residuos y su utilizaci\u00f3n espec\u00edfica en el marco de t\u00e9cnicas de reciclaje.<\/p>\n<p>-Relevar informaci\u00f3n que permita la evoluci\u00f3n del trabajo en terreno.<\/p>\n<p>&nbsp;<\/p>\n<p><strong>El MICI tambi\u00e9n dice presente<\/strong><\/p>\n<p>Desde hoy mi\u00e9rcoles 19 y hasta el viernes 21, el Museo Interactivo de Ciencias Itinerante (MICI) de CAFESG se instalar\u00e1 en la Casa del Bicentenario de San Salvador.<\/p>\n<p>El MICI consiste en un tr\u00e1iler que contiene dispositivos relacionados con fen\u00f3menos de \u00f3ptica, percepci\u00f3n, sonido, fluidos, mec\u00e1nica, magnetismo, electricidad, qu\u00edmica, matem\u00e1tica y biolog\u00eda.<\/p>\n<p>Sus 32 m\u00f3dulos \u2013una vez ensamblados e instalados\u2013 lo transforman es un espacio educativo de recreaci\u00f3n y conocimiento basado en la interactividad, destinado a todo p\u00fablico: ni\u00f1os, j\u00f3venes y adultos.<\/p>\n<p>En el MICI se muestra y se experimenta con principios de la ciencia en forma atractiva, de manera tal de explicar activamente todo lo que sucede a nuestro alrededor.<\/p>\n<p>El acento est\u00e1 puesto b\u00e1sicamente en la experimentaci\u00f3n: se puede ver, explorar, tocar, mover, cambiar, observar lo que sucede; pensar, y volver a experimentar. La participaci\u00f3n en las actividades del MICI es libre, guiada, exploratoria, informativa y l\u00fadica.<\/p>\n","protected":false},"excerpt":{"rendered":"<p>Concientizaci\u00f3n en el manejo de RSU y difusi\u00f3n democr\u00e1tica del conocimiento La Comisi\u00f3n Administradora para el Fondo Especial de Salto Grande (CAFESG) sumar\u00e1 hoy mi\u00e9rcoles a San Salvador entre las localidades alcanzadas por su exitoso Programa \u201cSensibilizadores Ambientales\u201d. Fruto de una labor conjunta con la Municipalidad local, los vecinos de la Capital Nacional del Arroz [&hellip;]<\/p>\n","protected":false},"author":1,"featured_media":0,"comment_status":"open","ping_status":"open","sticky":false,"template":"","format":"standard","meta":{"footnotes":""},"categories":[15],"tags":[],"class_list":["post-5096","post","type-post","status-publish","format-standard","hentry","category-noticias"],"_links":{"self":[{"href":"https:\/\/cafesg.gob.ar\/cafesg2\/wp-json\/wp\/v2\/posts\/5096","targetHints":{"allow":["GET"]}}],"collection":[{"href":"https:\/\/cafesg.gob.ar\/cafesg2\/wp-json\/wp\/v2\/posts"}],"about":[{"href":"https:\/\/cafesg.gob.ar\/cafesg2\/wp-json\/wp\/v2\/types\/post"}],"author":[{"embeddable":true,"href":"https:\/\/cafesg.gob.ar\/cafesg2\/wp-json\/wp\/v2\/users\/1"}],"replies":[{"embeddable":true,"href":"https:\/\/cafesg.gob.ar\/cafesg2\/wp-json\/wp\/v2\/comments?post=5096"}],"version-history":[{"count":0,"href":"https:\/\/cafesg.gob.ar\/cafesg2\/wp-json\/wp\/v2\/posts\/5096\/revisions"}],"wp:attachment":[{"href":"https:\/\/cafesg.gob.ar\/cafesg2\/wp-json\/wp\/v2\/media?parent=5096"}],"wp:term":[{"taxonomy":"category","embeddable":true,"href":"https:\/\/cafesg.gob.ar\/cafesg2\/wp-json\/wp\/v2\/categories?post=5096"},{"taxonomy":"post_tag","embeddable":true,"href":"https:\/\/cafesg.gob.ar\/cafesg2\/wp-json\/wp\/v2\/tags?post=5096"}],"curies":[{"name":"wp","href":"https:\/\/api.w.org\/{rel}","templated":true}]}}