 {"id":5090,"date":"2016-10-19T09:58:11","date_gmt":"2016-10-19T12:58:11","guid":{"rendered":"http:\/\/www.cafesg.gob.ar\/web\/?p=5090"},"modified":"2016-10-19T09:58:11","modified_gmt":"2016-10-19T12:58:11","slug":"casanas-y-el-ministro-benedetto-analizaron-proyectos-de-obras-elaborados-en-conjunto","status":"publish","type":"post","link":"https:\/\/cafesg.gob.ar\/cafesg2\/casanas-y-el-ministro-benedetto-analizaron-proyectos-de-obras-elaborados-en-conjunto\/","title":{"rendered":"Casa\u00f1as y el ministro Benedetto analizaron proyectos de obras elaborados en conjunto"},"content":{"rendered":"<p><em>Trabajo en equipo de CAFESG con la cartera de Planeamiento, Infraestructura y Servicios<\/em><\/p>\n<p>Ayer de ma\u00f1ana, en la sede de la Comisi\u00f3n Administradora para el Fondo Especial de Salto Grande (CAFESG), el presidente del organismo provincial, Alejandro Casa\u00f1as, se entrevist\u00f3 con el ministro de Planeamiento, Infraestructura y Servicios, Luis Benedetto. M\u00e1s tarde se sumaron el coordinador de Control de Proyectos, arquitecto Roberto Acu\u00f1a, y el coordinador de Proyectos, ingeniero Gustavo Larenze.<\/p>\n<p>Al cabo del encuentro, Casa\u00f1as resalt\u00f3 que \u201cesta reuni\u00f3n sirvi\u00f3 para darle continuidad al trabajo en equipo que se viene desarrollando con la cartera provincial, de acuerdo a las directivas del gobernador Gustavo Bordet, para elaborar en conjunto las planificaciones y los proyectos en las \u00e1reas que son competencia de CAFESG\u201d.<\/p>\n<p>En ese sentido, Casa\u00f1as coment\u00f3 que \u201crepasamos los proyectos, las obras en ejecuci\u00f3n, e incorporamos al registro de obras en carpeta algunos proyectos que localidades de la zona de incumbencia de CAFESG han ingresado al ministerio que conduce el ingeniero Benedetto\u201d, pormenoriz\u00f3.<\/p>\n<p>\u201cCabe recordar \u2013agreg\u00f3 Casa\u00f1as\u2013 que, desde un tiempo a esta parte, en medio de la coyuntura que atraviesa nuestro organismo por el retraso de los fondos excedentes de Salto Grande, los equipos t\u00e9cnicos de CAFESG est\u00e1n a entera disposici\u00f3n no s\u00f3lo del Ministerio de Planeamiento, Infraestructura y Servicios de la provincia, sino tambi\u00e9n de todos los municipios y Juntas de Gobierno de los ochos departamentos que conforman nuestra regi\u00f3n de actuaci\u00f3n\u201d, concluy\u00f3.<\/p>\n<p>A su turno \u2013y a ese respecto\u2013 el ministro Luis Benedetto destac\u00f3 que \u201cdurante esta gesti\u00f3n provincial, CAFESG y nuestra cartera firmaron oportunamente un convenio para realizar proyectos de obras aprovechando los excelentes t\u00e9cnicos y todo el equipo de trabajo que tiene la Comisi\u00f3n\u201d, subray\u00f3.<\/p>\n<p>En funci\u00f3n de ello, consign\u00f3 que \u201cla reuni\u00f3n tuvo por objetivo realizar una evaluaci\u00f3n de la labor conjunta realizada hasta el momento, donde constatamos que hemos avanzado, y proyectar hacia el futuro, mientras tanto el gobernador Gustavo Bordet contin\u00faa trabajando junto al Gobierno Nacional en pos de conseguir una adecuaci\u00f3n del precio de la energ\u00eda que produce Salto Grande, para de esa manera volver a contar con los fondos excedentes con los que se financia CAFESG\u201d, asever\u00f3 Benedetto.<\/p>\n<p>Este trabajo en conjunto, tiene otro valor agregado que no escap\u00f3 al an\u00e1lisis del ministro: \u201cNos permite ganar tiempo para cuando el financiamiento est\u00e9 disponible; lo importante es tener todos los proyectos ejecutivos finalizados y despu\u00e9s se ver\u00e1 c\u00f3mo se solventan las obras, si con fondos de la Provincia, de Naci\u00f3n, con dinero gestionado por los mismos municipios o Juntas de Gobierno, o con fondos de CAFESG en el caso de que se solucione su situaci\u00f3n como todos deseamos. Pero queda claro que, teniendo los proyectos elaborados y listos para su ejecuci\u00f3n, ganamos mucho tiempo valioso\u201d, indic\u00f3 por \u00faltimo Benedetto.<\/p>\n<p><a href=\"https:\/\/www.cafesg.gob.ar\/cafesg2\/wp-content\/uploads\/2016\/10\/Reuni\u00f3n-Casa\u00f1as-Benedetto-1.jpg\"><img loading=\"lazy\" decoding=\"async\" class=\"alignnone size-thumbnail wp-image-5091\" src=\"https:\/\/www.cafesg.gob.ar\/cafesg2\/wp-content\/uploads\/2016\/10\/Reuni\u00f3n-Casa\u00f1as-Benedetto-1-150x150.jpg\" alt=\"reunion-casanas-benedetto-1\" width=\"150\" height=\"150\" \/><\/a> <a href=\"https:\/\/www.cafesg.gob.ar\/cafesg2\/wp-content\/uploads\/2016\/10\/Reuni\u00f3n-Casa\u00f1as-Benedetto-2.jpg\"><img loading=\"lazy\" decoding=\"async\" class=\"alignnone size-thumbnail wp-image-5092\" src=\"https:\/\/www.cafesg.gob.ar\/cafesg2\/wp-content\/uploads\/2016\/10\/Reuni\u00f3n-Casa\u00f1as-Benedetto-2-150x150.jpg\" alt=\"reunion-casanas-benedetto-2\" width=\"150\" height=\"150\" \/><\/a> <a href=\"https:\/\/www.cafesg.gob.ar\/cafesg2\/wp-content\/uploads\/2016\/10\/Reuni\u00f3n-Casa\u00f1as-Benedetto-3.jpg\"><img loading=\"lazy\" decoding=\"async\" class=\"alignnone size-thumbnail wp-image-5093\" src=\"https:\/\/www.cafesg.gob.ar\/cafesg2\/wp-content\/uploads\/2016\/10\/Reuni\u00f3n-Casa\u00f1as-Benedetto-3-150x150.jpg\" alt=\"reunion-casanas-benedetto-3\" width=\"150\" height=\"150\" \/><\/a> <a href=\"https:\/\/www.cafesg.gob.ar\/cafesg2\/wp-content\/uploads\/2016\/10\/Reuni\u00f3n-Casa\u00f1as-Benedetto-4.jpg\"><img loading=\"lazy\" decoding=\"async\" class=\"alignnone size-thumbnail wp-image-5094\" src=\"https:\/\/www.cafesg.gob.ar\/cafesg2\/wp-content\/uploads\/2016\/10\/Reuni\u00f3n-Casa\u00f1as-Benedetto-4-150x150.jpg\" alt=\"reunion-casanas-benedetto-4\" width=\"150\" height=\"150\" \/><\/a><\/p>\n","protected":false},"excerpt":{"rendered":"<p>Trabajo en equipo de CAFESG con la cartera de Planeamiento, Infraestructura y Servicios Ayer de ma\u00f1ana, en la sede de la Comisi\u00f3n Administradora para el Fondo Especial de Salto Grande (CAFESG), el presidente del organismo provincial, Alejandro Casa\u00f1as, se entrevist\u00f3 con el ministro de Planeamiento, Infraestructura y Servicios, Luis Benedetto. M\u00e1s tarde se sumaron el [&hellip;]<\/p>\n","protected":false},"author":1,"featured_media":0,"comment_status":"open","ping_status":"open","sticky":false,"template":"","format":"standard","meta":{"footnotes":""},"categories":[15],"tags":[],"class_list":["post-5090","post","type-post","status-publish","format-standard","hentry","category-noticias"],"_links":{"self":[{"href":"https:\/\/cafesg.gob.ar\/cafesg2\/wp-json\/wp\/v2\/posts\/5090","targetHints":{"allow":["GET"]}}],"collection":[{"href":"https:\/\/cafesg.gob.ar\/cafesg2\/wp-json\/wp\/v2\/posts"}],"about":[{"href":"https:\/\/cafesg.gob.ar\/cafesg2\/wp-json\/wp\/v2\/types\/post"}],"author":[{"embeddable":true,"href":"https:\/\/cafesg.gob.ar\/cafesg2\/wp-json\/wp\/v2\/users\/1"}],"replies":[{"embeddable":true,"href":"https:\/\/cafesg.gob.ar\/cafesg2\/wp-json\/wp\/v2\/comments?post=5090"}],"version-history":[{"count":0,"href":"https:\/\/cafesg.gob.ar\/cafesg2\/wp-json\/wp\/v2\/posts\/5090\/revisions"}],"wp:attachment":[{"href":"https:\/\/cafesg.gob.ar\/cafesg2\/wp-json\/wp\/v2\/media?parent=5090"}],"wp:term":[{"taxonomy":"category","embeddable":true,"href":"https:\/\/cafesg.gob.ar\/cafesg2\/wp-json\/wp\/v2\/categories?post=5090"},{"taxonomy":"post_tag","embeddable":true,"href":"https:\/\/cafesg.gob.ar\/cafesg2\/wp-json\/wp\/v2\/tags?post=5090"}],"curies":[{"name":"wp","href":"https:\/\/api.w.org\/{rel}","templated":true}]}}