 {"id":5084,"date":"2016-10-14T08:51:38","date_gmt":"2016-10-14T11:51:38","guid":{"rendered":"http:\/\/www.cafesg.gob.ar\/web\/?p=5084"},"modified":"2016-10-14T08:51:38","modified_gmt":"2016-10-14T11:51:38","slug":"cafesg-cada-vez-mas-cerca-de-volver-a-unir-con-trenes-turisticos-la-criolla-y-los-charruas","status":"publish","type":"post","link":"https:\/\/cafesg.gob.ar\/cafesg2\/cafesg-cada-vez-mas-cerca-de-volver-a-unir-con-trenes-turisticos-la-criolla-y-los-charruas\/","title":{"rendered":"CAFESG cada vez m\u00e1s cerca de volver a unir con trenes tur\u00edsticos La Criolla y Los Charr\u00faas"},"content":{"rendered":"<p><em>Promoci\u00f3n y fortalecimiento del turismo en trabajo conjunto con los gobiernos locales de la Regi\u00f3n<\/em><\/p>\n<p>La Comisi\u00f3n Administradora para el Fondo Especial de Salto Grande (CAFESG) ingres\u00f3 en la etapa final de la obra de construcci\u00f3n y puesta en funcionamiento de dos trenes con sus respectivos vagones de pasajeros, para uso tur\u00edstico entre las localidades de La Criolla y Los Charr\u00faas, ubicadas en el Departamento Concordia.<\/p>\n<p>Ambos municipios se encuentran trabajando dentro del Programa de CAFESG \u201cFortalecimiento del Turismo en los Gobiernos Locales de la Regi\u00f3n de Salto Grande\u201d, una iniciativa \u201cque apunta a incentivar, promocionar y fortalecer el tur\u00edstico local a partir del patrimonio natural y cultural, as\u00ed como tambi\u00e9n hace hincapi\u00e9 en la puesta en valor y aprovechamiento del patrimonio ferroviario existente\u201d, se\u00f1al\u00f3 el presidente del organismo provincial con sede en Concordia, Alejandro Casa\u00f1as.<\/p>\n<p>A ese respecto, el secretario de Gobierno de Los Charr\u00faas, Edgardo Sarmiento, confi\u00f3 \u201cque todos en nuestra localidad estamos muy entusiasmados, fundamentalmente las personas mayores de 50 a\u00f1os que vivimos en la \u00e9poca del tren; todo este proceso nos transporta a aquellos tiempos en que viaj\u00e1bamos en tren, y lo disfrutamos mucho\u201d, resalt\u00f3.<\/p>\n<p>En esa l\u00ednea de pensamiento, Sarmiento agreg\u00f3 que \u201cla idea b\u00e1sicamente es que nuestros j\u00f3venes por un lado puedan disfrutar del tren, y, por otro, ayudarlos a imaginar c\u00f3mo eran aquellos tiempos en que nuestros pueblos se un\u00edan a trav\u00e9s del tren. En definitiva, \u00e9se es el sue\u00f1o mayor: volver a unir La Criolla y Los Charr\u00faas a trav\u00e9s de las v\u00edas, gracias a este emprendimiento de CAFESG\u201d, subray\u00f3.<\/p>\n<p>\u201cAmbos trenes \u2013ados\u00f3 Sarmiento\u2013 se est\u00e1n construyendo en un taller de La Criolla y gracias a esta inversi\u00f3n de CAFESG est\u00e1n quedando muy lindos\u201d, grafic\u00f3 el funcionario.<\/p>\n<p>Para llegar a la etapa de construcci\u00f3n de sendas formaciones, CAFESG previamente realiz\u00f3 un relevamiento t\u00e9cnico de los 15 kil\u00f3metros del tramo de v\u00edas a recorrer, a los fines de corroborar su estado actual y analizar la viabilidad de conectar nuevamente ambas localidades a trav\u00e9s del ferrocarril.<\/p>\n<p>Paralelamente se corrobor\u00f3 que las estaciones con sus galpones, espacios verdes y los apeaderos son realmente parte de la historia y la identidad local. Y, por otro lado, se tom\u00f3 contacto con productores locales interesados en recibir visitas tur\u00edsticas en sus establecimientos. Con estos argumentos se elabor\u00f3 una propuesta cultural, recreativa y tur\u00edstica.<\/p>\n<p>\u201cLas expectativas con esto son muy grandes \u2013confes\u00f3 Sarmiento\u2013 ya que Los Charr\u00faas, que en este 2016 est\u00e1 cumpliendo 75 a\u00f1os de vida, naci\u00f3 en el a\u00f1o 1941 a partir de una resoluci\u00f3n del entonces gobernador Enrique Miura, donde se aprobaba el trazado y la creaci\u00f3n de un pueblo en la estaci\u00f3n Los Charr\u00faas del Ferrocarril del Este y que, al no tener nombre propuesto, se le asignaba al poblado el mismo nombre que la estaci\u00f3n\u201d, histori\u00f3.<\/p>\n<p>\u201cAs\u00ed que imaginen \u2013indic\u00f3 por \u00faltimo el secretario de Gobierno\u2013 lo importante de estos trencitos en t\u00e9rminos simb\u00f3licos, ya que nuestra comunidad naci\u00f3 a la vera del ferrocarril: por eso toda nuestra fiesta aniversario est\u00e1 enmarcada en el predio de la estaci\u00f3n, y los viejos galpones que se est\u00e1n acondicionando para el evento\u201d, concluy\u00f3.<\/p>\n<p>D\u00edas pasados, funcionarios de CAFESG, junto a la secretaria de Turismo de La Criolla, Angelina Juncosa, y al propio Sarmiento, constataron in situ el grado de avance de la construcci\u00f3n de los trenes y recorrieron las v\u00edas para evaluar su estado.<\/p>\n<p><a href=\"https:\/\/www.cafesg.gob.ar\/cafesg2\/wp-content\/uploads\/2016\/10\/Avance-trencitos-La-Criolla-1.jpg\"><img loading=\"lazy\" decoding=\"async\" class=\"alignnone size-thumbnail wp-image-5085\" src=\"https:\/\/www.cafesg.gob.ar\/cafesg2\/wp-content\/uploads\/2016\/10\/Avance-trencitos-La-Criolla-1-150x150.jpg\" alt=\"avance-trencitos-la-criolla-1\" width=\"150\" height=\"150\" \/><\/a> <a href=\"https:\/\/www.cafesg.gob.ar\/cafesg2\/wp-content\/uploads\/2016\/10\/Avance-trencitos-La-Criolla-2.jpg\"><img loading=\"lazy\" decoding=\"async\" class=\"alignnone size-thumbnail wp-image-5086\" src=\"https:\/\/www.cafesg.gob.ar\/cafesg2\/wp-content\/uploads\/2016\/10\/Avance-trencitos-La-Criolla-2-150x150.jpg\" alt=\"avance-trencitos-la-criolla-2\" width=\"150\" height=\"150\" \/><\/a> <a href=\"https:\/\/www.cafesg.gob.ar\/cafesg2\/wp-content\/uploads\/2016\/10\/Avance-trencitos-La-Criolla-4.jpg\"><img loading=\"lazy\" decoding=\"async\" class=\"alignnone size-thumbnail wp-image-5087\" src=\"https:\/\/www.cafesg.gob.ar\/cafesg2\/wp-content\/uploads\/2016\/10\/Avance-trencitos-La-Criolla-4-150x150.jpg\" alt=\"avance-trencitos-la-criolla-4\" width=\"150\" height=\"150\" \/><\/a><\/p>\n<p><!--more--><\/p>\n<p><strong>Detalles de la iniciativa<\/strong><\/p>\n<p>La propuesta de concretar viajes tur\u00edsticos en tren entre Los Charr\u00faas y La Criolla se ide\u00f3 y planific\u00f3 en el marco de los espacios de trabajo entre los intendentes, funcionarios y personal de ambos municipios, junto al equipo de t\u00e9cnicos en turismo de CAFESG, diagramados a partir de una prerrogativa expresa del gobernador Gustavo Bordet.<\/p>\n<p>En los recorridos del tren se podr\u00e1 conocer la historia de cada localidad y la importancia que tuvo este medio de transporte, disfrutar de las quintas de c\u00edtricos y ar\u00e1ndanos, apreciar campos con diferentes cultivos, y adquirir artesan\u00edas y productos t\u00edpicos de la zona, directamente de la mano de los productores locales.<\/p>\n<p>De esta manera se cumplir\u00e1 otro de los objetivos del programa de CAFESG \u201cFortalecimiento del Turismo en los Gobiernos Locales\u201d: sumar propuestas innovadoras a las comunidades y fortalecer con nuevos atractivos tur\u00edsticos a la Regi\u00f3n de Salto Grande.<\/p>\n","protected":false},"excerpt":{"rendered":"<p>Promoci\u00f3n y fortalecimiento del turismo en trabajo conjunto con los gobiernos locales de la Regi\u00f3n La Comisi\u00f3n Administradora para el Fondo Especial de Salto Grande (CAFESG) ingres\u00f3 en la etapa final de la obra de construcci\u00f3n y puesta en funcionamiento de dos trenes con sus respectivos vagones de pasajeros, para uso tur\u00edstico entre las localidades [&hellip;]<\/p>\n","protected":false},"author":1,"featured_media":0,"comment_status":"open","ping_status":"open","sticky":false,"template":"","format":"standard","meta":{"footnotes":""},"categories":[15],"tags":[],"class_list":["post-5084","post","type-post","status-publish","format-standard","hentry","category-noticias"],"_links":{"self":[{"href":"https:\/\/cafesg.gob.ar\/cafesg2\/wp-json\/wp\/v2\/posts\/5084","targetHints":{"allow":["GET"]}}],"collection":[{"href":"https:\/\/cafesg.gob.ar\/cafesg2\/wp-json\/wp\/v2\/posts"}],"about":[{"href":"https:\/\/cafesg.gob.ar\/cafesg2\/wp-json\/wp\/v2\/types\/post"}],"author":[{"embeddable":true,"href":"https:\/\/cafesg.gob.ar\/cafesg2\/wp-json\/wp\/v2\/users\/1"}],"replies":[{"embeddable":true,"href":"https:\/\/cafesg.gob.ar\/cafesg2\/wp-json\/wp\/v2\/comments?post=5084"}],"version-history":[{"count":0,"href":"https:\/\/cafesg.gob.ar\/cafesg2\/wp-json\/wp\/v2\/posts\/5084\/revisions"}],"wp:attachment":[{"href":"https:\/\/cafesg.gob.ar\/cafesg2\/wp-json\/wp\/v2\/media?parent=5084"}],"wp:term":[{"taxonomy":"category","embeddable":true,"href":"https:\/\/cafesg.gob.ar\/cafesg2\/wp-json\/wp\/v2\/categories?post=5084"},{"taxonomy":"post_tag","embeddable":true,"href":"https:\/\/cafesg.gob.ar\/cafesg2\/wp-json\/wp\/v2\/tags?post=5084"}],"curies":[{"name":"wp","href":"https:\/\/api.w.org\/{rel}","templated":true}]}}