 {"id":5078,"date":"2016-10-12T08:12:50","date_gmt":"2016-10-12T11:12:50","guid":{"rendered":"http:\/\/www.cafesg.gob.ar\/web\/?p=5078"},"modified":"2016-10-12T08:12:50","modified_gmt":"2016-10-12T11:12:50","slug":"a-partir-de-un-programa-de-cafesg-y-caritas-se-consolidan-el-ensamble-instrumental-y-el-coro-de-san-salvador","status":"publish","type":"post","link":"https:\/\/cafesg.gob.ar\/cafesg2\/a-partir-de-un-programa-de-cafesg-y-caritas-se-consolidan-el-ensamble-instrumental-y-el-coro-de-san-salvador\/","title":{"rendered":"A partir de un programa de CAFESG y C\u00e1ritas se consolidan el Ensamble Instrumental y el Coro de San Salvador"},"content":{"rendered":"<p><em>Los componen m\u00e1s de 20 m\u00fasicos y 30 coreutas de diferentes edades y estratos sociales<\/em><\/p>\n<p>La idea de formar un Ensamble Instrumental y un Coro naci\u00f3 a principios de 2014 como continuidad natural del Taller de Instrumentos financiado por CAFESG y desarrollado durante el a\u00f1o 2013, en el marco del Programa \u201cConfianza en el Futuro\u201d, que impulsan la Comisi\u00f3n Administradora para el Fondo Especial de Salto Grande y C\u00e1ritas Diocesana Concordia.<\/p>\n<p>La propuesta se inici\u00f3 con la conformaci\u00f3n y los primeros ensayos del Ensamble y del Coro, en las aulas de la iglesia Santa Teresita del Ni\u00f1o Jes\u00fas de San Salvador. Los logros alcanzados y el gran impacto generado en la comunidad de la Capital Nacional del Arroz, y zonas aleda\u00f1as, motiv\u00f3 al Directorio de CAFESG y Caritas Diocesana a continuar apoyando el proyecto y avanzar con objetivos superadores.<\/p>\n<p>En funci\u00f3n de ello, durante el a\u00f1o pasado y en lo que va de este 2016, se fueron sumando y capacitando nuevos integrantes a los efectos de conformar una orquesta de c\u00e1mara. Con ese objetivo se aument\u00f3 el financiamiento para ampliar la carga horaria de los Talleres agregando horas de clase personalizadas para la formaci\u00f3n en la interpretaci\u00f3n de violonchelo, contrabajo, viol\u00edn, viola, saxo y flauta, que se sumaron as\u00ed a las de guitarra, percusi\u00f3n y teclado que ya se ven\u00edan dictando con anterioridad.<\/p>\n<p>El Ensamble y el Coro est\u00e1n integrados por personas de diferentes edades (ni\u00f1os, adolescentes y adultos) y lo componen m\u00e1s de 20 m\u00fasicos y 30 coreutas.<\/p>\n<p>Las interpretaciones abarcan temas musicales que van desde lo popular hasta lo cl\u00e1sico.<\/p>\n<p>Los arreglos, adaptaciones, orquestaci\u00f3n y preparaci\u00f3n instrumental del Taller est\u00e1n a cargo del director general Leonardo Avancini; mientras que los arreglos corales, la preparaci\u00f3n vocal e instrumental del Coro cuentan con la colaboraci\u00f3n de la profesora Claudia Kloster.<\/p>\n<p>Para este a\u00f1o, el Municipio de San Salvador puso a disposici\u00f3n la Usina Cultural de la localidad para el desarrollo de los Talleres y los ensayos de la Orquesta. Y tambi\u00e9n asumi\u00f3 la contrataci\u00f3n de otros profesores que act\u00faan bajo la direcci\u00f3n de Avancini.<\/p>\n<p><a href=\"https:\/\/www.cafesg.gob.ar\/cafesg2\/wp-content\/uploads\/2016\/10\/Ensamble-y-Coro-San-Salvador-1.jpg\"><img loading=\"lazy\" decoding=\"async\" class=\"alignnone size-thumbnail wp-image-5079\" src=\"https:\/\/www.cafesg.gob.ar\/cafesg2\/wp-content\/uploads\/2016\/10\/Ensamble-y-Coro-San-Salvador-1-150x150.jpg\" alt=\"ensamble-y-coro-san-salvador-1\" width=\"150\" height=\"150\" \/><\/a> <a href=\"https:\/\/www.cafesg.gob.ar\/cafesg2\/wp-content\/uploads\/2016\/10\/Ensamble-y-Coro-San-Salvador-7.jpg\"><img loading=\"lazy\" decoding=\"async\" class=\"alignnone size-thumbnail wp-image-5080\" src=\"https:\/\/www.cafesg.gob.ar\/cafesg2\/wp-content\/uploads\/2016\/10\/Ensamble-y-Coro-San-Salvador-7-150x150.jpg\" alt=\"ensamble-y-coro-san-salvador-7\" width=\"150\" height=\"150\" \/><\/a> <a href=\"https:\/\/www.cafesg.gob.ar\/cafesg2\/wp-content\/uploads\/2016\/10\/Ensamble-y-Coro-San-Salvador-3.jpg\"><img loading=\"lazy\" decoding=\"async\" class=\"alignnone size-thumbnail wp-image-5081\" src=\"https:\/\/www.cafesg.gob.ar\/cafesg2\/wp-content\/uploads\/2016\/10\/Ensamble-y-Coro-San-Salvador-3-150x150.jpg\" alt=\"ensamble-y-coro-san-salvador-3\" width=\"150\" height=\"150\" \/><\/a><\/p>\n<p><!--more--><\/p>\n<p><strong>Alcances del Programa<\/strong><\/p>\n<p>\u201cConfianza en el Futuro\u201d es una enriquecedora experiencia conjunta que CAFESG y C\u00e1ritas Diocesana Concordia comenzaron a construir en 2009, cuando firmaron su primer Acuerdo Marco de Cooperaci\u00f3n y Asistencia T\u00e9cnica, que luego fueron renovando con el paso de los a\u00f1os.<\/p>\n<p>El Programa se fundamenta en la necesidad de dar respuesta a las demandas manifestadas por los propios destinatarios \u2013que habitan en diferentes barrios de Concordia y otras localidades de la Regi\u00f3n de Salto Grande\u2013 registradas en un relevamiento realizado oportunamente por C\u00e1ritas Diocesana.<\/p>\n<p>Con el dictado de los distintos cursos y talleres \u2013cuyo contenido obedece a estas demandas\u2013 se pretende contribuir a revertir, a mediano plazo, la situaci\u00f3n de marginalidad de los beneficiarios, aportando a su formaci\u00f3n en un oficio, a la adquisici\u00f3n de competencias ocupacionales acordes al mundo laboral actual, y tambi\u00e9n a la promoci\u00f3n del arte, la cultura y la pr\u00e1ctica de la actividad f\u00edsica-recreativa.<\/p>\n<p>La meta es generar una inclusi\u00f3n social real, sostenible en el tiempo, y que contribuya a mejorar la calidad de vida de los participantes.<\/p>\n","protected":false},"excerpt":{"rendered":"<p>Los componen m\u00e1s de 20 m\u00fasicos y 30 coreutas de diferentes edades y estratos sociales La idea de formar un Ensamble Instrumental y un Coro naci\u00f3 a principios de 2014 como continuidad natural del Taller de Instrumentos financiado por CAFESG y desarrollado durante el a\u00f1o 2013, en el marco del Programa \u201cConfianza en el Futuro\u201d, [&hellip;]<\/p>\n","protected":false},"author":1,"featured_media":0,"comment_status":"open","ping_status":"open","sticky":false,"template":"","format":"standard","meta":{"footnotes":""},"categories":[15],"tags":[],"class_list":["post-5078","post","type-post","status-publish","format-standard","hentry","category-noticias"],"_links":{"self":[{"href":"https:\/\/cafesg.gob.ar\/cafesg2\/wp-json\/wp\/v2\/posts\/5078","targetHints":{"allow":["GET"]}}],"collection":[{"href":"https:\/\/cafesg.gob.ar\/cafesg2\/wp-json\/wp\/v2\/posts"}],"about":[{"href":"https:\/\/cafesg.gob.ar\/cafesg2\/wp-json\/wp\/v2\/types\/post"}],"author":[{"embeddable":true,"href":"https:\/\/cafesg.gob.ar\/cafesg2\/wp-json\/wp\/v2\/users\/1"}],"replies":[{"embeddable":true,"href":"https:\/\/cafesg.gob.ar\/cafesg2\/wp-json\/wp\/v2\/comments?post=5078"}],"version-history":[{"count":0,"href":"https:\/\/cafesg.gob.ar\/cafesg2\/wp-json\/wp\/v2\/posts\/5078\/revisions"}],"wp:attachment":[{"href":"https:\/\/cafesg.gob.ar\/cafesg2\/wp-json\/wp\/v2\/media?parent=5078"}],"wp:term":[{"taxonomy":"category","embeddable":true,"href":"https:\/\/cafesg.gob.ar\/cafesg2\/wp-json\/wp\/v2\/categories?post=5078"},{"taxonomy":"post_tag","embeddable":true,"href":"https:\/\/cafesg.gob.ar\/cafesg2\/wp-json\/wp\/v2\/tags?post=5078"}],"curies":[{"name":"wp","href":"https:\/\/api.w.org\/{rel}","templated":true}]}}