 {"id":5074,"date":"2016-10-05T09:40:12","date_gmt":"2016-10-05T12:40:12","guid":{"rendered":"http:\/\/www.cafesg.gob.ar\/web\/?p=5074"},"modified":"2016-10-05T09:40:12","modified_gmt":"2016-10-05T12:40:12","slug":"cafesg-ofrece-una-capacitacion-gratuita-en-herramientas-de-costos-y-mercado-para-pequenos-emprendimientos","status":"publish","type":"post","link":"https:\/\/cafesg.gob.ar\/cafesg2\/cafesg-ofrece-una-capacitacion-gratuita-en-herramientas-de-costos-y-mercado-para-pequenos-emprendimientos\/","title":{"rendered":"CAFESG ofrece una capacitaci\u00f3n gratuita en herramientas de costos y mercado para peque\u00f1os emprendimientos"},"content":{"rendered":"<p><em>Se desarrollar\u00e1 el jueves 13 de octubre en el Auditorio del Centro C\u00edvico de Concordia<\/em><\/p>\n<p>El jueves 13 de octubre, la Comisi\u00f3n Administradora para el Fondo Especial de Salto Grande (CAFESG) ofrecer\u00e1 una capacitaci\u00f3n gratuita en \u201cHerramientas de costos y mercado para peque\u00f1os emprendimientos\u201d, destinada a todas aquellas personas que cuenten con un emprendimiento en marcha, o tengan una idea de proyecto y deseen llevarla adelante.<\/p>\n<p>Este nuevo curso se inscribe en el Programa de Asesoramiento para Microemprendedores de la Regi\u00f3n de Salto Grande, y estar\u00e1 a cargo de personal de CAFESG e INTA que se desempe\u00f1a en el Microbanco de Desarrollo, una herramienta con m\u00e1s de 11 a\u00f1os de trayectoria en la esfera del organismo provincial con sede en Concordia.<\/p>\n<p>La capacitaci\u00f3n se ofrecer\u00e1 en el Auditorio del cuarto piso del Centro C\u00edvico de Concordia y los interesados pueden inscribirse o informarse personalmente en las oficinas del \u00c1rea de Desarrollo Regional de CAFESG, ubicadas en el segundo piso del edificio de Mitre y Pellegrini, en el horario de 7 a 18 horas.<\/p>\n<p>En una segunda instancia se ofrecer\u00e1 a los participantes una asistencia t\u00e9cnica personalizada a los efectos de ayudarlos a aplicar en forma pr\u00e1ctica los conceptos te\u00f3ricos desarrollados, y contribuir de esa manera a la obtenci\u00f3n de mejoras en sus emprendimientos.<\/p>\n<p>La capacitaci\u00f3n tendr\u00e1 una duraci\u00f3n estimada de 3 horas y se entregar\u00e1 certificado de asistencia a los concurrentes.<\/p>\n<p>El Programa de Asesoramiento para Microemprendedores de CAFESG tiene como objetivo capacitar a los participantes para que puedan gestionar un emprendimiento productivo, individual o colectivo, sostenible y sustentable en el tiempo, mediante el an\u00e1lisis de los obst\u00e1culos que se encuentran en la puesta en marcha de iniciativas de esta naturaleza y tambi\u00e9n en la b\u00fasqueda de alternativas de soluci\u00f3n viables.<\/p>\n<p>Los contenidos te\u00f3ricos contemplan los aspectos organizativos, econ\u00f3micos, administrativos y comerciales necesarios para la administraci\u00f3n o puesta en funcionamiento de un emprendimiento.<\/p>\n<p><a href=\"https:\/\/www.cafesg.gob.ar\/cafesg2\/wp-content\/uploads\/2016\/10\/Capacitaci\u00f3n-para-microemprendedores-OCT16-1.jpg\"><img loading=\"lazy\" decoding=\"async\" class=\"alignnone size-thumbnail wp-image-5075\" src=\"https:\/\/www.cafesg.gob.ar\/cafesg2\/wp-content\/uploads\/2016\/10\/Capacitaci\u00f3n-para-microemprendedores-OCT16-1-150x150.jpg\" alt=\"capacitacion-para-microemprendedores-oct16-1\" width=\"150\" height=\"150\" \/><\/a> <a href=\"https:\/\/www.cafesg.gob.ar\/cafesg2\/wp-content\/uploads\/2016\/10\/Capacitaci\u00f3n-para-microemprendedores-OCT16-2.jpg\"><img loading=\"lazy\" decoding=\"async\" class=\"alignnone size-thumbnail wp-image-5076\" src=\"https:\/\/www.cafesg.gob.ar\/cafesg2\/wp-content\/uploads\/2016\/10\/Capacitaci\u00f3n-para-microemprendedores-OCT16-2-150x150.jpg\" alt=\"capacitacion-para-microemprendedores-oct16-2\" width=\"150\" height=\"150\" \/><\/a><\/p>\n<p><!--more--><\/p>\n<p><strong>Temas que se abordar\u00e1n<\/strong><\/p>\n<p>&nbsp;<\/p>\n<p><em>M\u00f3dulo Costos<\/em><\/p>\n<p>-Tipos de costos<\/p>\n<p>-Conceptualizaci\u00f3n de costos variables.<\/p>\n<p>-Conceptualizaci\u00f3n del costo fijo<\/p>\n<p>-Identificaci\u00f3n, costeo de productos, utilizaci\u00f3n de planillas y punto de equilibrio.<\/p>\n<p>&nbsp;<\/p>\n<p><em>M\u00f3dulo Mercado <\/em><\/p>\n<p>-Clientes, competencia y proveedores.<\/p>\n<p>-Identificaci\u00f3n y caracterizaci\u00f3n de los mismos.<\/p>\n<p>-Dise\u00f1o de herramientas de testeo del mercado para establecer viabilidad del proyecto.<\/p>\n<p>-Impacto de la competencia y costo de elecci\u00f3n.<\/p>\n","protected":false},"excerpt":{"rendered":"<p>Se desarrollar\u00e1 el jueves 13 de octubre en el Auditorio del Centro C\u00edvico de Concordia El jueves 13 de octubre, la Comisi\u00f3n Administradora para el Fondo Especial de Salto Grande (CAFESG) ofrecer\u00e1 una capacitaci\u00f3n gratuita en \u201cHerramientas de costos y mercado para peque\u00f1os emprendimientos\u201d, destinada a todas aquellas personas que cuenten con un emprendimiento en [&hellip;]<\/p>\n","protected":false},"author":1,"featured_media":0,"comment_status":"open","ping_status":"open","sticky":false,"template":"","format":"standard","meta":{"footnotes":""},"categories":[15],"tags":[],"class_list":["post-5074","post","type-post","status-publish","format-standard","hentry","category-noticias"],"_links":{"self":[{"href":"https:\/\/cafesg.gob.ar\/cafesg2\/wp-json\/wp\/v2\/posts\/5074","targetHints":{"allow":["GET"]}}],"collection":[{"href":"https:\/\/cafesg.gob.ar\/cafesg2\/wp-json\/wp\/v2\/posts"}],"about":[{"href":"https:\/\/cafesg.gob.ar\/cafesg2\/wp-json\/wp\/v2\/types\/post"}],"author":[{"embeddable":true,"href":"https:\/\/cafesg.gob.ar\/cafesg2\/wp-json\/wp\/v2\/users\/1"}],"replies":[{"embeddable":true,"href":"https:\/\/cafesg.gob.ar\/cafesg2\/wp-json\/wp\/v2\/comments?post=5074"}],"version-history":[{"count":0,"href":"https:\/\/cafesg.gob.ar\/cafesg2\/wp-json\/wp\/v2\/posts\/5074\/revisions"}],"wp:attachment":[{"href":"https:\/\/cafesg.gob.ar\/cafesg2\/wp-json\/wp\/v2\/media?parent=5074"}],"wp:term":[{"taxonomy":"category","embeddable":true,"href":"https:\/\/cafesg.gob.ar\/cafesg2\/wp-json\/wp\/v2\/categories?post=5074"},{"taxonomy":"post_tag","embeddable":true,"href":"https:\/\/cafesg.gob.ar\/cafesg2\/wp-json\/wp\/v2\/tags?post=5074"}],"curies":[{"name":"wp","href":"https:\/\/api.w.org\/{rel}","templated":true}]}}