 {"id":5059,"date":"2016-10-03T11:06:15","date_gmt":"2016-10-03T14:06:15","guid":{"rendered":"http:\/\/www.cafesg.gob.ar\/web\/?p=5059"},"modified":"2016-10-03T11:06:15","modified_gmt":"2016-10-03T14:06:15","slug":"la-jornada-ambiental-de-cafesg-en-pueblo-liebig-supero-todas-las-expectativas","status":"publish","type":"post","link":"https:\/\/cafesg.gob.ar\/cafesg2\/la-jornada-ambiental-de-cafesg-en-pueblo-liebig-supero-todas-las-expectativas\/","title":{"rendered":"La Jornada Ambiental de CAFESG en Pueblo Liebig super\u00f3 todas las expectativas"},"content":{"rendered":"<p><em>Gran apoyo popular a la movida organizada con la Junta de Gobierno y otras instituciones<\/em><\/p>\n<p>Con rotundo \u00e9xito se desarroll\u00f3 en Pueblo Liebig la Jornada Ambiental organizada por la Comisi\u00f3n Administradora para el Fondo Especial de Salto Grande (CAFESG), a trav\u00e9s de su programa \u201cSensibilizadores Ambientales\u201d, y la Junta de Gobierno local, con la participaci\u00f3n de INTI Entre R\u00edos, INTA, UNER, UTN, el Centro de Desarrollo Foresto Industrial (CeDeFI), la Mesa de Gesti\u00f3n Local para la Econom\u00eda Social y Solidaria (MeGLESS) y la Cooperativa de Reciclaje Liebig.<\/p>\n<p>La movida se denomin\u00f3 \u201cTrabajando junto al vecino por un ambiente para todos\u201d, y se llev\u00f3 a cabo en la esquina de 17 de Mayo y Los Fresnos de esta localidad del departamento Col\u00f3n. La propuesta incluy\u00f3 un Ecocanje que super\u00f3 ampliamente las expectativas: los vecinos deb\u00edan llevar botellas pl\u00e1sticas, y cada cinco que entregaban limpias y sin etiquetas, recib\u00edan a cambio semillas, plantines, se\u00f1aladores, regalos ecol\u00f3gicos, llaveros y cactus.<\/p>\n<p>La postal de familias haciendo cola en pos de entregar botellas y luego recibir un n\u00famero para efectuar el canje fue una constante, lo cual dej\u00f3 cabalmente de manifiesto el fuerte compromiso de la comunidad de Pueblo Liebig para vivir en una sociedad m\u00e1s limpia.<\/p>\n<p>En cuatro horas, las estructuras para recibir los envases se vieron colmadas: se recolectaron m\u00e1s de 1.500 botellas de pl\u00e1stico, que ser\u00e1n utilizadas por la Cooperativa de Reciclaje Liebig: primero las aplastar\u00e1n y luego las vender\u00e1n como insumos en Buenos Aires; siendo otra opci\u00f3n triturarlas y reciclarlas para la fabricaci\u00f3n de bolsas o de nuevas botellas.<\/p>\n<p>La coordinadora del programa de CAFESG \u201cSensibilizadores\u00a0 Ambientales\u201d, Graciela Rold\u00e1n de Minhondo, se\u00f1al\u00f3 que \u201cel eje de esta iniciativa es trabajar con los vecinos de cada localidad dentro de la Regi\u00f3n de Salto Grande para avanzar en propuestas que apunten a encontrar una soluci\u00f3n al problema de los residuos s\u00f3lidos urbanos; es as\u00ed que hacemos un censo en cada localidad de cuyo informe se pone en conocimiento al intendente o presidente de la Junta de Gobierno, para luego poner en pr\u00e1ctica todas las herramientas que les brinda nuestro programa\u201d, pormenoriz\u00f3.<\/p>\n<p>\u201cEn una segunda instancia \u2013agreg\u00f3 la coordinadora\u2013 nos ponemos en contacto con otras instituciones y organizamos jornadas de esta naturaleza, que incluyen lo que nosotros denominamos una peque\u00f1a revoluci\u00f3n ambiental llamada Ecocanje, y que consiste en que cada vecino pueda traer cinco botellas y canjearlas por alg\u00fan presente\u201d, concluy\u00f3.<\/p>\n<p>&nbsp;<\/p>\n<p><strong>Testimonios de los vecinos<\/strong><\/p>\n<p>Sumamente entusiasmados por la movida generada en torno a la Jornada, los vecinos compartieron sin reparos sus sensaciones. Jesica cont\u00f3 que concurri\u00f3 \u201cporque ten\u00eda un mont\u00f3n de botellas y, antes de que fueran a parar a otro lado, me pareci\u00f3 muy interesante la propuesta y las traje para que las reciclen. Me gusta que esto pase en mi querido Pueblo Liebig porque si bien tenemos conciencia ambiental y nadie tira basura en cualquier parte, a veces no sabemos qu\u00e9 hacer con algunas cosas, y con esta propuesta tenemos m\u00e1s ideas\u201d, resalt\u00f3.<\/p>\n<p>Carina, otra vecina, confi\u00f3 que la Jornada le pareci\u00f3 \u201cmuy importante porque el cuidado del planeta se debe dar en cada lugar, y abarcar a todas las edades es fundamental; aparte me estoy enterando de un mont\u00f3n de cosas nuevas y veo todo lo que se puede hacer con las cosas que tiramos todos los d\u00edas, y no se puede creer, desde jab\u00f3n hasta ladrillos, es b\u00e1rbaro todo esto\u201d, ponder\u00f3.<\/p>\n<p>&nbsp;<\/p>\n<p><strong>Actividades y stands<\/strong><\/p>\n<p>La Jornada cont\u00f3 con diferentes atractivos en distintos formatos (stands, propuestas, charlas, etc\u00e9tera) ofrecidos por las instituciones participantes:<\/p>\n<p>-Ecocanje a cargo del programa Sensibilizadores Ambientales de CAFESG.<\/p>\n<p>-\u201cCol\u00f3n con la gente\u201d, Agencia de Extensi\u00f3n Rural de INTA.<\/p>\n<p>-Junta de Gobierno de Pueblo Liebig.<\/p>\n<p>-Producci\u00f3n de jab\u00f3n a partir de aceites vegetales usados (AVU), a cargo de la Facultad de Ciencias de la Alimentaci\u00f3n de la UNER.<\/p>\n<p>-Mezcla de ladrillos con botellas de polietileno tereftalato (PET), a cargo de la Facultad Regional Concordia de la UTN y CAFESG.<\/p>\n<p>&#8211; Reciclaje con Inclusi\u00f3n, Cooperativa de Trabajo Reciclaje Liebig.<\/p>\n<p>-Stand de INTI Entre R\u00edos.<\/p>\n<p>-Stand de la MeGLESS.<\/p>\n<p>-Stand del CeDeFI.<\/p>\n<p>-Taller de CAFESG \u201cAprendiendo a fabricar bolitas de arcilla: sembremos un mundo mejor\u201d.<\/p>\n<p>&nbsp;<\/p>\n<p><a href=\"https:\/\/www.cafesg.gob.ar\/cafesg2\/wp-content\/uploads\/2016\/10\/Jornada-Ambiental-Liebig-2.jpg\"><img loading=\"lazy\" decoding=\"async\" class=\"alignnone  wp-image-5061\" src=\"https:\/\/www.cafesg.gob.ar\/cafesg2\/wp-content\/uploads\/2016\/10\/Jornada-Ambiental-Liebig-2-224x300.jpg\" alt=\"jornada-ambiental-liebig-2\" width=\"141\" height=\"189\" \/><\/a> <a href=\"https:\/\/www.cafesg.gob.ar\/cafesg2\/wp-content\/uploads\/2016\/10\/Jornada-Ambiental-Liebig-6.jpg\"><img loading=\"lazy\" decoding=\"async\" class=\"alignnone  wp-image-5062\" src=\"https:\/\/www.cafesg.gob.ar\/cafesg2\/wp-content\/uploads\/2016\/10\/Jornada-Ambiental-Liebig-6-300x168.jpg\" alt=\"jornada-ambiental-liebig-6\" width=\"334\" height=\"187\" \/><\/a> <a href=\"https:\/\/www.cafesg.gob.ar\/cafesg2\/wp-content\/uploads\/2016\/10\/Jornada-Ambiental-Liebig-7.jpg\"><img loading=\"lazy\" decoding=\"async\" class=\"alignnone  wp-image-5063\" src=\"https:\/\/www.cafesg.gob.ar\/cafesg2\/wp-content\/uploads\/2016\/10\/Jornada-Ambiental-Liebig-7-224x300.jpg\" alt=\"jornada-ambiental-liebig-7\" width=\"141\" height=\"189\" \/><\/a> <a href=\"https:\/\/www.cafesg.gob.ar\/cafesg2\/wp-content\/uploads\/2016\/10\/Jornada-Ambiental-Liebig-9.jpg\"><img loading=\"lazy\" decoding=\"async\" class=\"alignnone  wp-image-5064\" src=\"https:\/\/www.cafesg.gob.ar\/cafesg2\/wp-content\/uploads\/2016\/10\/Jornada-Ambiental-Liebig-9-224x300.jpg\" alt=\"jornada-ambiental-liebig-9\" width=\"136\" height=\"182\" \/><\/a><\/p>\n","protected":false},"excerpt":{"rendered":"<p>Gran apoyo popular a la movida organizada con la Junta de Gobierno y otras instituciones Con rotundo \u00e9xito se desarroll\u00f3 en Pueblo Liebig la Jornada Ambiental organizada por la Comisi\u00f3n Administradora para el Fondo Especial de Salto Grande (CAFESG), a trav\u00e9s de su programa \u201cSensibilizadores Ambientales\u201d, y la Junta de Gobierno local, con la participaci\u00f3n [&hellip;]<\/p>\n","protected":false},"author":5,"featured_media":0,"comment_status":"open","ping_status":"open","sticky":false,"template":"","format":"standard","meta":{"footnotes":""},"categories":[15],"tags":[],"class_list":["post-5059","post","type-post","status-publish","format-standard","hentry","category-noticias"],"_links":{"self":[{"href":"https:\/\/cafesg.gob.ar\/cafesg2\/wp-json\/wp\/v2\/posts\/5059","targetHints":{"allow":["GET"]}}],"collection":[{"href":"https:\/\/cafesg.gob.ar\/cafesg2\/wp-json\/wp\/v2\/posts"}],"about":[{"href":"https:\/\/cafesg.gob.ar\/cafesg2\/wp-json\/wp\/v2\/types\/post"}],"author":[{"embeddable":true,"href":"https:\/\/cafesg.gob.ar\/cafesg2\/wp-json\/wp\/v2\/users\/5"}],"replies":[{"embeddable":true,"href":"https:\/\/cafesg.gob.ar\/cafesg2\/wp-json\/wp\/v2\/comments?post=5059"}],"version-history":[{"count":0,"href":"https:\/\/cafesg.gob.ar\/cafesg2\/wp-json\/wp\/v2\/posts\/5059\/revisions"}],"wp:attachment":[{"href":"https:\/\/cafesg.gob.ar\/cafesg2\/wp-json\/wp\/v2\/media?parent=5059"}],"wp:term":[{"taxonomy":"category","embeddable":true,"href":"https:\/\/cafesg.gob.ar\/cafesg2\/wp-json\/wp\/v2\/categories?post=5059"},{"taxonomy":"post_tag","embeddable":true,"href":"https:\/\/cafesg.gob.ar\/cafesg2\/wp-json\/wp\/v2\/tags?post=5059"}],"curies":[{"name":"wp","href":"https:\/\/api.w.org\/{rel}","templated":true}]}}