 {"id":5053,"date":"2016-09-28T07:48:53","date_gmt":"2016-09-28T10:48:53","guid":{"rendered":"http:\/\/www.cafesg.gob.ar\/web\/?p=5053"},"modified":"2016-09-28T07:48:53","modified_gmt":"2016-09-28T10:48:53","slug":"cafesg-y-caritas-pusieron-en-marcha-talleres-de-iniciacion-deportiva-en-colonia-baylina-y-san-ernesto","status":"publish","type":"post","link":"https:\/\/cafesg.gob.ar\/cafesg2\/cafesg-y-caritas-pusieron-en-marcha-talleres-de-iniciacion-deportiva-en-colonia-baylina-y-san-ernesto\/","title":{"rendered":"CAFESG y C\u00e1ritas pusieron en marcha Talleres de Iniciaci\u00f3n Deportiva en Colonia Baylina y San Ernesto"},"content":{"rendered":"<p><em>En el marco de la edici\u00f3n 2016 de su programa conjunto \u201cConfianza en el Futuro\u201d <\/em><\/p>\n<p>La Comisi\u00f3n Administradora para el Fondo Especial de Salto Grande (CAFESG) y C\u00e1ritas Diocesana Concordia dieron comienzo a los Talleres de Iniciaci\u00f3n Deportiva para la integraci\u00f3n y contenci\u00f3n de ni\u00f1os, j\u00f3venes y adultos en Colonia Baylina y San Ernesto, localidades del Departamento San Salvador.<\/p>\n<p>Esta propuesta \u2013inscripta en el programa conjunto \u201cConfianza en el Futuro\u201d\u2013 pretende promover la pr\u00e1ctica de la actividad f\u00edsica-recreativa en ni\u00f1os, j\u00f3venes y adultos para generar y sostener h\u00e1bitos de vida saludables, contribuyendo a la integraci\u00f3n y contenci\u00f3n social. Paralelamente, se contribuye a la iniciaci\u00f3n de los destinatarios en la pr\u00e1ctica sostenida de un deporte de su elecci\u00f3n, brind\u00e1ndoles conocimientos y t\u00e9cnicas acordes a la disciplina elegida.<\/p>\n<p>La implementaci\u00f3n de los talleres fue solicitada ante CAFESG y Caritas Diocesana por ambas Juntas de Gobierno, a los efectos de atender la demanda de integrantes de sus comunidades que no cuentan con otra posibilidad para la pr\u00e1ctica de la actividad f\u00edsica-recreativa<\/p>\n<p>&nbsp;<\/p>\n<p><strong>Detalles de la iniciativa <\/strong><\/p>\n<p>El proyecto comprende la puesta en marcha de dos talleres, uno para cada comunidad, lo cuales se desarrollar\u00e1n en el play\u00f3n deportivo construido por CAFESG en San Ernesto, y en campos deportivos de la Capilla San Francisco de San Ernesto y la Capilla Mar\u00eda Auxiliadora de Colonia Baylina.<\/p>\n<p>Las clases estar\u00e1n a cargo de un profesor de educaci\u00f3n f\u00edsica y desarrollar\u00e1n en dos encuentros semanales de 3 horas reloj, conforme a las necesidades de est\u00edmulo de cada grupo.<\/p>\n<p>Las actividades comprenden las pr\u00e1cticas de v\u00f3ley, f\u00fatbol, h\u00e1ndbol y b\u00e1squet, as\u00ed como tambi\u00e9n caminatas y gimnasia para adultos y adultos mayores.<\/p>\n<p>El proyecto cuenta con la participaci\u00f3n de 50 destinatarios, y prev\u00e9 la realizaci\u00f3n de encuentros deportivos mensuales con la participaci\u00f3n de otras localidades de la zona de incumbencia de CAFESG.<\/p>\n<p><a href=\"https:\/\/www.cafesg.gob.ar\/cafesg2\/wp-content\/uploads\/2016\/09\/Iniciaci\u00f3n-en-el-deporte-Baylina-y-San-Ernesto-1.jpg\"><img loading=\"lazy\" decoding=\"async\" class=\"alignnone size-thumbnail wp-image-5054\" src=\"https:\/\/www.cafesg.gob.ar\/cafesg2\/wp-content\/uploads\/2016\/09\/Iniciaci\u00f3n-en-el-deporte-Baylina-y-San-Ernesto-1-150x150.jpg\" alt=\"iniciacion-en-el-deporte-baylina-y-san-ernesto-1\" width=\"150\" height=\"150\" \/><\/a> <a href=\"https:\/\/www.cafesg.gob.ar\/cafesg2\/wp-content\/uploads\/2016\/09\/Iniciaci\u00f3n-en-el-deporte-Baylina-y-San-Ernesto-2.jpg\"><img loading=\"lazy\" decoding=\"async\" class=\"alignnone size-thumbnail wp-image-5055\" src=\"https:\/\/www.cafesg.gob.ar\/cafesg2\/wp-content\/uploads\/2016\/09\/Iniciaci\u00f3n-en-el-deporte-Baylina-y-San-Ernesto-2-150x150.jpg\" alt=\"iniciacion-en-el-deporte-baylina-y-san-ernesto-2\" width=\"150\" height=\"150\" \/><\/a> <a href=\"https:\/\/www.cafesg.gob.ar\/cafesg2\/wp-content\/uploads\/2016\/09\/Iniciaci\u00f3n-en-el-deporte-Baylina-y-San-Ernesto-3.jpg\"><img loading=\"lazy\" decoding=\"async\" class=\"alignnone size-thumbnail wp-image-5056\" src=\"https:\/\/www.cafesg.gob.ar\/cafesg2\/wp-content\/uploads\/2016\/09\/Iniciaci\u00f3n-en-el-deporte-Baylina-y-San-Ernesto-3-150x150.jpg\" alt=\"iniciacion-en-el-deporte-baylina-y-san-ernesto-3\" width=\"150\" height=\"150\" \/><\/a><\/p>\n<p><!--more--><\/p>\n<p><strong>Alcances del Programa<\/strong><\/p>\n<p>\u201cConfianza en el Futuro\u201d es una enriquecedora experiencia conjunta que CAFESG y C\u00e1ritas Diocesana Concordia comenzaron a construir en 2009, cuando firmaron su primer Acuerdo Marco de Cooperaci\u00f3n y Asistencia T\u00e9cnica, que luego fueron renovando con el paso de los a\u00f1os.<\/p>\n<p>El Programa se fundamenta en la necesidad de dar respuesta a las demandas manifestadas por los propios destinatarios \u2013que habitan en diferentes barrios de Concordia y otras localidades de la Regi\u00f3n de Salto Grande\u2013 registradas en un relevamiento realizado oportunamente por C\u00e1ritas Diocesana.<\/p>\n<p>Con el dictado de los distintos cursos y talleres \u2013cuyo contenido obedece a estas demandas\u2013 se pretende contribuir a revertir, a mediano plazo, la situaci\u00f3n de marginalidad de los beneficiarios, aportando a su formaci\u00f3n en un oficio y a la adquisici\u00f3n de competencias ocupacionales acordes al mundo laboral actual, y tambi\u00e9n a la promoci\u00f3n de la pr\u00e1ctica de la actividad f\u00edsica-recreativa.<\/p>\n<p>La meta es generar una inclusi\u00f3n social real, sostenible en el tiempo, y que contribuya a mejorar la calidad de vida de los participantes.<\/p>\n","protected":false},"excerpt":{"rendered":"<p>En el marco de la edici\u00f3n 2016 de su programa conjunto \u201cConfianza en el Futuro\u201d La Comisi\u00f3n Administradora para el Fondo Especial de Salto Grande (CAFESG) y C\u00e1ritas Diocesana Concordia dieron comienzo a los Talleres de Iniciaci\u00f3n Deportiva para la integraci\u00f3n y contenci\u00f3n de ni\u00f1os, j\u00f3venes y adultos en Colonia Baylina y San Ernesto, localidades [&hellip;]<\/p>\n","protected":false},"author":1,"featured_media":0,"comment_status":"open","ping_status":"open","sticky":false,"template":"","format":"standard","meta":{"footnotes":""},"categories":[15],"tags":[],"class_list":["post-5053","post","type-post","status-publish","format-standard","hentry","category-noticias"],"_links":{"self":[{"href":"https:\/\/cafesg.gob.ar\/cafesg2\/wp-json\/wp\/v2\/posts\/5053","targetHints":{"allow":["GET"]}}],"collection":[{"href":"https:\/\/cafesg.gob.ar\/cafesg2\/wp-json\/wp\/v2\/posts"}],"about":[{"href":"https:\/\/cafesg.gob.ar\/cafesg2\/wp-json\/wp\/v2\/types\/post"}],"author":[{"embeddable":true,"href":"https:\/\/cafesg.gob.ar\/cafesg2\/wp-json\/wp\/v2\/users\/1"}],"replies":[{"embeddable":true,"href":"https:\/\/cafesg.gob.ar\/cafesg2\/wp-json\/wp\/v2\/comments?post=5053"}],"version-history":[{"count":0,"href":"https:\/\/cafesg.gob.ar\/cafesg2\/wp-json\/wp\/v2\/posts\/5053\/revisions"}],"wp:attachment":[{"href":"https:\/\/cafesg.gob.ar\/cafesg2\/wp-json\/wp\/v2\/media?parent=5053"}],"wp:term":[{"taxonomy":"category","embeddable":true,"href":"https:\/\/cafesg.gob.ar\/cafesg2\/wp-json\/wp\/v2\/categories?post=5053"},{"taxonomy":"post_tag","embeddable":true,"href":"https:\/\/cafesg.gob.ar\/cafesg2\/wp-json\/wp\/v2\/tags?post=5053"}],"curies":[{"name":"wp","href":"https:\/\/api.w.org\/{rel}","templated":true}]}}