 {"id":5049,"date":"2016-09-27T07:52:39","date_gmt":"2016-09-27T10:52:39","guid":{"rendered":"http:\/\/www.cafesg.gob.ar\/web\/?p=5049"},"modified":"2016-09-27T07:52:39","modified_gmt":"2016-09-27T10:52:39","slug":"casanas-el-senador-torres-e-intendentes-dialogaron-sobre-proyectos-de-cafesg-para-el-departamento-villaguay","status":"publish","type":"post","link":"https:\/\/cafesg.gob.ar\/cafesg2\/casanas-el-senador-torres-e-intendentes-dialogaron-sobre-proyectos-de-cafesg-para-el-departamento-villaguay\/","title":{"rendered":"Casa\u00f1as, el senador Torres e intendentes dialogaron sobre proyectos de CAFESG para el departamento Villaguay"},"content":{"rendered":"<p><em>Definici\u00f3n de las prioridades y apoyo irrestricto a la lucha por los fondos de Salto Grande<\/em><\/p>\n<p>El presidente de la Comisi\u00f3n Administradora para el Fondo Especial de Salto Grande (CAFESG), Alejandro Casa\u00f1as, y el vocal Diego Lascurain, se entrevistaron con el senador por Villaguay, Mario C\u00e9sar Torres, y los intendentes de la ciudad de Villaguay, Mar\u00eda Claudia Monjo; Villa Clara, Silvina Andrea Dome; y Villa Dom\u00ednguez, Juan Secundino Romero, a los efectos de repasar en conjunto las diferentes obras p\u00fablicas que estaban proyectadas para ejecutarse en el departamento del centro provincial.<\/p>\n<p>Al t\u00e9rmino del encuentro, la intendenta Monjo consign\u00f3 que \u201cvinimos a recordar las necesidades de nuestro departamento y los pedidos que ya tenemos hechos, y a evaluar c\u00f3mo podemos seguir trabajando para poder articular y dar lo mejor de cada organismo, ya que sabemos que la situaci\u00f3n no es la mejor en estos momentos; sin embargo, hay voluntad de trabajo y de continuar con los proyectos, y darles viabilidad\u201d, resalt\u00f3.<\/p>\n<p>En ese sentido, la presidenta comunal enumer\u00f3 como prioritarios \u201clos caminos del circuito de las colonias jud\u00edas, que m\u00e1s all\u00e1 del atractivo tur\u00edstico que tienen, son lugares de mucha producci\u00f3n, as\u00ed que son caminos necesarios fundamentalmente para los productores\u201d, afirm\u00f3.<\/p>\n<p>\u201cTambi\u00e9n dialogamos \u2013prosigui\u00f3 Monjo\u2013 sobre proyectos de asfalto, cord\u00f3n cuneta, y el pedido de un sal\u00f3n y un cerco perimetral para la reserva natural La Chinita; adem\u00e1s se habl\u00f3 de iluminaci\u00f3n para Villa Clara y cloacas\u201d, agreg\u00f3.<\/p>\n<p>A su turno, el vocal Lascurain expres\u00f3 que \u201cse hizo un repaso de las obras proyectadas para el departamento Villaguay y de algunas otras obras que estaban pedidas en CAFESG, como la esperada perforaci\u00f3n que mejorar\u00e1 el abastecimiento de agua potable en Villa Dom\u00ednguez, y que el gobierno provincial ya puso en marcha esta semana a trav\u00e9s del Ministerio de Planificaci\u00f3n\u201d, inform\u00f3.<\/p>\n<p>\u201cComo bien manifest\u00f3 la intendenta Monjo \u2013ados\u00f3 Lascurain\u2013 hablamos tambi\u00e9n sobre el sal\u00f3n y el cerco perimetral del parque La Chinita de Villaguay, de la necesidad de asfaltar m\u00e1s cuadras y de volver a hacer un relevamiento sobre los caminos del circuito tur\u00edstico de las colonias jud\u00edas en este departamento; pero tampoco quedaron afuera de la conversaci\u00f3n las acciones de CAFESG en materia de Desarrollo Regional\u201d, puntualiz\u00f3.<\/p>\n<p>A ese respecto, el vocal del organismo provincial anticip\u00f3 que \u201cse proyect\u00f3 para el mes de noviembre una reuni\u00f3n en Villaguay con el \u00c1rea de Desarrollo Regional de CAFESG para planificar los programas que vamos ejecutar, tales como Mejora de la Competitividad de las Pymes y Sensibilizadores Ambientales\u201d, concluy\u00f3.<\/p>\n<p>Por su parte, el presidente de CAFESG, Alejandro Casa\u00f1as, indic\u00f3 que \u201cel esp\u00edritu de esta reuni\u00f3n fue el trabajo en equipo que pregonamos desde CAFESG, a partir del cual siempre pretendemos involucrar a todos los organismos e instituciones que est\u00e1n presentes en nuestra zona de incumbencia de ocho departamentos, para la elaboraci\u00f3n de los proyectos y las prioridades de obras en funci\u00f3n de las necesidades de los habitantes de cada localidad, para luego concurrir en busca del financiamiento correspondiente\u201d, resumi\u00f3.<\/p>\n<p>En ese sentido, Casa\u00f1as puso sobre relieve \u201cla impronta de cooperaci\u00f3n que le ha dado el gobernador Gustavo Bordet a su gesti\u00f3n, que en este caso se ve reflejada a trav\u00e9s del trabajo en equipo de los t\u00e9cnicos de CAFESG, que vuelcan toda su capacidad y la experiencia acumulada a lo largo de los a\u00f1os, en una tarea asociada con sus contrapartes en las distintas localidades de la Regi\u00f3n de Salto Grande, sin importar su tama\u00f1o o densidad poblacional\u201d, ponder\u00f3.<\/p>\n<p>\u201cNuestro objetivo m\u00e1s importante \u2013destac\u00f3 Casa\u00f1as\u2013 es lograr que este trabajo conjunto se vea plasmado en proyectos que interpreten lo que realmente necesita la gente de los distintos lugares\u201d.<\/p>\n<p>Para finalizar, el titular del organismo provincial agradeci\u00f3 \u201cel contundente apoyo del senador Torres y los intendentes Monjo, Dome y Romero a la lucha para que los fondos de Salto Grande sigan viniendo a la Regi\u00f3n, y en pos del reconocimiento a nivel nacional de que esos fondos est\u00e1n amparados por una ley del Congreso, que no s\u00f3lo recoge un acuerdo federal entre provincias y Naci\u00f3n, sino tambi\u00e9n la lucha de toda una Regi\u00f3n para lograr lo que en justicia le corresponde\u201d, subray\u00f3.<\/p>\n<p>Es dable consignar que esta reuni\u00f3n se inscribi\u00f3 en la ronda de encuentros formales que vienen manteniendo el presidente de CAFESG y los equipos t\u00e9cnicos del organismo provincial con sede en Concordia, con intendentes, legisladores y funcionarios de los distintos departamentos que conforman la zona de influencia de la Comisi\u00f3n.<\/p>\n<p><a href=\"https:\/\/www.cafesg.gob.ar\/cafesg2\/wp-content\/uploads\/2016\/09\/Reuni\u00f3n-con-int.-y-sen.-Villaguay-1.jpg\"><img loading=\"lazy\" decoding=\"async\" class=\"alignnone size-thumbnail wp-image-5050\" src=\"https:\/\/www.cafesg.gob.ar\/cafesg2\/wp-content\/uploads\/2016\/09\/Reuni\u00f3n-con-int.-y-sen.-Villaguay-1-150x150.jpg\" alt=\"reunion-con-int-y-sen-villaguay-1\" width=\"150\" height=\"150\" \/><\/a> <a href=\"https:\/\/www.cafesg.gob.ar\/cafesg2\/wp-content\/uploads\/2016\/09\/Reuni\u00f3n-con-int.-y-sen.-Villaguay-2.jpg\"><img loading=\"lazy\" decoding=\"async\" class=\"alignnone size-thumbnail wp-image-5051\" src=\"https:\/\/www.cafesg.gob.ar\/cafesg2\/wp-content\/uploads\/2016\/09\/Reuni\u00f3n-con-int.-y-sen.-Villaguay-2-150x150.jpg\" alt=\"reunion-con-int-y-sen-villaguay-2\" width=\"150\" height=\"150\" \/><\/a><\/p>\n","protected":false},"excerpt":{"rendered":"<p>Definici\u00f3n de las prioridades y apoyo irrestricto a la lucha por los fondos de Salto Grande El presidente de la Comisi\u00f3n Administradora para el Fondo Especial de Salto Grande (CAFESG), Alejandro Casa\u00f1as, y el vocal Diego Lascurain, se entrevistaron con el senador por Villaguay, Mario C\u00e9sar Torres, y los intendentes de la ciudad de Villaguay, [&hellip;]<\/p>\n","protected":false},"author":1,"featured_media":0,"comment_status":"open","ping_status":"open","sticky":false,"template":"","format":"standard","meta":{"footnotes":""},"categories":[15],"tags":[],"class_list":["post-5049","post","type-post","status-publish","format-standard","hentry","category-noticias"],"_links":{"self":[{"href":"https:\/\/cafesg.gob.ar\/cafesg2\/wp-json\/wp\/v2\/posts\/5049","targetHints":{"allow":["GET"]}}],"collection":[{"href":"https:\/\/cafesg.gob.ar\/cafesg2\/wp-json\/wp\/v2\/posts"}],"about":[{"href":"https:\/\/cafesg.gob.ar\/cafesg2\/wp-json\/wp\/v2\/types\/post"}],"author":[{"embeddable":true,"href":"https:\/\/cafesg.gob.ar\/cafesg2\/wp-json\/wp\/v2\/users\/1"}],"replies":[{"embeddable":true,"href":"https:\/\/cafesg.gob.ar\/cafesg2\/wp-json\/wp\/v2\/comments?post=5049"}],"version-history":[{"count":0,"href":"https:\/\/cafesg.gob.ar\/cafesg2\/wp-json\/wp\/v2\/posts\/5049\/revisions"}],"wp:attachment":[{"href":"https:\/\/cafesg.gob.ar\/cafesg2\/wp-json\/wp\/v2\/media?parent=5049"}],"wp:term":[{"taxonomy":"category","embeddable":true,"href":"https:\/\/cafesg.gob.ar\/cafesg2\/wp-json\/wp\/v2\/categories?post=5049"},{"taxonomy":"post_tag","embeddable":true,"href":"https:\/\/cafesg.gob.ar\/cafesg2\/wp-json\/wp\/v2\/tags?post=5049"}],"curies":[{"name":"wp","href":"https:\/\/api.w.org\/{rel}","templated":true}]}}