 {"id":5044,"date":"2016-09-26T07:28:37","date_gmt":"2016-09-26T10:28:37","guid":{"rendered":"http:\/\/www.cafesg.gob.ar\/web\/?p=5044"},"modified":"2016-09-26T07:28:37","modified_gmt":"2016-09-26T10:28:37","slug":"cafesg-y-arru-elaboraran-un-plan-director-para-frenar-la-erosion-de-costas-aguas-arriba-de-salto-grande","status":"publish","type":"post","link":"https:\/\/cafesg.gob.ar\/cafesg2\/cafesg-y-arru-elaboraran-un-plan-director-para-frenar-la-erosion-de-costas-aguas-arriba-de-salto-grande\/","title":{"rendered":"CAFESG y ARRU elaborar\u00e1n un Plan Director para frenar la erosi\u00f3n de costas aguas arriba de Salto Grande"},"content":{"rendered":"<p><em>Ser\u00e1n los propios ribere\u00f1os los que fijar\u00e1n el orden de prioridades de los proyectos<\/em><\/p>\n<p>El presidente de la Comisi\u00f3n Administradora para el Fondo Especial de Salto Grande (Cafesg), Alejandro Casa\u00f1as, recibi\u00f3 nuevamente al titular de la Asociaci\u00f3n de Ribere\u00f1os del R\u00edo Uruguay (ARRU), Bautista Dal Mol\u00edn, y a su asesor legal H\u00e9ctor Pedro Veller, a los efectos de proponerles un trabajo conjunto para abordar la problem\u00e1tica de la erosi\u00f3n de costas aguas arriba de la represa.<\/p>\n<p>Al cabo del encuentro, el titular del organismo provincial indic\u00f3 que \u201cesta nueva reuni\u00f3n se inscribi\u00f3 en una forma de hacer pol\u00edtica que sigue los lineamientos del gobernador Gustavo Bordet, y que se basa en el di\u00e1logo y la construcci\u00f3n en conjunto a trav\u00e9s de la cooperaci\u00f3n, en este caso de nuestra instituci\u00f3n con los ribere\u00f1os del departamento Federaci\u00f3n, nucleados en ARRU\u201d, destac\u00f3 Casa\u00f1as.<\/p>\n<p>Por su parte, Dal Mol\u00edn se mostr\u00f3 \u201cmuy agradecido por esta nueva invitaci\u00f3n y el recibimiento ofrecido\u201d, y a rengl\u00f3n seguido agreg\u00f3 que \u201cel tema de la erosi\u00f3n de costas, una secuela producto de la fluctuaci\u00f3n del embalse de Salto Grande, es muy importante para los ribere\u00f1os, cuyas propiedades se ven afectadas por el efecto erosivo del agua y del oleaje, lo cual se traduce en p\u00e9rdida de superficie y formaci\u00f3n de acantilados\u201d, grafic\u00f3.<\/p>\n<p>\u201cEsta situaci\u00f3n \u2013agreg\u00f3 Dal Molin\u2013 ha ido avanzando todos estos a\u00f1os desde la construcci\u00f3n de la represa, sobre todo en lugares cr\u00edticos, que b\u00e1sicamente necesitan ser defendidos con obras de ingenier\u00eda que nunca se han hecho\u201d, resalt\u00f3.<\/p>\n<p>Casa\u00f1as, en tanto, reconoci\u00f3 que \u201cel fen\u00f3meno de la erosi\u00f3n destruye recursos econ\u00f3micos, naturales, patrimoniales y culturales\u201d, y en funci\u00f3n de ello confi\u00f3 que \u201cdurante la reuni\u00f3n hemos acordado con los representantes de ARRU que ellos nos van a ir presentando los problemas puntuales con un orden de prioridades para que, a la par, los equipos t\u00e9cnicos de CAFESG vayan elaborando los distintos proyectos de obras tendientes a mitigar los efectos de la erosi\u00f3n en \u00e9pocas de creciente extraordinaria, en el marco de un programa espec\u00edfico\u201d, pormenoriz\u00f3.<\/p>\n<p>\u201cCon ARRU \u2013ados\u00f3 Casa\u00f1as\u2013 tambi\u00e9n vamos a trabajar en conjunto para la obtenci\u00f3n del financiamiento para este tipo de obras cuyos presupuestos son realmente elevados\u201d.<\/p>\n<p>Para ese cometido, el presidente de CAFESG consider\u00f3 \u201cfundamental incorporar nuevos actores, como organismos e instituciones provinciales, nacionales y binacionales, a los efectos de alcanzar los objetivos trazados\u201d. En ese sentido, revel\u00f3 que \u201crecientemente firmamos un convenio con la Secretar\u00eda de Ambiente de la Provincia, que a su vez va a intentar involucrar al Ministerio de Ambiente y Desarrollo Sustentable de la Naci\u00f3n, y tambi\u00e9n hemos dialogado con uno de los delegados de la Comisi\u00f3n Administradora del R\u00edo Uruguay (CARU)\u201d.<\/p>\n<p>\u201cSomos conscientes \u2013asegur\u00f3 Casa\u00f1as\u2013 de que la situaci\u00f3n econ\u00f3mica es complicada, pero en el marco de este trabajo en conjunto la idea es avanzar en la identificaci\u00f3n de las situaciones m\u00e1s urgentes para elaborar un Plan Director de obras y acciones, y en base a ese documento gestionar el financiamiento por parte del Gobierno Nacional, que deber\u00e1 ser el que financie estas obras de protecci\u00f3n o defensa de costas para mitigar los efectos negativos de la erosi\u00f3n aguas arriba de la represa\u201d, concluy\u00f3.<\/p>\n<p><a href=\"https:\/\/www.cafesg.gob.ar\/cafesg2\/wp-content\/uploads\/2016\/09\/Segunda-Reuni\u00f3n-con-ARRU-1.jpg\"><img loading=\"lazy\" decoding=\"async\" class=\"alignnone size-thumbnail wp-image-5045\" src=\"https:\/\/www.cafesg.gob.ar\/cafesg2\/wp-content\/uploads\/2016\/09\/Segunda-Reuni\u00f3n-con-ARRU-1-150x150.jpg\" alt=\"segunda-reunion-con-arru-1\" width=\"150\" height=\"150\" \/><\/a> <a href=\"https:\/\/www.cafesg.gob.ar\/cafesg2\/wp-content\/uploads\/2016\/09\/Segunda-Reuni\u00f3n-con-ARRU-2.jpg\"><img loading=\"lazy\" decoding=\"async\" class=\"alignnone size-thumbnail wp-image-5046\" src=\"https:\/\/www.cafesg.gob.ar\/cafesg2\/wp-content\/uploads\/2016\/09\/Segunda-Reuni\u00f3n-con-ARRU-2-150x150.jpg\" alt=\"segunda-reunion-con-arru-2\" width=\"150\" height=\"150\" \/><\/a> <a href=\"https:\/\/www.cafesg.gob.ar\/cafesg2\/wp-content\/uploads\/2016\/09\/Segunda-Reuni\u00f3n-con-ARRU-3.jpg\"><img loading=\"lazy\" decoding=\"async\" class=\"alignnone size-thumbnail wp-image-5047\" src=\"https:\/\/www.cafesg.gob.ar\/cafesg2\/wp-content\/uploads\/2016\/09\/Segunda-Reuni\u00f3n-con-ARRU-3-150x150.jpg\" alt=\"segunda-reunion-con-arru-3\" width=\"150\" height=\"150\" \/><\/a><\/p>\n","protected":false},"excerpt":{"rendered":"<p>Ser\u00e1n los propios ribere\u00f1os los que fijar\u00e1n el orden de prioridades de los proyectos El presidente de la Comisi\u00f3n Administradora para el Fondo Especial de Salto Grande (Cafesg), Alejandro Casa\u00f1as, recibi\u00f3 nuevamente al titular de la Asociaci\u00f3n de Ribere\u00f1os del R\u00edo Uruguay (ARRU), Bautista Dal Mol\u00edn, y a su asesor legal H\u00e9ctor Pedro Veller, a [&hellip;]<\/p>\n","protected":false},"author":1,"featured_media":0,"comment_status":"open","ping_status":"open","sticky":false,"template":"","format":"standard","meta":{"footnotes":""},"categories":[15],"tags":[],"class_list":["post-5044","post","type-post","status-publish","format-standard","hentry","category-noticias"],"_links":{"self":[{"href":"https:\/\/cafesg.gob.ar\/cafesg2\/wp-json\/wp\/v2\/posts\/5044","targetHints":{"allow":["GET"]}}],"collection":[{"href":"https:\/\/cafesg.gob.ar\/cafesg2\/wp-json\/wp\/v2\/posts"}],"about":[{"href":"https:\/\/cafesg.gob.ar\/cafesg2\/wp-json\/wp\/v2\/types\/post"}],"author":[{"embeddable":true,"href":"https:\/\/cafesg.gob.ar\/cafesg2\/wp-json\/wp\/v2\/users\/1"}],"replies":[{"embeddable":true,"href":"https:\/\/cafesg.gob.ar\/cafesg2\/wp-json\/wp\/v2\/comments?post=5044"}],"version-history":[{"count":0,"href":"https:\/\/cafesg.gob.ar\/cafesg2\/wp-json\/wp\/v2\/posts\/5044\/revisions"}],"wp:attachment":[{"href":"https:\/\/cafesg.gob.ar\/cafesg2\/wp-json\/wp\/v2\/media?parent=5044"}],"wp:term":[{"taxonomy":"category","embeddable":true,"href":"https:\/\/cafesg.gob.ar\/cafesg2\/wp-json\/wp\/v2\/categories?post=5044"},{"taxonomy":"post_tag","embeddable":true,"href":"https:\/\/cafesg.gob.ar\/cafesg2\/wp-json\/wp\/v2\/tags?post=5044"}],"curies":[{"name":"wp","href":"https:\/\/api.w.org\/{rel}","templated":true}]}}