 {"id":5038,"date":"2016-09-22T09:24:14","date_gmt":"2016-09-22T12:24:14","guid":{"rendered":"http:\/\/www.cafesg.gob.ar\/web\/?p=5038"},"modified":"2016-09-22T09:24:14","modified_gmt":"2016-09-22T12:24:14","slug":"deporte-adaptado-200-participantes-en-la-jornada-introductoria-de-cafesg-conadis-iprodi-y-cge","status":"publish","type":"post","link":"https:\/\/cafesg.gob.ar\/cafesg2\/deporte-adaptado-200-participantes-en-la-jornada-introductoria-de-cafesg-conadis-iprodi-y-cge\/","title":{"rendered":"Deporte Adaptado: 200 participantes en la Jornada introductoria de CAFESG, CONADIS, IPRODI y CGE"},"content":{"rendered":"<p><em>Promoci\u00f3n de la participaci\u00f3n de personas con discapacidad en actividades deportivas y recreativas<\/em><\/p>\n<p>Esta ma\u00f1ana se inici\u00f3 en el Centro C\u00edvico de Concordia la \u201cJornada de Introducci\u00f3n a los Deportes Adaptados\u201d que organizan la Comisi\u00f3n Administradora para el Fondo Especial de Salto Grande (CAFESG), la Comisi\u00f3n Nacional Asesora para la Integraci\u00f3n de las Personas con Discapacidad (CONADIS), el Instituto Provincial de Discapacidad (IPRODI) y el Consejo General de Educaci\u00f3n de la Provincia de Entre R\u00edos (CGE).<\/p>\n<p>Se trata de una instancia de capacitaci\u00f3n te\u00f3rico-pr\u00e1ctica cuyo objetivo apunta a generar acciones que promuevan la participaci\u00f3n de las personas con discapacidad en actividades deportivas y recreativas.<\/p>\n<p>Con el cupo de inscriptos completo, no sorprendi\u00f3 que el sal\u00f3n del cuarto piso del edificio de Mitre y Pellegrini estuviera totalmente colmado de profesores de educaci\u00f3n f\u00edsica, directivos, docentes, profesionales del \u00e1rea de la educaci\u00f3n y la salud, deportistas y estudiantes de carreras afines al \u00e1rea, deseosos de profundizar sobre la tem\u00e1tica.<\/p>\n<p>El acto inaugural cont\u00f3 con la presencia de autoridades de las cuatro instituciones organizadoras. En sus palabras de bienvenida como presidente de CAFESG \u2013organismo anfitri\u00f3n\u2013 Alejandro Casa\u00f1as se\u00f1al\u00f3 que \u201ccon mucha emoci\u00f3n y orgullo hoy estamos cooperando desde nuestro organismo con la promoci\u00f3n de los deportes adaptados\u201d, y a rengl\u00f3n seguido agradeci\u00f3 \u201cal personal de nuestra Comisi\u00f3n que sigue impulsando eventos de este tipo sin contar pr\u00e1cticamente con ning\u00fan tipo de fondos, y lo hace asociando a CAFESG con otras instituciones, en este caso CONADIS, IPRODI y el CGE, logrando esto que hoy vive nuestra ciudad, que no es otra cosa que un aporte m\u00e1s para vivir en una sociedad mejor y m\u00e1s integrada\u201d, resalt\u00f3.<\/p>\n<p>\u201cTambi\u00e9n quiero destacar \u2013agreg\u00f3 Casa\u00f1as\u2013 al senador Angel Giano quien ha estado trabajando hace mucho tiempo con este tema y ha coordinado muchas de estas acciones con otras instituciones. Asimismo, agradezco al gobernador Gustavo Bordet quien nos hace permanentemente hincapi\u00e9 en llevar adelante pol\u00edticas sociales y de inclusi\u00f3n donde todos podamos gozar de los derechos que nos corresponden y a su vez cumplamos los deberes que nos competen\u201d, concluy\u00f3.<\/p>\n<p>A su turno, y en ese mismo sentido, la titular del Instituto Provincial de Discapacidad, Cristina Ponce, manifest\u00f3 que \u201csiguiendo los lineamientos del gobernador Bordet vamos profundizando todo lo que tiene que ver con la inclusi\u00f3n y la discapacidad. Esto de poder trabajar en jornadas de deporte adaptado apunta a lograr que las personas con discapacidad puedan incorporar al deporte como recreaci\u00f3n, el deporte es un derecho, y no s\u00f3lo pensado desde la excelencia, desde la alta competencia, sino m\u00e1s bien como pr\u00e1ctica cotidiana para tener mayor bienestar y mejor calidad de vida\u201d, afirm\u00f3.<\/p>\n<p>Por su parte, Daniel Haylan, Director de la Comisi\u00f3n de Deportes, Recreaci\u00f3n y Turismo de la CONADIS, subray\u00f3 que \u201cesta Jornada est\u00e1 enmarcada en un art\u00edculo de la Convenci\u00f3n sobre los Derechos de las Personas con Discapacidad que habla de fomentar la mayor participaci\u00f3n de las personas con discapacidad en actividades deportivas, sean competitivas o no, es decir, que sea una opci\u00f3n para ellos poder ser parte de estas propuestas\u201d. En esa l\u00ednea, coment\u00f3 que \u201cdesde CONADIS generamos diversas actividades de capacitaci\u00f3n y sensibilizaci\u00f3n en materia de discapacidad, en articulaci\u00f3n con otros organismos, en este caso con CAFESG, IPRODI y CGE, porque estamos convencidos de que la formaci\u00f3n es muy importante\u201d, reflexion\u00f3.<\/p>\n<p>Haylan y otras autoridades de la CONADIS participan tambi\u00e9n en los m\u00f3dulos de la Jornada como disertantes y, al finalizar la capacitaci\u00f3n, entregar\u00e1n los certificados de rigor.<\/p>\n<p>Las actividades fueron divididas en dos grandes m\u00f3dulos: uno introductorio-te\u00f3rico que se dict\u00f3 esta ma\u00f1ana en el cuarto piso del Centro C\u00edvico de Concordia y uno de cierre-pr\u00e1ctico, que se efectivizar\u00e1 por la tarde en el Gimnasio de la UNER.<\/p>\n<p><a href=\"https:\/\/www.cafesg.gob.ar\/cafesg2\/wp-content\/uploads\/2016\/09\/Jornada-Deporte-Adaptado-1.jpg\"><img loading=\"lazy\" decoding=\"async\" class=\"alignnone size-thumbnail wp-image-5039\" src=\"https:\/\/www.cafesg.gob.ar\/cafesg2\/wp-content\/uploads\/2016\/09\/Jornada-Deporte-Adaptado-1-150x150.jpg\" alt=\"jornada-deporte-adaptado-1\" width=\"150\" height=\"150\" \/><\/a> <a href=\"https:\/\/www.cafesg.gob.ar\/cafesg2\/wp-content\/uploads\/2016\/09\/Jornada-Deporte-Adaptado-2.jpg\"><img loading=\"lazy\" decoding=\"async\" class=\"alignnone size-thumbnail wp-image-5040\" src=\"https:\/\/www.cafesg.gob.ar\/cafesg2\/wp-content\/uploads\/2016\/09\/Jornada-Deporte-Adaptado-2-150x150.jpg\" alt=\"jornada-deporte-adaptado-2\" width=\"150\" height=\"150\" \/><\/a> <a href=\"https:\/\/www.cafesg.gob.ar\/cafesg2\/wp-content\/uploads\/2016\/09\/Jornada-Deporte-Adaptado-3.jpg\"><img loading=\"lazy\" decoding=\"async\" class=\"alignnone size-thumbnail wp-image-5041\" src=\"https:\/\/www.cafesg.gob.ar\/cafesg2\/wp-content\/uploads\/2016\/09\/Jornada-Deporte-Adaptado-3-150x150.jpg\" alt=\"jornada-deporte-adaptado-3\" width=\"150\" height=\"150\" \/><\/a> <a href=\"https:\/\/www.cafesg.gob.ar\/cafesg2\/wp-content\/uploads\/2016\/09\/Jornada-Deporte-Adaptado-4.jpg\"><img loading=\"lazy\" decoding=\"async\" class=\"alignnone size-thumbnail wp-image-5042\" src=\"https:\/\/www.cafesg.gob.ar\/cafesg2\/wp-content\/uploads\/2016\/09\/Jornada-Deporte-Adaptado-4-150x150.jpg\" alt=\"jornada-deporte-adaptado-4\" width=\"150\" height=\"150\" \/><\/a><\/p>\n<p><!--more--><\/p>\n<p><strong>Cronograma vespertino de actividades<\/strong><\/p>\n<p>13.30Hs.: M\u00d3DULO FINAL (Gimnasio de la Universidad Nacional de Entre R\u00edos, Avenida Monse\u00f1or Tavella y Rep\u00fablica del Paraguay):<\/p>\n<p>&nbsp;<\/p>\n<p><em>Talleres Vivenciales:<\/em><\/p>\n<p>-Discapacidad Visual:<\/p>\n<p>-Din\u00e1micas de Orientaci\u00f3n y Movilidad.<\/p>\n<p>-Juegos de iniciaci\u00f3n deportiva: T\u00f3rbol &#8211; F\u00fatbol.<\/p>\n<p>&nbsp;<\/p>\n<p>Discapacidad Motriz:<\/p>\n<p>-Utilizaci\u00f3n de la silla de ruedas.<\/p>\n<p>-Breve explicaci\u00f3n sobre su utilidad.<\/p>\n<p>-Ejercitaciones para optimizar su manejo.<\/p>\n<p>-Nociones b\u00e1sicas de B\u00e1squet sobre sillas de ruedas.<\/p>\n<p>-Tenis de Mesa. Pr\u00e1ctica y metodolog\u00eda. Su importancia como deporte inclusivo.<\/p>\n<p>&nbsp;<\/p>\n<p>16.00Hs.: <em>Entrega de Certificados.<\/em><\/p>\n","protected":false},"excerpt":{"rendered":"<p>Promoci\u00f3n de la participaci\u00f3n de personas con discapacidad en actividades deportivas y recreativas Esta ma\u00f1ana se inici\u00f3 en el Centro C\u00edvico de Concordia la \u201cJornada de Introducci\u00f3n a los Deportes Adaptados\u201d que organizan la Comisi\u00f3n Administradora para el Fondo Especial de Salto Grande (CAFESG), la Comisi\u00f3n Nacional Asesora para la Integraci\u00f3n de las Personas con [&hellip;]<\/p>\n","protected":false},"author":1,"featured_media":0,"comment_status":"open","ping_status":"open","sticky":false,"template":"","format":"standard","meta":{"footnotes":""},"categories":[15],"tags":[],"class_list":["post-5038","post","type-post","status-publish","format-standard","hentry","category-noticias"],"_links":{"self":[{"href":"https:\/\/cafesg.gob.ar\/cafesg2\/wp-json\/wp\/v2\/posts\/5038","targetHints":{"allow":["GET"]}}],"collection":[{"href":"https:\/\/cafesg.gob.ar\/cafesg2\/wp-json\/wp\/v2\/posts"}],"about":[{"href":"https:\/\/cafesg.gob.ar\/cafesg2\/wp-json\/wp\/v2\/types\/post"}],"author":[{"embeddable":true,"href":"https:\/\/cafesg.gob.ar\/cafesg2\/wp-json\/wp\/v2\/users\/1"}],"replies":[{"embeddable":true,"href":"https:\/\/cafesg.gob.ar\/cafesg2\/wp-json\/wp\/v2\/comments?post=5038"}],"version-history":[{"count":0,"href":"https:\/\/cafesg.gob.ar\/cafesg2\/wp-json\/wp\/v2\/posts\/5038\/revisions"}],"wp:attachment":[{"href":"https:\/\/cafesg.gob.ar\/cafesg2\/wp-json\/wp\/v2\/media?parent=5038"}],"wp:term":[{"taxonomy":"category","embeddable":true,"href":"https:\/\/cafesg.gob.ar\/cafesg2\/wp-json\/wp\/v2\/categories?post=5038"},{"taxonomy":"post_tag","embeddable":true,"href":"https:\/\/cafesg.gob.ar\/cafesg2\/wp-json\/wp\/v2\/tags?post=5038"}],"curies":[{"name":"wp","href":"https:\/\/api.w.org\/{rel}","templated":true}]}}