 {"id":5025,"date":"2016-09-20T08:21:21","date_gmt":"2016-09-20T11:21:21","guid":{"rendered":"http:\/\/www.cafesg.gob.ar\/web\/?p=5025"},"modified":"2016-09-20T08:21:21","modified_gmt":"2016-09-20T11:21:21","slug":"cafesg-y-conadis-ofrecen-este-jueves-una-jornada-de-introduccion-a-los-deportes-adaptados","status":"publish","type":"post","link":"https:\/\/cafesg.gob.ar\/cafesg2\/cafesg-y-conadis-ofrecen-este-jueves-una-jornada-de-introduccion-a-los-deportes-adaptados\/","title":{"rendered":"CAFESG y CONADIS ofrecen este jueves una \u201cJornada de introducci\u00f3n a los Deportes Adaptados\u201d"},"content":{"rendered":"<p><em>Desde las 8 en el Centro C\u00edvico de Concordia. Tambi\u00e9n participan el IPRODI y el CGE <\/em><\/p>\n<p>Con el fin de llevar a cabo acciones que promuevan la participaci\u00f3n de las personas con discapacidad en actividades deportivas y recreativas, este jueves 22 a partir de las 8 de la ma\u00f1ana, en el cuarto piso del Centro C\u00edvico de Concordia, se desarrollar\u00e1 la \u201cJornada de Introducci\u00f3n a los Deportes Adaptados\u201d, que organizan la Comisi\u00f3n Administradora para el Fondo Especial de Salto Grande (CAFESG), la Comisi\u00f3n Nacional Asesora para la Integraci\u00f3n de las Personas con Discapacidad (CONADIS), el Instituto Provincial de Discapacidad (IPRODI) y el Consejo General de Educaci\u00f3n de la Provincia de Entre R\u00edos (CGE).<\/p>\n<p>Esta propuesta est\u00e1 destinada a profesores de educaci\u00f3n f\u00edsica, directivos, docentes, profesionales del \u00e1rea de la educaci\u00f3n y la salud, deportistas y estudiantes de carreras afines al \u00e1rea, que deseen profundizar sobre la tem\u00e1tica.<\/p>\n<p>La Jornada contar\u00e1 con la presencia de autoridades de la CONADIS, quienes participar\u00e1n en los m\u00f3dulos como disertantes y, al finalizar la capacitaci\u00f3n, entregar\u00e1n los certificados de rigor.<\/p>\n<p>Las actividades fueron divididas en dos grandes m\u00f3dulos: uno introductorio-te\u00f3rico que se dictar\u00e1 en el cuarto piso del Centro C\u00edvico de Concordia y uno de cierre-pr\u00e1ctico, que se efectivizar\u00e1 en el Gimnasio de la UNER.<\/p>\n<p>El evento es de car\u00e1cter libre y gratuito. Las inscripciones se realizan a trav\u00e9s de la direcci\u00f3n Web <a href=\"https:\/\/www.cafesg.gob.ar\/eventos\/\">www.cafesg.gob.ar\/eventos\/<\/a>. El cupo es limitado y quedan muy pocas vacantes disponibles.<\/p>\n<p>El desarrollo de esta Jornada se funda en la Convenci\u00f3n sobre los Derechos de las Personas con Discapacidad (Ley N\u00b0 26.378), que en su Anexo I Art\u00edculo 30 promueve acciones a fin de que las personas con discapacidad puedan participar en igualdad de condiciones con las dem\u00e1s en actividades recreativas, de esparcimiento y deportivas, instando a alentar y promover su participaci\u00f3n y asegurando la posibilidad de contar con actividades de estas caracter\u00edsticas.<\/p>\n<p><a href=\"https:\/\/www.cafesg.gob.ar\/cafesg2\/wp-content\/uploads\/2016\/09\/Jornada-de-Deporte-Adaptado-1.jpg\"><img loading=\"lazy\" decoding=\"async\" class=\"alignnone size-thumbnail wp-image-5026\" src=\"https:\/\/www.cafesg.gob.ar\/cafesg2\/wp-content\/uploads\/2016\/09\/Jornada-de-Deporte-Adaptado-1-150x150.jpg\" alt=\"jornada-de-deporte-adaptado-1\" width=\"150\" height=\"150\" \/><\/a> <a href=\"https:\/\/www.cafesg.gob.ar\/cafesg2\/wp-content\/uploads\/2016\/09\/Jornada-de-Deporte-Adaptado-2.jpg\"><img loading=\"lazy\" decoding=\"async\" class=\"alignnone size-thumbnail wp-image-5027\" src=\"https:\/\/www.cafesg.gob.ar\/cafesg2\/wp-content\/uploads\/2016\/09\/Jornada-de-Deporte-Adaptado-2-150x150.jpg\" alt=\"jornada-de-deporte-adaptado-2\" width=\"150\" height=\"150\" \/><\/a> <a href=\"https:\/\/www.cafesg.gob.ar\/cafesg2\/wp-content\/uploads\/2016\/09\/Jornada-de-Deporte-Adaptado-3.jpg\"><img loading=\"lazy\" decoding=\"async\" class=\"alignnone size-thumbnail wp-image-5028\" src=\"https:\/\/www.cafesg.gob.ar\/cafesg2\/wp-content\/uploads\/2016\/09\/Jornada-de-Deporte-Adaptado-3-150x150.jpg\" alt=\"jornada-de-deporte-adaptado-3\" width=\"150\" height=\"150\" \/><\/a> <a href=\"https:\/\/www.cafesg.gob.ar\/cafesg2\/wp-content\/uploads\/2016\/09\/Jornada-de-Deporte-Adaptado-4.jpg\"><img loading=\"lazy\" decoding=\"async\" class=\"alignnone size-thumbnail wp-image-5029\" src=\"https:\/\/www.cafesg.gob.ar\/cafesg2\/wp-content\/uploads\/2016\/09\/Jornada-de-Deporte-Adaptado-4-150x150.jpg\" alt=\"H\" width=\"150\" height=\"150\" \/><\/a><\/p>\n<p><!--more--><\/p>\n<p><strong>Cronograma de Actividades<\/strong><\/p>\n<p>7.30Hs.: Acreditaci\u00f3n.<\/p>\n<p>8.00Hs.: Acto de Apertura con la presencia de autoridades locales y de CONADIS.<\/p>\n<p>8.30Hs.: M\u00d3DULO INTRODUCTORIO (Cuarto piso del Centro C\u00edvico, Pellegrini esquina Mitre):<\/p>\n<p><em>Presentaci\u00f3n de CONADIS:<\/em><\/p>\n<p>-Acciones y programas destinados a personas con discapacidad.<\/p>\n<p>-Proyecci\u00f3n de material de concientizaci\u00f3n.<\/p>\n<p>-\u201cEl deporte en la Convenci\u00f3n sobre los derechos de las personas con discapacidad\u201d (Art: 30-5).<\/p>\n<p>\u201cEl Deporte como herramienta de inclusi\u00f3n\u201d.<\/p>\n<p>\u201cLa pr\u00e1ctica deportiva como derecho\u201d.<\/p>\n<p>&nbsp;<\/p>\n<p>10.00Hs.: Break<\/p>\n<p>&nbsp;<\/p>\n<p>10.15Hs.: <em>Or\u00edgenes del Deporte Adaptado:<\/em><\/p>\n<p>-Historia de los Juegos Paral\u00edmpicos.<\/p>\n<p>-Cronolog\u00eda y evoluci\u00f3n.<\/p>\n<p>-Experiencias: Presentaci\u00f3n de actores locales que abordar\u00e1n la tem\u00e1tica.<\/p>\n<p>&nbsp;<\/p>\n<p><em>Deportes Adaptados:<\/em><\/p>\n<p>-Disciplinas paral\u00edmpicas.<\/p>\n<p>-Federaciones Nacionales-Internacionales.<\/p>\n<p>-Introducci\u00f3n al B\u00e1squet sobre sillas de ruedas.<\/p>\n<p>-Clasificaci\u00f3n funcional.<\/p>\n<p>&nbsp;<\/p>\n<p>12.00Hs.: Receso con almuerzo libre.<\/p>\n<p>&nbsp;<\/p>\n<p>13.30Hs.: M\u00d3DULO FINAL (Gimnasio de la Universidad Nacional de Entre R\u00edos, Avenida Monse\u00f1or Tavella y Rep\u00fablica del Paraguay):<\/p>\n<p>&nbsp;<\/p>\n<p><em>Talleres Vivenciales:<\/em><\/p>\n<p>-Discapacidad Visual:<\/p>\n<p>-Din\u00e1micas de Orientaci\u00f3n y Movilidad.<\/p>\n<p>-Juegos de iniciaci\u00f3n deportiva: T\u00f3rbol &#8211; F\u00fatbol.<\/p>\n<p>&nbsp;<\/p>\n<p>Discapacidad Motriz:<\/p>\n<p>-Utilizaci\u00f3n de la silla de ruedas.<\/p>\n<p>-Breve explicaci\u00f3n sobre su utilidad.<\/p>\n<p>-Ejercitaciones para optimizar su manejo.<\/p>\n<p>-Nociones b\u00e1sicas de B\u00e1squet sobre sillas de ruedas.<\/p>\n<p>-Tenis de Mesa. Pr\u00e1ctica y metodolog\u00eda. Su importancia como deporte inclusivo.<\/p>\n<p>16.00Hs.: <em>Entrega de Certificados.<\/em><\/p>\n","protected":false},"excerpt":{"rendered":"<p>Desde las 8 en el Centro C\u00edvico de Concordia. Tambi\u00e9n participan el IPRODI y el CGE Con el fin de llevar a cabo acciones que promuevan la participaci\u00f3n de las personas con discapacidad en actividades deportivas y recreativas, este jueves 22 a partir de las 8 de la ma\u00f1ana, en el cuarto piso del Centro [&hellip;]<\/p>\n","protected":false},"author":1,"featured_media":0,"comment_status":"open","ping_status":"open","sticky":false,"template":"","format":"standard","meta":{"footnotes":""},"categories":[15],"tags":[],"class_list":["post-5025","post","type-post","status-publish","format-standard","hentry","category-noticias"],"_links":{"self":[{"href":"https:\/\/cafesg.gob.ar\/cafesg2\/wp-json\/wp\/v2\/posts\/5025","targetHints":{"allow":["GET"]}}],"collection":[{"href":"https:\/\/cafesg.gob.ar\/cafesg2\/wp-json\/wp\/v2\/posts"}],"about":[{"href":"https:\/\/cafesg.gob.ar\/cafesg2\/wp-json\/wp\/v2\/types\/post"}],"author":[{"embeddable":true,"href":"https:\/\/cafesg.gob.ar\/cafesg2\/wp-json\/wp\/v2\/users\/1"}],"replies":[{"embeddable":true,"href":"https:\/\/cafesg.gob.ar\/cafesg2\/wp-json\/wp\/v2\/comments?post=5025"}],"version-history":[{"count":0,"href":"https:\/\/cafesg.gob.ar\/cafesg2\/wp-json\/wp\/v2\/posts\/5025\/revisions"}],"wp:attachment":[{"href":"https:\/\/cafesg.gob.ar\/cafesg2\/wp-json\/wp\/v2\/media?parent=5025"}],"wp:term":[{"taxonomy":"category","embeddable":true,"href":"https:\/\/cafesg.gob.ar\/cafesg2\/wp-json\/wp\/v2\/categories?post=5025"},{"taxonomy":"post_tag","embeddable":true,"href":"https:\/\/cafesg.gob.ar\/cafesg2\/wp-json\/wp\/v2\/tags?post=5025"}],"curies":[{"name":"wp","href":"https:\/\/api.w.org\/{rel}","templated":true}]}}