 {"id":5019,"date":"2016-09-16T22:31:44","date_gmt":"2016-09-17T01:31:44","guid":{"rendered":"http:\/\/www.cafesg.gob.ar\/web\/?p=5019"},"modified":"2016-09-16T22:31:44","modified_gmt":"2016-09-17T01:31:44","slug":"cafesg-fue-sede-del-segundo-encuentro-del-ciclo-de-capacitacion-en-horticultura","status":"publish","type":"post","link":"https:\/\/cafesg.gob.ar\/cafesg2\/cafesg-fue-sede-del-segundo-encuentro-del-ciclo-de-capacitacion-en-horticultura\/","title":{"rendered":"CAFESG fue sede del segundo Encuentro del Ciclo de Capacitaci\u00f3n en Horticultura"},"content":{"rendered":"<p><em>En conjunto con INTA y el CGE, en el marco de la Red de Escuelas Agrot\u00e9cnicas<\/em><\/p>\n<p>Ayer viernes se desarroll\u00f3 en la sede de la Comisi\u00f3n Administradora para el Fondo Especial de Salto Grande (CAFESG) el segundo Encuentro del Ciclo de Capacitaci\u00f3n en Horticultura que se lleva a cabo en el marco de la Red de Escuelas Agrot\u00e9cnicas de Entre R\u00edos.<\/p>\n<p>Este proyecto tuvo origen en 2010, como uno de los ejes centrales del convenio firmado entre CAFESG y la Fundaci\u00f3n ArgenINTA, al que adhiri\u00f3 el Consejo General de Educaci\u00f3n de la Provincia de Entre R\u00edos, a trav\u00e9s de su Direcci\u00f3n de Ense\u00f1anza T\u00e9cnico-Profesional.<\/p>\n<p>La propuesta abord\u00f3 en primera instancia la tem\u00e1tica Apicultura, pero a ra\u00edz de los resultados positivos del trabajo en Red por parte de las Escuelas, este a\u00f1o se ha incorporado la Horticultura como una nueva tem\u00e1tica de capacitaci\u00f3n.<\/p>\n<p>El encuentro cont\u00f3 con la presencia del presidente de CAFESG, Alejandro Casa\u00f1as; el director del INTA Concordia, Guillermo Meier; la coordinadora de la Red de Escuelas Agrot\u00e9cnicas de Entre R\u00edos, Milagros Casta\u00f1eda; y el subdirector de Ense\u00f1anza T\u00e9cnica Profesional del Consejo General de Educaci\u00f3n, Fabi\u00e1n Vallejos.<\/p>\n<p>Entre el p\u00fablico presente se observaron directivos, docentes, jefes de secci\u00f3n y auxiliares de escuelas Agrot\u00e9cnicas de 11 departamentos de la provincia.<\/p>\n<p>El tema de este segundo Encuentro fue \u201cManejo Integrado de Plagas en hortalizas de hoja y fruto\u201d, y las charlas estuvieron a cargo de la doctora Beatriz D\u00edaz y el ingeniero Jorge Castresana \u2013profesionales de la Estaci\u00f3n Experimental Agropecuaria Concordia de INTA\u2013 y el propio Vallejos, en representaci\u00f3n del Consejo General de Educaci\u00f3n.<\/p>\n<p><a href=\"https:\/\/www.cafesg.gob.ar\/cafesg2\/wp-content\/uploads\/2016\/09\/Enuentro-Hort\u00edcola-Red-de-Escuelas-2.jpg\"><img loading=\"lazy\" decoding=\"async\" class=\"alignnone size-thumbnail wp-image-5020\" src=\"https:\/\/www.cafesg.gob.ar\/cafesg2\/wp-content\/uploads\/2016\/09\/Enuentro-Hort\u00edcola-Red-de-Escuelas-2-150x150.jpg\" alt=\"enuentro-horticola-red-de-escuelas-2\" width=\"150\" height=\"150\" \/><\/a> <a href=\"https:\/\/www.cafesg.gob.ar\/cafesg2\/wp-content\/uploads\/2016\/09\/Enuentro-Hort\u00edcola-Red-de-Escuelas-4.jpg\"><img loading=\"lazy\" decoding=\"async\" class=\"alignnone size-thumbnail wp-image-5021\" src=\"https:\/\/www.cafesg.gob.ar\/cafesg2\/wp-content\/uploads\/2016\/09\/Enuentro-Hort\u00edcola-Red-de-Escuelas-4-150x150.jpg\" alt=\"enuentro-horticola-red-de-escuelas-4\" width=\"150\" height=\"150\" \/><\/a> <a href=\"https:\/\/www.cafesg.gob.ar\/cafesg2\/wp-content\/uploads\/2016\/09\/Enuentro-Hort\u00edcola-Red-de-Escuelas-3.jpg\"><img loading=\"lazy\" decoding=\"async\" class=\"alignnone size-thumbnail wp-image-5022\" src=\"https:\/\/www.cafesg.gob.ar\/cafesg2\/wp-content\/uploads\/2016\/09\/Enuentro-Hort\u00edcola-Red-de-Escuelas-3-150x150.jpg\" alt=\"enuentro-horticola-red-de-escuelas-3\" width=\"150\" height=\"150\" \/><\/a> <a href=\"https:\/\/www.cafesg.gob.ar\/cafesg2\/wp-content\/uploads\/2016\/09\/Enuentro-Hort\u00edcola-Red-de-Escuelas-1.jpg\"><img loading=\"lazy\" decoding=\"async\" class=\"alignnone size-thumbnail wp-image-5023\" src=\"https:\/\/www.cafesg.gob.ar\/cafesg2\/wp-content\/uploads\/2016\/09\/Enuentro-Hort\u00edcola-Red-de-Escuelas-1-150x150.jpg\" alt=\"enuentro-horticola-red-de-escuelas-1\" width=\"150\" height=\"150\" \/><\/a><\/p>\n<p><!--more--><\/p>\n<p><strong>La relevancia de la capacitaci\u00f3n, docencia e investigaci\u00f3n en el sector productivo<\/strong><\/p>\n<p>Al hacer uso de la palabra en el acto de apertura, como titular de la instituci\u00f3n anfitriona, Alejandro Casa\u00f1as se\u00f1al\u00f3 que \u201csentimos un gran orgullo por continuar este convenio con INTA, y queremos hacer mucho m\u00e1s de lo hecho hasta ahora, que no ha sido poco, pero es en estos programas donde CAFESG se acerca mucho m\u00e1s a la mejora de la calidad de vida de las personas, porque las obras son importantes y le mejoran la vida a much\u00edsima gente, pero es a trav\u00e9s de los programas de capacitaci\u00f3n, que fomentan la cultura del trabajo, que se acompa\u00f1a muchas veces a personas que no ven un camino de salida, y a trav\u00e9s de estos cursos y programas se capacitan, se preparan y pueden comenzar un microemprendimiento o un oficio que los llevan a estar mejor\u201d, resalt\u00f3.<\/p>\n<p>\u201cEl desarrollo de las sociedades \u2013agreg\u00f3 Casa\u00f1as\u2013 es impensado sin el sector productivo, y el sector productivo necesita investigaci\u00f3n, capacitaci\u00f3n, docencia, y que estos encuentros se hagan en CAFESG, a trav\u00e9s de la Red de Escuelas Agrot\u00e9cnicas de Entre R\u00edos, es un eslab\u00f3n fundamental para consolidar el sector productivo peque\u00f1o, mediano y grande\u201d, ponder\u00f3 el presidente del organismo provincial con sede en Concordia.<\/p>\n<p>Por \u00faltimo, el presidente de CAFESG consider\u00f3 que \u201cpara el gobernador Gustavo Bordet \u2013y as\u00ed nos lo ha manifestado expl\u00edcitamente\u2013 es fundamental continuar el trabajo en conjunto entre las diferentes instituciones de la Regi\u00f3n, sean p\u00fablicas o privadas, y articular acciones que tiendan a generar valor agregado en los bienes y a la capacitaci\u00f3n y actualizaci\u00f3n permanente de conocimientos, a fin de estar en lo posible siempre actualizados de las novedades a escala global, para convertirnos en una Regi\u00f3n competitiva de cara a otros mercados\u201d, concluy\u00f3.<\/p>\n<p>&nbsp;<\/p>\n<p><strong>Origen y objetivos de la Red<\/strong><\/p>\n<p>A partir de un proyecto conjunto, CAFESG, INTA y la Direcci\u00f3n de Ense\u00f1anza T\u00e9cnica Profesional del Consejo General de Educaci\u00f3n de la Provincia de Entre R\u00edos generaron una gran Red en la que las Escuelas Agrot\u00e9cnicas son las principales protagonistas.<\/p>\n<p>Esta iniciativa entrerriana tuvo como modelo un proyecto instrumentado en el noroeste argentino, en el que escuelas de las provincias de Tucum\u00e1n, Salta, Jujuy y Santiago del Estero trabajan en red, relacion\u00e1ndose con el medio y generando v\u00ednculos entre los productores, las instituciones y la comunidad.<\/p>\n<p>En Entre R\u00edos \u2013hace ya 6 a\u00f1os\u2013 los directivos de las Escuelas Agrot\u00e9cnicas, en conjunto con representantes de las instituciones promotoras de la propuesta, definieron c\u00f3mo deb\u00eda funcionar la Red, qu\u00e9 objetivos ten\u00eda que perseguir y cu\u00e1les ser\u00edan las actividades que se deber\u00edan llevar adelante.<\/p>\n<p>Desde un principio, Cafesg, INTA y el CGE pensaron a la Red de Escuelas Agrot\u00e9cnicas de la Provincia de Entre R\u00edos como una herramienta para el Desarrollo Regional. Y actuaron desde el vamos en consecuencia.<\/p>\n","protected":false},"excerpt":{"rendered":"<p>En conjunto con INTA y el CGE, en el marco de la Red de Escuelas Agrot\u00e9cnicas Ayer viernes se desarroll\u00f3 en la sede de la Comisi\u00f3n Administradora para el Fondo Especial de Salto Grande (CAFESG) el segundo Encuentro del Ciclo de Capacitaci\u00f3n en Horticultura que se lleva a cabo en el marco de la Red [&hellip;]<\/p>\n","protected":false},"author":1,"featured_media":0,"comment_status":"open","ping_status":"open","sticky":false,"template":"","format":"standard","meta":{"footnotes":""},"categories":[15],"tags":[],"class_list":["post-5019","post","type-post","status-publish","format-standard","hentry","category-noticias"],"_links":{"self":[{"href":"https:\/\/cafesg.gob.ar\/cafesg2\/wp-json\/wp\/v2\/posts\/5019","targetHints":{"allow":["GET"]}}],"collection":[{"href":"https:\/\/cafesg.gob.ar\/cafesg2\/wp-json\/wp\/v2\/posts"}],"about":[{"href":"https:\/\/cafesg.gob.ar\/cafesg2\/wp-json\/wp\/v2\/types\/post"}],"author":[{"embeddable":true,"href":"https:\/\/cafesg.gob.ar\/cafesg2\/wp-json\/wp\/v2\/users\/1"}],"replies":[{"embeddable":true,"href":"https:\/\/cafesg.gob.ar\/cafesg2\/wp-json\/wp\/v2\/comments?post=5019"}],"version-history":[{"count":0,"href":"https:\/\/cafesg.gob.ar\/cafesg2\/wp-json\/wp\/v2\/posts\/5019\/revisions"}],"wp:attachment":[{"href":"https:\/\/cafesg.gob.ar\/cafesg2\/wp-json\/wp\/v2\/media?parent=5019"}],"wp:term":[{"taxonomy":"category","embeddable":true,"href":"https:\/\/cafesg.gob.ar\/cafesg2\/wp-json\/wp\/v2\/categories?post=5019"},{"taxonomy":"post_tag","embeddable":true,"href":"https:\/\/cafesg.gob.ar\/cafesg2\/wp-json\/wp\/v2\/tags?post=5019"}],"curies":[{"name":"wp","href":"https:\/\/api.w.org\/{rel}","templated":true}]}}