 {"id":5015,"date":"2016-09-15T08:04:47","date_gmt":"2016-09-15T11:04:47","guid":{"rendered":"http:\/\/www.cafesg.gob.ar\/web\/?p=5015"},"modified":"2016-09-15T08:04:47","modified_gmt":"2016-09-15T11:04:47","slug":"crece-la-expectativa-por-la-charla-sobre-energias-renovables-que-organizan-el-mic-de-cafesg-y-la-utn-concordia","status":"publish","type":"post","link":"https:\/\/cafesg.gob.ar\/cafesg2\/crece-la-expectativa-por-la-charla-sobre-energias-renovables-que-organizan-el-mic-de-cafesg-y-la-utn-concordia\/","title":{"rendered":"Crece la expectativa por la charla sobre energ\u00edas renovables que organizan el MIC de CAFESG y la UTN Concordia"},"content":{"rendered":"<p><em>Este viernes 16 a cargo del reconocido especialista internacional Jos\u00e9 Luis Pazos Donato <\/em><\/p>\n<p>&nbsp;<\/p>\n<p>El Museo Interactivo de Ciencias (MIC) de la Comisi\u00f3n Administradora para el Fondo Especial de Salto Grande (CAFESG) y la Facultad Regional Concordia de la UTN organizan e invitan a la charla abierta y gratuita sobre el tema \u201cLas energ\u00edas renovables y el respeto al medio ambiente\u201d, que ofrecer\u00e1 este viernes 16, a las 19 horas, el ingeniero Jos\u00e9 Luis Pazos Donato, reconocido especialista internacional en la materia.<\/p>\n<p>La actividad se llevar\u00e1 a cabo en el Sal\u00f3n de Usos M\u00faltiples de la citada Casa de Altos Estudios, con un amplio temario a desarrollar, dentro del cual se destacan los t\u00f3picos \u201cEnerg\u00edas renovables\u201d (Hidr\u00e1ulica, E\u00f3lica, Solar fotovoltaica, Solar domiciliaria, Geot\u00e9rmica, Marina y Mini e\u00f3lica), \u201cEstudio de las condiciones para su instalaci\u00f3n\u201d (pasos para el desarrollo de un proyecto), \u201cAdecuaci\u00f3n de la obra terminada al medio ambiente\u201d, y \u201cElecci\u00f3n de la tecnolog\u00eda de generaci\u00f3n\u201d.<\/p>\n<p>Pazos Donato es euroingeniero, ingeniero civil e ingeniero de caminos, canales y puertos, experto en energ\u00edas renovables \u2013especialmente E\u00f3lica\u2013 y especialista en construcci\u00f3n de carreteras, grandes viaductos, autov\u00edas, autopistas, grandes movimientos de tierra y mezclas bituminosas.<\/p>\n<p>Ha participado en el desarrollo y ejecuci\u00f3n de distintos Parques E\u00f3licos en Espa\u00f1a y la Rep\u00fablica Oriental del Uruguay, e intervino en los procesos de construcci\u00f3n de grandes obras viales espa\u00f1olas.<\/p>\n<p>Las inscripciones para la charla se realizan completando el formulario on line que se encuentra en la web <a href=\"https:\/\/www.frcon.utn.edu.ar\">www.frcon.utn.edu.ar<\/a>. Los cupos son limitados.<\/p>\n<p><a href=\"https:\/\/www.cafesg.gob.ar\/cafesg2\/wp-content\/uploads\/2016\/09\/Charla-Energ\u00edas-Renovables.png\"><img loading=\"lazy\" decoding=\"async\" class=\"alignnone size-thumbnail wp-image-5016\" src=\"https:\/\/www.cafesg.gob.ar\/cafesg2\/wp-content\/uploads\/2016\/09\/Charla-Energ\u00edas-Renovables-150x150.png\" alt=\"charla-energias-renovables\" width=\"150\" height=\"150\" \/><\/a> <a href=\"https:\/\/www.cafesg.gob.ar\/cafesg2\/wp-content\/uploads\/2016\/09\/Ing.-Jos\u00e9-Luis-Pazos-Donato.jpg\"><img loading=\"lazy\" decoding=\"async\" class=\"alignnone size-thumbnail wp-image-5017\" src=\"https:\/\/www.cafesg.gob.ar\/cafesg2\/wp-content\/uploads\/2016\/09\/Ing.-Jos\u00e9-Luis-Pazos-Donato-150x150.jpg\" alt=\"ing-jose-luis-pazos-donato\" width=\"150\" height=\"150\" \/><\/a><\/p>\n","protected":false},"excerpt":{"rendered":"<p>Este viernes 16 a cargo del reconocido especialista internacional Jos\u00e9 Luis Pazos Donato &nbsp; El Museo Interactivo de Ciencias (MIC) de la Comisi\u00f3n Administradora para el Fondo Especial de Salto Grande (CAFESG) y la Facultad Regional Concordia de la UTN organizan e invitan a la charla abierta y gratuita sobre el tema \u201cLas energ\u00edas renovables [&hellip;]<\/p>\n","protected":false},"author":1,"featured_media":0,"comment_status":"open","ping_status":"open","sticky":false,"template":"","format":"standard","meta":{"footnotes":""},"categories":[15],"tags":[],"class_list":["post-5015","post","type-post","status-publish","format-standard","hentry","category-noticias"],"_links":{"self":[{"href":"https:\/\/cafesg.gob.ar\/cafesg2\/wp-json\/wp\/v2\/posts\/5015","targetHints":{"allow":["GET"]}}],"collection":[{"href":"https:\/\/cafesg.gob.ar\/cafesg2\/wp-json\/wp\/v2\/posts"}],"about":[{"href":"https:\/\/cafesg.gob.ar\/cafesg2\/wp-json\/wp\/v2\/types\/post"}],"author":[{"embeddable":true,"href":"https:\/\/cafesg.gob.ar\/cafesg2\/wp-json\/wp\/v2\/users\/1"}],"replies":[{"embeddable":true,"href":"https:\/\/cafesg.gob.ar\/cafesg2\/wp-json\/wp\/v2\/comments?post=5015"}],"version-history":[{"count":0,"href":"https:\/\/cafesg.gob.ar\/cafesg2\/wp-json\/wp\/v2\/posts\/5015\/revisions"}],"wp:attachment":[{"href":"https:\/\/cafesg.gob.ar\/cafesg2\/wp-json\/wp\/v2\/media?parent=5015"}],"wp:term":[{"taxonomy":"category","embeddable":true,"href":"https:\/\/cafesg.gob.ar\/cafesg2\/wp-json\/wp\/v2\/categories?post=5015"},{"taxonomy":"post_tag","embeddable":true,"href":"https:\/\/cafesg.gob.ar\/cafesg2\/wp-json\/wp\/v2\/tags?post=5015"}],"curies":[{"name":"wp","href":"https:\/\/api.w.org\/{rel}","templated":true}]}}