 {"id":4999,"date":"2016-09-12T11:46:36","date_gmt":"2016-09-12T14:46:36","guid":{"rendered":"http:\/\/www.cafesg.gob.ar\/web\/?p=4999"},"modified":"2016-09-12T11:46:36","modified_gmt":"2016-09-12T14:46:36","slug":"cafesgbrindo-en-el-barrio-el-silencio-el-taller-aprendiendo-a-fabricar-bolitas-de-arcilla","status":"publish","type":"post","link":"https:\/\/cafesg.gob.ar\/cafesg2\/cafesgbrindo-en-el-barrio-el-silencio-el-taller-aprendiendo-a-fabricar-bolitas-de-arcilla\/","title":{"rendered":"CAFESG  brind\u00f3 en el barrio El Silencio el Taller \u201cAprendiendo a fabricar bolitas de arcilla\u201d"},"content":{"rendered":"<p><em>A trav\u00e9s de \u201cSensibilizadores Ambientales\u201d y con el objetivo de aumentar la biodiversidad<\/em><\/p>\n<p>La Comisi\u00f3n Administradora para el Fondo Especial de Salto Grande (CAFESG), a trav\u00e9s de su Programa \u201cSensibilizadores Ambientales\u201d, y en conjunto con el Consejo General de Educaci\u00f3n, ofreci\u00f3 el pasado viernes en el Refugio del barrio El Silencio de Concordia el Taller \u201cAprendiendo a fabricar bolitas de arcilla: sembremos un mundo mejor y aumentemos la biodiversidad\u201d.<\/p>\n<p>La actividad cont\u00f3 con la participaci\u00f3n de 30 personas entre ni\u00f1os que concurren al Refugio, docentes y padres, que se mostraron deseosos de aprender esta t\u00e9cnica f\u00e1cil y divertida de sembrar de forma natural.<\/p>\n<p>Las bolitas de arcilla (llamadas \u201cbombas de semillas\u201d o \u201cNendo Dango\u201d, en japon\u00e9s) contienen semillas en su interior y se pueden lanzar en terrenos para que germinen cuando llueva. Durante el Taller los responsables de la propuesta les explicaron a los participantes c\u00f3mo hacerlas, en qu\u00e9 espacios conviene lanzarlas y c\u00f3mo hacer un seguimiento del proceso de germinaci\u00f3n.<\/p>\n<p>\u201cLos asistentes se ensuciaron las manos y cada uno elabor\u00f3 varias bombas con diferentes combinaciones de semillas, para luego lanzarlas en la huerta del Refugio o en aquellos sitios del barrio que lo necesitaban\u201d, se\u00f1al\u00f3 Gisela Huber, coordinadora de Desarrollo Regional de CAFESG.<\/p>\n<p>Las bombas de semillas surgieron a partir de una t\u00e9cnica desarrollada por el agricultor, bi\u00f3logo y fil\u00f3sofo japon\u00e9s Masanobu Fukuoka (inventor de la llamada \u201cagricultura natural\u201d), que consiste en crear una bolita mezclando semillas, arcilla, sustrato y agua \u2013es decir, los elementos b\u00e1sicos para que una semilla pueda germinar\u2013 junto a la arcilla, para que la proteja hasta que la lluvia la deshaga.<\/p>\n<p>Con este m\u00e9todo se consigue la germinaci\u00f3n del 2% de las semillas frente al 0,2% de las semillas sembradas directamente al voleo sobre el terreno, lo que supone un 1.000% m\u00e1s de efectividad.<\/p>\n<p>\u201cDurante el Taller los ni\u00f1os y los padres concurrentes conocieron tambi\u00e9n los problemas que tienen los ecosistemas y c\u00f3mo la soluci\u00f3n a ellos se encuentra ni m\u00e1s ni menos que en nuestras manos. Fue una actividad did\u00e1ctica dirigida a concientizar desde la m\u00e1s temprana edad a los ni\u00f1os para que respeten y cuiden la naturaleza que existe en nuestro planeta, y conozcan y valoren la diversidad de especies\u201d, concluy\u00f3 Huber.<\/p>\n<p>El Refugio del barrio El Silencio se ubica en un predio sobre avenida Presidente Illia (ex Ruta 4) y cuenta con una infraestructura adaptada que alberga al Jard\u00edn Materno Infantil Municipal, destinado a ni\u00f1os de 4 d\u00edas a 3 a\u00f1os, en su mayor\u00eda hijos de trabajadores del Campo del Abasto y la cosecha de citrus y ar\u00e1ndanos. Los docentes a cargo fueron habilitados bajo los programas educacionales oficiales a ra\u00edz de un convenio firmado por el Municipio de Concordia y el Consejo General de Educaci\u00f3n de la Provincia.<\/p>\n<p><a href=\"https:\/\/www.cafesg.gob.ar\/cafesg2\/wp-content\/uploads\/2016\/09\/Taller-Semillas-El-Silencio-1.jpg\"><img loading=\"lazy\" decoding=\"async\" class=\"alignnone size-thumbnail wp-image-5000\" src=\"https:\/\/www.cafesg.gob.ar\/cafesg2\/wp-content\/uploads\/2016\/09\/Taller-Semillas-El-Silencio-1-150x150.jpg\" alt=\"taller-semillas-el-silencio-1\" width=\"150\" height=\"150\" \/><\/a> <a href=\"https:\/\/www.cafesg.gob.ar\/cafesg2\/wp-content\/uploads\/2016\/09\/Taller-Semillas-El-Silencio-5.jpg\"><img loading=\"lazy\" decoding=\"async\" class=\"alignnone size-thumbnail wp-image-5003\" src=\"https:\/\/www.cafesg.gob.ar\/cafesg2\/wp-content\/uploads\/2016\/09\/Taller-Semillas-El-Silencio-5-150x150.jpg\" alt=\"taller-semillas-el-silencio-5\" width=\"150\" height=\"150\" \/><\/a> <a href=\"https:\/\/www.cafesg.gob.ar\/cafesg2\/wp-content\/uploads\/2016\/09\/Taller-Semillas-El-Silencio-6.jpg\"><img loading=\"lazy\" decoding=\"async\" class=\"alignnone size-thumbnail wp-image-5004\" src=\"https:\/\/www.cafesg.gob.ar\/cafesg2\/wp-content\/uploads\/2016\/09\/Taller-Semillas-El-Silencio-6-150x150.jpg\" alt=\"taller-semillas-el-silencio-6\" width=\"150\" height=\"150\" \/><\/a> <a href=\"https:\/\/www.cafesg.gob.ar\/cafesg2\/wp-content\/uploads\/2016\/09\/Taller-Semillas-El-Silencio-4.jpg\"><img loading=\"lazy\" decoding=\"async\" class=\"alignnone size-thumbnail wp-image-5001\" src=\"https:\/\/www.cafesg.gob.ar\/cafesg2\/wp-content\/uploads\/2016\/09\/Taller-Semillas-El-Silencio-4-150x150.jpg\" alt=\"taller-semillas-el-silencio-4\" width=\"150\" height=\"150\" \/><\/a><\/p>\n<p><!--more--><\/p>\n<p><strong>Objetivo espec\u00edfico del Taller <\/strong><\/p>\n<p>Sensibilizar sobre el cuidado y mejoramiento del ambiente para conservar la biodiversidad.<\/p>\n<p>&nbsp;<\/p>\n<p><strong>Objetivos generales<\/strong><\/p>\n<p>-Experimentar el trabajo en grupo y el ayudar al compa\u00f1ero.<\/p>\n<p>-Desarrollar la creatividad mediante juegos sencillos de percepci\u00f3n y manipulaci\u00f3n del barro.<\/p>\n<p>-Que los ni\u00f1os conozcan y valoren la diversidad de especies.<\/p>\n<p>-Esperar a que crezca la semilla en la tierra, y en la conciencia de todos.<\/p>\n<p>&nbsp;<\/p>\n<p><strong>Integrantes del proyecto<\/strong><\/p>\n<p>Personal del Jard\u00edn de Infantes, del Consejo General de Educaci\u00f3n y recursos humanos del \u00c1rea de Desarrollo Regional de CAFESG: Gisela Huber, Rosana Godoy, Alexis Lambert, Mart\u00edn Lower y Graciela Rold\u00e1n de Minhondo.<\/p>\n","protected":false},"excerpt":{"rendered":"<p>A trav\u00e9s de \u201cSensibilizadores Ambientales\u201d y con el objetivo de aumentar la biodiversidad La Comisi\u00f3n Administradora para el Fondo Especial de Salto Grande (CAFESG), a trav\u00e9s de su Programa \u201cSensibilizadores Ambientales\u201d, y en conjunto con el Consejo General de Educaci\u00f3n, ofreci\u00f3 el pasado viernes en el Refugio del barrio El Silencio de Concordia el Taller [&hellip;]<\/p>\n","protected":false},"author":1,"featured_media":0,"comment_status":"open","ping_status":"open","sticky":false,"template":"","format":"standard","meta":{"footnotes":""},"categories":[15],"tags":[],"class_list":["post-4999","post","type-post","status-publish","format-standard","hentry","category-noticias"],"_links":{"self":[{"href":"https:\/\/cafesg.gob.ar\/cafesg2\/wp-json\/wp\/v2\/posts\/4999","targetHints":{"allow":["GET"]}}],"collection":[{"href":"https:\/\/cafesg.gob.ar\/cafesg2\/wp-json\/wp\/v2\/posts"}],"about":[{"href":"https:\/\/cafesg.gob.ar\/cafesg2\/wp-json\/wp\/v2\/types\/post"}],"author":[{"embeddable":true,"href":"https:\/\/cafesg.gob.ar\/cafesg2\/wp-json\/wp\/v2\/users\/1"}],"replies":[{"embeddable":true,"href":"https:\/\/cafesg.gob.ar\/cafesg2\/wp-json\/wp\/v2\/comments?post=4999"}],"version-history":[{"count":0,"href":"https:\/\/cafesg.gob.ar\/cafesg2\/wp-json\/wp\/v2\/posts\/4999\/revisions"}],"wp:attachment":[{"href":"https:\/\/cafesg.gob.ar\/cafesg2\/wp-json\/wp\/v2\/media?parent=4999"}],"wp:term":[{"taxonomy":"category","embeddable":true,"href":"https:\/\/cafesg.gob.ar\/cafesg2\/wp-json\/wp\/v2\/categories?post=4999"},{"taxonomy":"post_tag","embeddable":true,"href":"https:\/\/cafesg.gob.ar\/cafesg2\/wp-json\/wp\/v2\/tags?post=4999"}],"curies":[{"name":"wp","href":"https:\/\/api.w.org\/{rel}","templated":true}]}}