 {"id":4994,"date":"2016-09-08T08:44:50","date_gmt":"2016-09-08T11:44:50","guid":{"rendered":"http:\/\/www.cafesg.gob.ar\/web\/?p=4994"},"modified":"2016-09-08T08:44:50","modified_gmt":"2016-09-08T11:44:50","slug":"cafesg-completo-el-ultimo-modulo-de-su-programa-de-fortalecimiento-a-emprendimientos","status":"publish","type":"post","link":"https:\/\/cafesg.gob.ar\/cafesg2\/cafesg-completo-el-ultimo-modulo-de-su-programa-de-fortalecimiento-a-emprendimientos\/","title":{"rendered":"CAFESG complet\u00f3 el \u00faltimo m\u00f3dulo de su Programa de Fortalecimiento a Emprendimientos"},"content":{"rendered":"<p><em>Promoci\u00f3n de organizaciones econ\u00f3micamente rentables y socialmente responsables<\/em><\/p>\n<p>En la ma\u00f1ana de ayer mi\u00e9rcoles se llev\u00f3 a cabo en el cuarto piso del Centro C\u00edvico de Concordia la Jornada-Taller \u201cCostos y Comercializaci\u00f3n II\u201d, el \u00faltimo de los tres m\u00f3dulos de una nueva edici\u00f3n del Programa de Fortalecimiento a Emprendimientos, dependiente de la Comisi\u00f3n Administradora para el Fondo Especial de Salto Grande (CAFESG).<\/p>\n<p>Los participantes \u2013b\u00e1sicamente emprendedores y titulares de pymes\u2013 ya hab\u00edan cumplimentado exitosamente con anterioridad los m\u00f3dulos 1 y 2, \u201cCostos y Comercializaci\u00f3n I\u201d y \u201cBuenas Pr\u00e1cticas de Manufactura\u201d, respectivamente.<\/p>\n<p>El prop\u00f3sito de esta Jornada-Taller de cierre fue brindar herramientas t\u00e9cnicas, afianzar conceptos y establecer perspectivas en conjunto con los emprendedores, que les permitieran visualizar en forma pr\u00e1ctica respuestas inmediatas a sus inquietudes de \u00edndole t\u00e9cnico-productivas, administrativas y\/o de comercializaci\u00f3n.<\/p>\n<p>Por su parte, los objetivos generales del Programa de Fortalecimiento a Emprendimientos de CAFESG son proveer y transferir un conjunto de herramientas t\u00e9cnicas (Tecnolog\u00edas de Gesti\u00f3n), que contribuyan en forma pr\u00e1ctica a gestionar integralmente los emprendimientos, mejorar su competitividad y optimizar los recursos con que cuentan, maximizando su productividad, reduciendo sus costos y potenciando sus ventas.<\/p>\n<p>Esta iniciativa de CAFESG contempla adem\u00e1s apoyo t\u00e9cnico especializado a emprendimientos localizados en la zona de incumbencia del organismo provincial, cuyos titulares hayan participado en el Programa.<\/p>\n<p>\u201cEl fin \u00faltimo de este Programa es, en el marco de un ambiente de cooperaci\u00f3n y trabajo en equipo, como pregona siempre el gobernador Gustavo Bordet, promover organizaciones econ\u00f3micamente rentables, ambientalmente amigables y socialmente responsables\u201d, manifest\u00f3 al respecto el presidente de CAFESG, Alejandro Casa\u00f1as.<\/p>\n<p><a href=\"https:\/\/www.cafesg.gob.ar\/cafesg2\/wp-content\/uploads\/2016\/09\/M\u00f3dulo-Final-Emprendimientos-2016-1.jpg\"><img loading=\"lazy\" decoding=\"async\" class=\"alignnone size-thumbnail wp-image-4995\" src=\"https:\/\/www.cafesg.gob.ar\/cafesg2\/wp-content\/uploads\/2016\/09\/M\u00f3dulo-Final-Emprendimientos-2016-1-150x150.jpg\" alt=\"modulo-final-emprendimientos-2016-1\" width=\"150\" height=\"150\" \/><\/a> <a href=\"https:\/\/www.cafesg.gob.ar\/cafesg2\/wp-content\/uploads\/2016\/09\/M\u00f3dulo-Final-Emprendimientos-2016-2.jpg\"><img loading=\"lazy\" decoding=\"async\" class=\"alignnone size-thumbnail wp-image-4996\" src=\"https:\/\/www.cafesg.gob.ar\/cafesg2\/wp-content\/uploads\/2016\/09\/M\u00f3dulo-Final-Emprendimientos-2016-2-150x150.jpg\" alt=\"modulo-final-emprendimientos-2016-2\" width=\"150\" height=\"150\" \/><\/a><\/p>\n","protected":false},"excerpt":{"rendered":"<p>Promoci\u00f3n de organizaciones econ\u00f3micamente rentables y socialmente responsables En la ma\u00f1ana de ayer mi\u00e9rcoles se llev\u00f3 a cabo en el cuarto piso del Centro C\u00edvico de Concordia la Jornada-Taller \u201cCostos y Comercializaci\u00f3n II\u201d, el \u00faltimo de los tres m\u00f3dulos de una nueva edici\u00f3n del Programa de Fortalecimiento a Emprendimientos, dependiente de la Comisi\u00f3n Administradora para [&hellip;]<\/p>\n","protected":false},"author":1,"featured_media":0,"comment_status":"open","ping_status":"open","sticky":false,"template":"","format":"standard","meta":{"footnotes":""},"categories":[15],"tags":[],"class_list":["post-4994","post","type-post","status-publish","format-standard","hentry","category-noticias"],"_links":{"self":[{"href":"https:\/\/cafesg.gob.ar\/cafesg2\/wp-json\/wp\/v2\/posts\/4994","targetHints":{"allow":["GET"]}}],"collection":[{"href":"https:\/\/cafesg.gob.ar\/cafesg2\/wp-json\/wp\/v2\/posts"}],"about":[{"href":"https:\/\/cafesg.gob.ar\/cafesg2\/wp-json\/wp\/v2\/types\/post"}],"author":[{"embeddable":true,"href":"https:\/\/cafesg.gob.ar\/cafesg2\/wp-json\/wp\/v2\/users\/1"}],"replies":[{"embeddable":true,"href":"https:\/\/cafesg.gob.ar\/cafesg2\/wp-json\/wp\/v2\/comments?post=4994"}],"version-history":[{"count":0,"href":"https:\/\/cafesg.gob.ar\/cafesg2\/wp-json\/wp\/v2\/posts\/4994\/revisions"}],"wp:attachment":[{"href":"https:\/\/cafesg.gob.ar\/cafesg2\/wp-json\/wp\/v2\/media?parent=4994"}],"wp:term":[{"taxonomy":"category","embeddable":true,"href":"https:\/\/cafesg.gob.ar\/cafesg2\/wp-json\/wp\/v2\/categories?post=4994"},{"taxonomy":"post_tag","embeddable":true,"href":"https:\/\/cafesg.gob.ar\/cafesg2\/wp-json\/wp\/v2\/tags?post=4994"}],"curies":[{"name":"wp","href":"https:\/\/api.w.org\/{rel}","templated":true}]}}