 {"id":4983,"date":"2016-09-07T08:09:33","date_gmt":"2016-09-07T11:09:33","guid":{"rendered":"http:\/\/www.cafesg.gob.ar\/web\/?p=4983"},"modified":"2016-09-07T08:09:33","modified_gmt":"2016-09-07T11:09:33","slug":"cafesg-ofrece-nuevos-cursos-de-su-programa-de-calificaciones-para-trabajadores-de-la-construccion","status":"publish","type":"post","link":"https:\/\/cafesg.gob.ar\/cafesg2\/cafesg-ofrece-nuevos-cursos-de-su-programa-de-calificaciones-para-trabajadores-de-la-construccion\/","title":{"rendered":"CAFESG ofrece nuevos cursos de su Programa de Calificaciones para Trabajadores de la Construcci\u00f3n"},"content":{"rendered":"<p><em>Se trata de capacitaciones gratuitas con salida laboral que se desarrollan en la Regi\u00f3n de Salto Grande<\/em><\/p>\n<p>En el marco de la edici\u00f3n 2016 del Programa de Calificaciones para Trabajadores de la Construcci\u00f3n, la Comisi\u00f3n Administradora para el Fondo Especial de Salto Grande (CAFESG) ofrece en conjunto con la Fundaci\u00f3n UOCRA, el Ministerio de Trabajo, Empleo y Seguridad Social de la Naci\u00f3n, y la C\u00e1mara Argentina de la Construcci\u00f3n (CAC), una serie de cursos con cupos completos en distintas localidades de la Regi\u00f3n de Salto Grande.<\/p>\n<p>Estas instancias gratuitas de capacitaci\u00f3n representan una oportunidad de r\u00e1pida salida laboral para los participantes, puesto que a quienes las aprueban se les entrega \u2013adem\u00e1s del diploma correspondiente\u2013 la Credencial de Registro Laboral, documento indispensable a la hora de pretender incorporarse a una empresa de construcci\u00f3n. Los certificados de aprobaci\u00f3n son oficiales y los expide el Instituto de Estad\u00edstica y Registro de la Industria de la Construcci\u00f3n (IERIC).<\/p>\n<p>La idea fuerza del Programa es desarrollar acciones de formaci\u00f3n enfocadas a distintas ocupaciones del sector de la construcci\u00f3n, en \u00edntima relaci\u00f3n con las necesidades de mano de obra especializada en cada territorio.<\/p>\n<p>\u201cCon esta iniciativa, a la que el gobernador Gustavo Bordet se preocup\u00f3 especialmente por darle continuidad, pretendemos generar en los trabajadores ocupados un nivel de formaci\u00f3n mayor que les brinde, por ejemplo, la posibilidad de mejorar su categorizaci\u00f3n; pero tambi\u00e9n tiene la intenci\u00f3n de otorgar a los trabajadores desocupados la chance de certificar competencias que les permitan transformarse en recursos humanos valiosos y apetecibles para las empresas del sector de la construcci\u00f3n\u201d, indic\u00f3 el presidente de CAFESG, Alejandro Casa\u00f1as.<\/p>\n<p>Actualmente se dictan cursos en Concordia, Federaci\u00f3n, Federal y San Salvador; mientras que la semana entrante se iniciar\u00e1n nuevos en Concepci\u00f3n del Uruguay, Concordia, Federaci\u00f3n y San Jos\u00e9.<\/p>\n<p><a href=\"https:\/\/www.cafesg.gob.ar\/cafesg2\/wp-content\/uploads\/2016\/09\/Programa-Calificaciones-con-UOCRA-Set16-1.jpg\"><img loading=\"lazy\" decoding=\"async\" class=\"alignnone size-thumbnail wp-image-4984\" src=\"https:\/\/www.cafesg.gob.ar\/cafesg2\/wp-content\/uploads\/2016\/09\/Programa-Calificaciones-con-UOCRA-Set16-1-150x150.jpg\" alt=\"Programa Calificaciones con UOCRA Set16 (1)\" width=\"150\" height=\"150\" \/><\/a> <a href=\"https:\/\/www.cafesg.gob.ar\/cafesg2\/wp-content\/uploads\/2016\/09\/Programa-Calificaciones-con-UOCRA-Set16-2.jpg\"><img loading=\"lazy\" decoding=\"async\" class=\"alignnone size-thumbnail wp-image-4985\" src=\"https:\/\/www.cafesg.gob.ar\/cafesg2\/wp-content\/uploads\/2016\/09\/Programa-Calificaciones-con-UOCRA-Set16-2-150x150.jpg\" alt=\"Programa Calificaciones con UOCRA Set16 (2)\" width=\"150\" height=\"150\" \/><\/a> <a href=\"https:\/\/www.cafesg.gob.ar\/cafesg2\/wp-content\/uploads\/2016\/09\/Programa-Calificaciones-con-UOCRA-Set16-3.jpg\"><img loading=\"lazy\" decoding=\"async\" class=\"alignnone size-thumbnail wp-image-4986\" src=\"https:\/\/www.cafesg.gob.ar\/cafesg2\/wp-content\/uploads\/2016\/09\/Programa-Calificaciones-con-UOCRA-Set16-3-150x150.jpg\" alt=\"Programa Calificaciones con UOCRA Set16 (3)\" width=\"150\" height=\"150\" \/><\/a><\/p>\n<p><!--more--><\/p>\n<p><strong>Objetivos centrales del Programa<\/strong><\/p>\n<p>-Mejorar las condiciones de empleo de los beneficiarios a trav\u00e9s de la formaci\u00f3n.<\/p>\n<p>-Fortalecer a los trabajadores vinculados con el sector de la construcci\u00f3n a partir de un desarrollo tem\u00e1tico que guarda estrecha relaci\u00f3n con los planes de obra que despliegan las empresas constructoras en el mediano plazo.<\/p>\n<p>-Promover el crecimiento del sector de la construcci\u00f3n como generador de empleo genuino y como motorizador de las econom\u00edas regionales, buscando mejorar la calificaci\u00f3n de los trabajadores.<\/p>\n<p>-Difundir masivamente materiales informativos sobre cuestiones vinculadas con la prevenci\u00f3n de riesgos, promoviendo la cultura de la seguridad y la salud en el trabajo.<\/p>\n<p>-Contribuir a la productividad de las empresas constructoras fortaleciendo sus planteles con personal mejor formado.<\/p>\n<p>&nbsp;<\/p>\n<p><strong>Cursos en marcha por localidad<\/strong><\/p>\n<p>Concordia:<\/p>\n<p>-Instalaciones domiciliarias de electricidad, en el Hospital Felipe Heras.<\/p>\n<p>Lunes a viernes de 18 a 22Hs.<\/p>\n<p>&nbsp;<\/p>\n<p>Instalaciones sanitarias domiciliarias, en el Hospital Felipe Heras.<\/p>\n<p>Lunes a viernes de 18 a 22Hs.<\/p>\n<p>&nbsp;<\/p>\n<p>Federal:<\/p>\n<p>-Operador de m\u00e1quinas viales, en el circuito Tino Gottig.<\/p>\n<p>Lunes a viernes de 18 a 22Hs.<\/p>\n<p>&nbsp;<\/p>\n<p>Federaci\u00f3n:<\/p>\n<p>-Instalaciones domiciliarias de electricidad, en la Asociaci\u00f3n de F\u00fatbol de Veteranos.<\/p>\n<p>Lunes a viernes de 19 a 23Hs.<\/p>\n<p>&nbsp;<\/p>\n<p>-Instalaciones sanitarias domiciliarias, en el Club Atl\u00e9tico Estudiantes<\/p>\n<p>Lunes a viernes de 18 a 22Hs.<\/p>\n<p>&nbsp;<\/p>\n<p>San Salvador:<\/p>\n<p>-Interpretaci\u00f3n de planos, en la Escuela T\u00e9cnica N\u00b0 45 \u201cF\u00e9lix Bourr\u00e9n Meyer\u201d<\/p>\n<p>Lunes a viernes de 19 a 23Hs.<\/p>\n<p>&nbsp;<\/p>\n<p><strong>Cursos pr\u00f3ximos a iniciarse<\/strong><\/p>\n<p>El lunes 12 de setiembre se pondr\u00e1n en marcha las siguientes instancias de capacitaci\u00f3n.<\/p>\n<p>&nbsp;<\/p>\n<p>Concepci\u00f3n del Uruguay:<\/p>\n<p>-Alba\u00f1iler\u00eda, en Jard\u00edn Municipal Sirir\u00ed (Rocamora y Artusi).<\/p>\n<p>Lunes a viernes de 17 a 21Hs.<\/p>\n<p>&nbsp;<\/p>\n<p>Concordia:<\/p>\n<p>-Instalaciones Domiciliarias de Electricidad, en el Hospital Felipe Heras.<\/p>\n<p>Lunes a viernes de 18 a 22Hs.<\/p>\n<p>&nbsp;<\/p>\n<p>-Instalaciones domiciliarias de gas 2\u00aa Etapa, en el Hospital Felipe Heras.<\/p>\n<p>Lunes a viernes de 18 a 22Hs.<\/p>\n<p>&nbsp;<\/p>\n<p>-Instalaciones domiciliarias de electricidad para Cooperativas Argentina Trabaja.<\/p>\n<p>En Hogar Solidaridad, 11 de Noviembre y Paula Albarrac\u00edn de Sarmiento.<\/p>\n<p>Lunes a viernes de 8 a 12Hs.<\/p>\n<p>&nbsp;<\/p>\n<p>-Herrer\u00eda de obra para Cooperativas Argentina Trabaja.<\/p>\n<p>En Polo Productivo (Moulins y Maestra L\u00f3pez).<\/p>\n<p>Lunes a viernes de 8 a 12Hs.<\/p>\n<p>&nbsp;<\/p>\n<p>-Colocaci\u00f3n de revestimientos cer\u00e1micos para Cooperativas Argentina Trabaja.<\/p>\n<p>En Polo Productivo (Moulins y Maestra L\u00f3pez).<\/p>\n<p>Lunes a viernes de 8 a 12Hs.<\/p>\n<p>&nbsp;<\/p>\n<p>Federaci\u00f3n:<\/p>\n<p>-Instalaciones sanitarias domiciliarias, en Club Social y Deportivo Policial.<\/p>\n<p>Lunes a viernes de 19 a 23Hs.<\/p>\n<p>&nbsp;<\/p>\n<p>San Jos\u00e9:<\/p>\n<p>-Pintura de obra, en Escuela T\u00e9cnica N\u00b0 6 (San Lorenzo y Malvinas Argentinas).<\/p>\n<p>Lunes a viernes de 17 a 21Hs.<\/p>\n<p>&nbsp;<\/p>\n<p><strong>Consideraciones sobre los cursos<\/strong><\/p>\n<p>A los participantes se les hace entrega del material did\u00e1ctico (cuaderno, bol\u00edgrafo, manual de la tipolog\u00eda a implementar, manual de bolsillo de seguridad y riesgo de trabajo) como as\u00ed tambi\u00e9n de un kit con elementos de seguridad personal que consta de: casco, barbijo, antiparras, guantes, camisa, pantal\u00f3n y botines.<\/p>\n<p>Los cursos implementados bajo el marco del Programa de Calificaciones para Trabajadores de la Construcci\u00f3n tienen validez nacional. El cupo es limitado: 25 personas como m\u00e1ximo y 17 personas como m\u00ednimo.<\/p>\n<p>Los participantes deben cumplir con un total de 160 horas de cursado para tener derecho a la evaluaci\u00f3n definitiva y recibir la certificaci\u00f3n correspondiente.<\/p>\n<p>Estas 160 horas de cursado se distribuyen en 4 horas diarias de lunes a viernes, durante un per\u00edodo de 40 clases.<\/p>\n","protected":false},"excerpt":{"rendered":"<p>Se trata de capacitaciones gratuitas con salida laboral que se desarrollan en la Regi\u00f3n de Salto Grande En el marco de la edici\u00f3n 2016 del Programa de Calificaciones para Trabajadores de la Construcci\u00f3n, la Comisi\u00f3n Administradora para el Fondo Especial de Salto Grande (CAFESG) ofrece en conjunto con la Fundaci\u00f3n UOCRA, el Ministerio de Trabajo, [&hellip;]<\/p>\n","protected":false},"author":1,"featured_media":0,"comment_status":"open","ping_status":"open","sticky":false,"template":"","format":"standard","meta":{"footnotes":""},"categories":[15],"tags":[],"class_list":["post-4983","post","type-post","status-publish","format-standard","hentry","category-noticias"],"_links":{"self":[{"href":"https:\/\/cafesg.gob.ar\/cafesg2\/wp-json\/wp\/v2\/posts\/4983","targetHints":{"allow":["GET"]}}],"collection":[{"href":"https:\/\/cafesg.gob.ar\/cafesg2\/wp-json\/wp\/v2\/posts"}],"about":[{"href":"https:\/\/cafesg.gob.ar\/cafesg2\/wp-json\/wp\/v2\/types\/post"}],"author":[{"embeddable":true,"href":"https:\/\/cafesg.gob.ar\/cafesg2\/wp-json\/wp\/v2\/users\/1"}],"replies":[{"embeddable":true,"href":"https:\/\/cafesg.gob.ar\/cafesg2\/wp-json\/wp\/v2\/comments?post=4983"}],"version-history":[{"count":0,"href":"https:\/\/cafesg.gob.ar\/cafesg2\/wp-json\/wp\/v2\/posts\/4983\/revisions"}],"wp:attachment":[{"href":"https:\/\/cafesg.gob.ar\/cafesg2\/wp-json\/wp\/v2\/media?parent=4983"}],"wp:term":[{"taxonomy":"category","embeddable":true,"href":"https:\/\/cafesg.gob.ar\/cafesg2\/wp-json\/wp\/v2\/categories?post=4983"},{"taxonomy":"post_tag","embeddable":true,"href":"https:\/\/cafesg.gob.ar\/cafesg2\/wp-json\/wp\/v2\/tags?post=4983"}],"curies":[{"name":"wp","href":"https:\/\/api.w.org\/{rel}","templated":true}]}}