 {"id":4969,"date":"2016-08-31T11:57:24","date_gmt":"2016-08-31T14:57:24","guid":{"rendered":"http:\/\/www.cafesg.gob.ar\/web\/?p=4969"},"modified":"2016-08-31T11:57:24","modified_gmt":"2016-08-31T14:57:24","slug":"activa-participacion-de-cafesg-en-la-mesa-de-gestion-local-para-la-economia-social-y-solidaria","status":"publish","type":"post","link":"https:\/\/cafesg.gob.ar\/cafesg2\/activa-participacion-de-cafesg-en-la-mesa-de-gestion-local-para-la-economia-social-y-solidaria\/","title":{"rendered":"Activa participaci\u00f3n de CAFESG en la Mesa de Gesti\u00f3n Local para la Econom\u00eda Social y Solidaria"},"content":{"rendered":"<p><em>Es un espacio de gesti\u00f3n y coordinaci\u00f3n de pol\u00edticas p\u00fablicas que fomenta la cooperaci\u00f3n\u00a0<\/em><\/p>\n<p>La MeGLESS cuenta con m\u00e1s de 5 a\u00f1os de trabajo ininterrumpido y consiste es un espacio de gesti\u00f3n y coordinaci\u00f3n de pol\u00edticas p\u00fablicas llevado a delante por t\u00e9cnicos de instituciones con presencia en la Regi\u00f3n: la Comisi\u00f3n Administradora para el Fondo Especial de Salto Grande (CAFESG), la Municipalidad de Concordia, el Instituto de Control de Alimentaci\u00f3n y Bromatolog\u00eda (ICAB), el Instituto Nacional de Tecnolog\u00eda Agropecuaria (INTA), el Instituto Nacional de Tecnolog\u00eda Industrial (INTI) y la Secretar\u00eda de Agricultura Familiar de la Naci\u00f3n (SAF).<\/p>\n<p>El objetivo de la Mesa es fortalecer y acompa\u00f1ar las experiencias de la econom\u00eda popular para la promoci\u00f3n de la econom\u00eda social y solidaria, que se diferencia de la econom\u00eda mercantilista o capitalista por ser un movimiento socioecon\u00f3mico basado en valores y principios, orientado hacia la construcci\u00f3n de una econom\u00eda centrada en las personas, su desarrollo integral y el fomento de pr\u00e1cticas de cooperaci\u00f3n y solidaridad.<\/p>\n<p>Durante 2016 se vienen desarrollando acciones vinculadas a la provisi\u00f3n de servicios b\u00e1sicos (como derecho esencial de todas las personas, para vivir y producir) alternativas de comercializaci\u00f3n (ferias directas del productor al consumidor, Red de Comercio Justo), capacitaciones, gestiones para la formalizaci\u00f3n de emprendimientos, formulaci\u00f3n y presentaci\u00f3n conjunta de proyectos para la obtenci\u00f3n de herramientas y equipamiento productivo para emprendedores, actividades comunitarias, jornadas y actividades vinculadas a la producci\u00f3n hort\u00edcola con enfoque agroecol\u00f3gico; entre otras actividades que le permitieron a la Mesa llegar a m\u00e1s de 600 hogares de la Regi\u00f3n de Salto Grande.<\/p>\n<p>En lo que va del a\u00f1o CAFESG ha intervenido, en conjunto con las otras instituciones que conforman la Mesa, en acciones de provisi\u00f3n de servicios b\u00e1sicos y esenciales que se desarrollaron en la Comunidad 6\u00ba Distrito, departamento Ubajay.<\/p>\n<p>En este paraje rural de 14 familias de agricultores se est\u00e1 trabajando en un proyecto socio productivo para proveer de agua potable a 11 familias a trav\u00e9s de un pozo comunitario que no solo prev\u00e9 agua para el consumo dom\u00e9stico sino tambi\u00e9n poder avanzar (a trav\u00e9s de la adquisici\u00f3n de maquinarias e insumos) en las producciones familiares de cada emprendimiento. Este proyecto est\u00e1 siendo ejecutado en conjunto por los propios vecinos de la comunidad, la Municipalidad de Ubajay, el Programa de Desarrollo Rural Incluyente (PRODERI) coordinado en la Provincia por t\u00e9cnicos de la Direcci\u00f3n General de Agricultura del Ministerio de Producci\u00f3n de Entre R\u00edos, la Escuela Rural N\u00ba 27 \u201cMariquita S\u00e1nchez de Thompson\u201d y las instituciones que conforman la MeGLESS.<\/p>\n<p>Cabe destacar que este proyecto, cuyo presupuesto asciende a m\u00e1s de 1 mill\u00f3n de pesos (en un 80% aportados por el PRODERI), es el resultado de m\u00e1s de 3 a\u00f1os de trabajo ininterrumpido en la comunidad que ya dio como fruto la llegada de la energ\u00eda el\u00e9ctrica (a trav\u00e9s de la Secretar\u00eda de Energ\u00eda de la Provincia y ENERSA) al paraje y a cada familia, y la construcci\u00f3n de casas dignas para los m\u00e1s necesitados.<\/p>\n<p>Por otra parte, CAFESG \u2013junto al resto de las instituciones de la Mesa\u2013 ha acompa\u00f1ado tambi\u00e9n la presentaci\u00f3n de un proyecto en el marco del Programa PRO Huerta (INTA-Ministerio de Desarrollo Social) para el Paraje El Blanqueado, ubicado sobre la Ruta provincial 22, a 25 kil\u00f3metros de Concordia, dentro del departamento hom\u00f3nimo.<\/p>\n<p>La MeGLESS pretende comenzar a ejecutar antes de fin de a\u00f1o este proyecto, que consiste en proveer de electrificaci\u00f3n rural y agua potable \u2013a trav\u00e9s de 2 pozos comunitarios\u2013 a un total de 8 familias.<\/p>\n<p><a href=\"https:\/\/www.cafesg.gob.ar\/cafesg2\/wp-content\/uploads\/2016\/08\/MeGLESS-Agosto-2016-1.jpg\"><img loading=\"lazy\" decoding=\"async\" class=\"alignnone size-thumbnail wp-image-4971\" src=\"https:\/\/www.cafesg.gob.ar\/cafesg2\/wp-content\/uploads\/2016\/08\/MeGLESS-Agosto-2016-1-150x150.jpg\" alt=\"MeGLESS Agosto 2016 (1)\" width=\"150\" height=\"150\" \/><\/a> <a href=\"https:\/\/www.cafesg.gob.ar\/cafesg2\/wp-content\/uploads\/2016\/08\/MeGLESS-Agosto-2016-2.jpg\"><img loading=\"lazy\" decoding=\"async\" class=\"alignnone size-thumbnail wp-image-4972\" src=\"https:\/\/www.cafesg.gob.ar\/cafesg2\/wp-content\/uploads\/2016\/08\/MeGLESS-Agosto-2016-2-150x150.jpg\" alt=\"MeGLESS Agosto 2016 (2)\" width=\"150\" height=\"150\" \/><\/a> <a href=\"https:\/\/www.cafesg.gob.ar\/cafesg2\/wp-content\/uploads\/2016\/08\/MeGLESS-Agosto-2016-3.jpg\"><img loading=\"lazy\" decoding=\"async\" class=\"alignnone size-thumbnail wp-image-4973\" src=\"https:\/\/www.cafesg.gob.ar\/cafesg2\/wp-content\/uploads\/2016\/08\/MeGLESS-Agosto-2016-3-150x150.jpg\" alt=\"MeGLESS Agosto 2016 (3)\" width=\"150\" height=\"150\" \/><\/a> <a href=\"https:\/\/www.cafesg.gob.ar\/cafesg2\/wp-content\/uploads\/2016\/08\/MeGLESS-Agosto-2016-4.jpg\"><img loading=\"lazy\" decoding=\"async\" class=\"alignnone size-thumbnail wp-image-4974\" src=\"https:\/\/www.cafesg.gob.ar\/cafesg2\/wp-content\/uploads\/2016\/08\/MeGLESS-Agosto-2016-4-150x150.jpg\" alt=\"MeGLESS Agosto 2016 (4)\" width=\"150\" height=\"150\" \/><\/a><\/p>\n<p><!--more--><\/p>\n<p><strong>Alternativas de comercializaci\u00f3n<\/strong><\/p>\n<p>La Mesa impulsa ferias directas de exposici\u00f3n y venta de productos de la Econom\u00eda Social y la Agricultura Familiar (frutas, hortalizas productos panificados y artesan\u00edas).<\/p>\n<p>Estos espacios constituyen un paliativo ante las dificultades de los peque\u00f1os emprendedores para comercializar sus productos en el mercado. A este objetivo se suma el de brindar a la poblaci\u00f3n productos de calidad, frescos y a un precio justo, a trav\u00e9s de un proceso que prescinde de la sobre ganancia de los intermediarios.<\/p>\n<p>En la actualidad la MeGLESS, en conjunto con los emprendedores, coordina dos espacios de ferias mensuales y organiza a trav\u00e9s del ICAB una feria provincial en la ciudad de Paran\u00e1 los d\u00edas 24 y 25 de Setiembre, donde participar\u00e1n m\u00e1s de 25 emprendedores del Departamento Concordia.<\/p>\n<p>Cabe resaltar que durante a\u00f1os la MeGLESS sostuvo una feria itinerante por distintos barrios de Concordia (La Bianca, Pancho Ram\u00edrez, Constituci\u00f3n, 2 de Abril, y Pompeya) con el objetivo de que como m\u00ednimo una vez al mes las familias de los sectores perif\u00e9ricos pudieran acceder a estos productos. Esta feria lamentablemente no pudo tener continuidad por las contingencias clim\u00e1ticas de principios de a\u00f1o, que ocasionaron la p\u00e9rdida casi total de las producciones de los emprendedores. Pero una vez recuperada la producci\u00f3n, la Mesa prev\u00e9 retomarla.<\/p>\n<p>Por \u00faltimo, vale consignar que a trav\u00e9s del trabajo coordinado entre el ICAB, la Facultad de Ciencias de la Alimentaci\u00f3n de la UNER y CAFESG, se han realizado capacitaciones en Buenas Pr\u00e1cticas de Manufacturas, rotulado, costos, higiene, autoclave para escabeches y conservas, y obtenci\u00f3n del Carnet de Manipulador de Alimentos para Emprendedores de la Econom\u00eda Social (otorgado de forma gratuita por el ICAB), en las cuales han participado alrededor de 600 emprendedores del rubro alimenticio de las localidades de Concordia, Federal, Feliciano, San Salvador, General Campos y Los Charr\u00faas.<\/p>\n","protected":false},"excerpt":{"rendered":"<p>Es un espacio de gesti\u00f3n y coordinaci\u00f3n de pol\u00edticas p\u00fablicas que fomenta la cooperaci\u00f3n\u00a0 La MeGLESS cuenta con m\u00e1s de 5 a\u00f1os de trabajo ininterrumpido y consiste es un espacio de gesti\u00f3n y coordinaci\u00f3n de pol\u00edticas p\u00fablicas llevado a delante por t\u00e9cnicos de instituciones con presencia en la Regi\u00f3n: la Comisi\u00f3n Administradora para el Fondo [&hellip;]<\/p>\n","protected":false},"author":1,"featured_media":0,"comment_status":"open","ping_status":"open","sticky":false,"template":"","format":"standard","meta":{"footnotes":""},"categories":[15],"tags":[],"class_list":["post-4969","post","type-post","status-publish","format-standard","hentry","category-noticias"],"_links":{"self":[{"href":"https:\/\/cafesg.gob.ar\/cafesg2\/wp-json\/wp\/v2\/posts\/4969","targetHints":{"allow":["GET"]}}],"collection":[{"href":"https:\/\/cafesg.gob.ar\/cafesg2\/wp-json\/wp\/v2\/posts"}],"about":[{"href":"https:\/\/cafesg.gob.ar\/cafesg2\/wp-json\/wp\/v2\/types\/post"}],"author":[{"embeddable":true,"href":"https:\/\/cafesg.gob.ar\/cafesg2\/wp-json\/wp\/v2\/users\/1"}],"replies":[{"embeddable":true,"href":"https:\/\/cafesg.gob.ar\/cafesg2\/wp-json\/wp\/v2\/comments?post=4969"}],"version-history":[{"count":0,"href":"https:\/\/cafesg.gob.ar\/cafesg2\/wp-json\/wp\/v2\/posts\/4969\/revisions"}],"wp:attachment":[{"href":"https:\/\/cafesg.gob.ar\/cafesg2\/wp-json\/wp\/v2\/media?parent=4969"}],"wp:term":[{"taxonomy":"category","embeddable":true,"href":"https:\/\/cafesg.gob.ar\/cafesg2\/wp-json\/wp\/v2\/categories?post=4969"},{"taxonomy":"post_tag","embeddable":true,"href":"https:\/\/cafesg.gob.ar\/cafesg2\/wp-json\/wp\/v2\/tags?post=4969"}],"curies":[{"name":"wp","href":"https:\/\/api.w.org\/{rel}","templated":true}]}}