 {"id":4960,"date":"2016-08-27T12:45:55","date_gmt":"2016-08-27T15:45:55","guid":{"rendered":"http:\/\/www.cafesg.gob.ar\/web\/?p=4960"},"modified":"2016-08-27T12:45:55","modified_gmt":"2016-08-27T15:45:55","slug":"destacada-participacion-del-museo-de-ciencias-itinerante-de-cafesg-en-la-semana-de-las-ciencias-de-rafaela","status":"publish","type":"post","link":"https:\/\/cafesg.gob.ar\/cafesg2\/destacada-participacion-del-museo-de-ciencias-itinerante-de-cafesg-en-la-semana-de-las-ciencias-de-rafaela\/","title":{"rendered":"Destacada participaci\u00f3n del Museo de Ciencias Itinerante de CAFESG en la Semana de las Ciencias de Rafaela"},"content":{"rendered":"<p><em>Con sus 32 m\u00f3dulos interactivos fue una de las principales atracciones de la muestra<\/em><\/p>\n<p>Desde el pasado lunes 22 y hasta ayer viernes 26 se celebr\u00f3 en Rafaela la Semana de la Ciencia, la Tecnolog\u00eda y la Innovaci\u00f3n, una iniciativa del municipio local que incluy\u00f3 muestras permanentes en el predio de la Sociedad Rural y actividades especiales en distintos espacios de la ciudad santafesina.<\/p>\n<p>Entre los atractivos de la propuesta se destac\u00f3 la presencia del Museo Interactivo de Ciencias Itinerante (MICI) de la Comisi\u00f3n Administradora para el Fondo Especial de Salto Grande (CAFESG), que comparti\u00f3 las instalaciones del Sal\u00f3n de Industrias con las muestras interactivas \u201cAbremate\u201d de la Universidad Nacional de Lan\u00fas y \u201cPuerto Ciencia\u201d de la Universidad Nacional de Entre R\u00edos.<\/p>\n<p>El MICI de CAFESG consiste es un tr\u00e1iler que contiene dispositivos relacionados con fen\u00f3menos de \u00f3ptica, percepci\u00f3n, sonido, fluidos, mec\u00e1nica, magnetismo, electricidad, qu\u00edmica, matem\u00e1tica y biolog\u00eda.<\/p>\n<p>Sus 32 m\u00f3dulos \u2013una vez ensamblados e instalados\u2013 lo transforman es un espacio educativo de recreaci\u00f3n y conocimiento basado en la interactividad, destinado a todo p\u00fablico: ni\u00f1os, j\u00f3venes y adultos.<\/p>\n<p>En el MICI se muestra y se experimenta con principios de la ciencia en forma atractiva, de manera tal de explicar activamente todo lo que sucede a nuestro alrededor.<\/p>\n<p>El acento est\u00e1 puesto b\u00e1sicamente en la experimentaci\u00f3n: se puede ver, explorar, tocar, mover, cambiar, observar lo que sucede; pensar, y volver a experimentar. La participaci\u00f3n en las actividades del MICI es libre, guiada, exploratoria, informativa y l\u00fadica.<\/p>\n<p>La Semana de la Ciencia, la Tecnolog\u00eda y la Innovaci\u00f3n fue organizada por la Secretar\u00eda de Educaci\u00f3n y la Secretar\u00eda de Desarrollo, Innovaci\u00f3n y Relaciones Internacionales de la Municipalidad de Rafaela, y cont\u00f3 con el apoyo del Instituto Nacional de Tecnolog\u00eda Industrial (INTI), el Instituto Nacional de Tecnolog\u00eda Agropecuaria (INTA), la Universidad Nacional del Litoral (UNL), la Universidad Tecnol\u00f3gica Nacional (UTN) y el Instituto Superior del Profesorado N\u00ba 2.<\/p>\n<p>Todas las actividades estuvieron destinadas a escuelas, universidades y p\u00fablico en general, con entrada totalmente libre y gratuita, y se desarrollaron en dos turnos horarios: de 9 a 12 y de 14 a 18.<\/p>\n<p>Seg\u00fan consignaron los organizadores unas 6.000 personas concurrieron al predio de exposiciones durante los 5 d\u00edas de la Semana de la Ciencia, donde sin dudas el MICI de CAFESG se transform\u00f3 en una de las principales atracciones.<\/p>\n<p><a href=\"https:\/\/www.cafesg.gob.ar\/cafesg2\/wp-content\/uploads\/2016\/08\/MICI-CAFESG-en-Rafaela-2016-7.jpg\"><img loading=\"lazy\" decoding=\"async\" class=\"alignnone size-thumbnail wp-image-4961\" src=\"https:\/\/www.cafesg.gob.ar\/cafesg2\/wp-content\/uploads\/2016\/08\/MICI-CAFESG-en-Rafaela-2016-7-150x150.jpg\" alt=\"MICI CAFESG en Rafaela 2016 (7)\" width=\"150\" height=\"150\" \/><\/a> <a href=\"https:\/\/www.cafesg.gob.ar\/cafesg2\/wp-content\/uploads\/2016\/08\/MICI-CAFESG-en-Rafaela-2016-6.jpg\"><img loading=\"lazy\" decoding=\"async\" class=\"alignnone size-thumbnail wp-image-4962\" src=\"https:\/\/www.cafesg.gob.ar\/cafesg2\/wp-content\/uploads\/2016\/08\/MICI-CAFESG-en-Rafaela-2016-6-150x150.jpg\" alt=\"MICI CAFESG en Rafaela 2016 (6)\" width=\"150\" height=\"150\" \/><\/a> <a href=\"https:\/\/www.cafesg.gob.ar\/cafesg2\/wp-content\/uploads\/2016\/08\/MICI-CAFESG-en-Rafaela-2016-5.jpg\"><img loading=\"lazy\" decoding=\"async\" class=\"alignnone size-thumbnail wp-image-4963\" src=\"https:\/\/www.cafesg.gob.ar\/cafesg2\/wp-content\/uploads\/2016\/08\/MICI-CAFESG-en-Rafaela-2016-5-150x150.jpg\" alt=\"MICI CAFESG en Rafaela 2016 (5)\" width=\"150\" height=\"150\" \/><\/a> <a href=\"https:\/\/www.cafesg.gob.ar\/cafesg2\/wp-content\/uploads\/2016\/08\/MICI-CAFESG-en-Rafaela-2016-4.jpg\"><img loading=\"lazy\" decoding=\"async\" class=\"alignnone size-thumbnail wp-image-4964\" src=\"https:\/\/www.cafesg.gob.ar\/cafesg2\/wp-content\/uploads\/2016\/08\/MICI-CAFESG-en-Rafaela-2016-4-150x150.jpg\" alt=\"MICI CAFESG en Rafaela 2016 (4)\" width=\"150\" height=\"150\" \/><\/a> <a href=\"https:\/\/www.cafesg.gob.ar\/cafesg2\/wp-content\/uploads\/2016\/08\/MICI-CAFESG-en-Rafaela-2016-3.jpg\"><img loading=\"lazy\" decoding=\"async\" class=\"alignnone size-thumbnail wp-image-4965\" src=\"https:\/\/www.cafesg.gob.ar\/cafesg2\/wp-content\/uploads\/2016\/08\/MICI-CAFESG-en-Rafaela-2016-3-150x150.jpg\" alt=\"MICI CAFESG en Rafaela 2016 (3)\" width=\"150\" height=\"150\" \/><\/a> <a href=\"https:\/\/www.cafesg.gob.ar\/cafesg2\/wp-content\/uploads\/2016\/08\/MICI-CAFESG-en-Rafaela-2016-2.jpg\"><img loading=\"lazy\" decoding=\"async\" class=\"alignnone size-thumbnail wp-image-4966\" src=\"https:\/\/www.cafesg.gob.ar\/cafesg2\/wp-content\/uploads\/2016\/08\/MICI-CAFESG-en-Rafaela-2016-2-150x150.jpg\" alt=\"MICI CAFESG en Rafaela 2016 (2)\" width=\"150\" height=\"150\" \/><\/a> <a href=\"https:\/\/www.cafesg.gob.ar\/cafesg2\/wp-content\/uploads\/2016\/08\/MICI-CAFESG-en-Rafaela-2016-1.jpg\"><img loading=\"lazy\" decoding=\"async\" class=\"alignnone size-thumbnail wp-image-4967\" src=\"https:\/\/www.cafesg.gob.ar\/cafesg2\/wp-content\/uploads\/2016\/08\/MICI-CAFESG-en-Rafaela-2016-1-150x150.jpg\" alt=\"MICI CAFESG en Rafaela 2016 (1)\" width=\"150\" height=\"150\" \/><\/a><\/p>\n","protected":false},"excerpt":{"rendered":"<p>Con sus 32 m\u00f3dulos interactivos fue una de las principales atracciones de la muestra Desde el pasado lunes 22 y hasta ayer viernes 26 se celebr\u00f3 en Rafaela la Semana de la Ciencia, la Tecnolog\u00eda y la Innovaci\u00f3n, una iniciativa del municipio local que incluy\u00f3 muestras permanentes en el predio de la Sociedad Rural y [&hellip;]<\/p>\n","protected":false},"author":1,"featured_media":0,"comment_status":"open","ping_status":"open","sticky":false,"template":"","format":"standard","meta":{"footnotes":""},"categories":[15],"tags":[],"class_list":["post-4960","post","type-post","status-publish","format-standard","hentry","category-noticias"],"_links":{"self":[{"href":"https:\/\/cafesg.gob.ar\/cafesg2\/wp-json\/wp\/v2\/posts\/4960","targetHints":{"allow":["GET"]}}],"collection":[{"href":"https:\/\/cafesg.gob.ar\/cafesg2\/wp-json\/wp\/v2\/posts"}],"about":[{"href":"https:\/\/cafesg.gob.ar\/cafesg2\/wp-json\/wp\/v2\/types\/post"}],"author":[{"embeddable":true,"href":"https:\/\/cafesg.gob.ar\/cafesg2\/wp-json\/wp\/v2\/users\/1"}],"replies":[{"embeddable":true,"href":"https:\/\/cafesg.gob.ar\/cafesg2\/wp-json\/wp\/v2\/comments?post=4960"}],"version-history":[{"count":0,"href":"https:\/\/cafesg.gob.ar\/cafesg2\/wp-json\/wp\/v2\/posts\/4960\/revisions"}],"wp:attachment":[{"href":"https:\/\/cafesg.gob.ar\/cafesg2\/wp-json\/wp\/v2\/media?parent=4960"}],"wp:term":[{"taxonomy":"category","embeddable":true,"href":"https:\/\/cafesg.gob.ar\/cafesg2\/wp-json\/wp\/v2\/categories?post=4960"},{"taxonomy":"post_tag","embeddable":true,"href":"https:\/\/cafesg.gob.ar\/cafesg2\/wp-json\/wp\/v2\/tags?post=4960"}],"curies":[{"name":"wp","href":"https:\/\/api.w.org\/{rel}","templated":true}]}}