 {"id":4953,"date":"2016-08-24T10:32:44","date_gmt":"2016-08-24T13:32:44","guid":{"rendered":"http:\/\/www.cafesg.gob.ar\/web\/?p=4953"},"modified":"2016-08-24T10:32:44","modified_gmt":"2016-08-24T13:32:44","slug":"4953","status":"publish","type":"post","link":"https:\/\/cafesg.gob.ar\/cafesg2\/4953\/","title":{"rendered":"CAFESG y m\u00e1s de 170 j\u00f3venes eligieron participar"},"content":{"rendered":"<p><em>Encuentro Centros de Estudiantes: \u201cElegimos Participar\u201d. M\u00e1s de 170 j\u00f3venes debatieron cuestiones que les preocupan y organizaron la agenda de trabajo.<\/em><\/p>\n<p>Se desarroll\u00f3 en el Centro C\u00edvico de Concordia una jornada de Centros de Estudiantes, bajo el lema<strong> \u201cElegimos Participar\u201d<\/strong>. La misma fue organizada conjuntamente por el \u00c1rea Joven de CAFESG, la Secretar\u00eda de la Juventud de Entre R\u00edos, la Coordinaci\u00f3n de Organizaciones Estudiantiles del Consejo General de Educaci\u00f3n y la Direcci\u00f3n Departamental de Escuelas de Concordia.<\/p>\n<p>A trav\u00e9s del taller \u201cElegimos Participar\u201d los j\u00f3venes recibieron informaci\u00f3n\u00a0 sobre la ley Provincial de Centros de Estudiantes N\u00b010.215, analizaron el funcionamiento de sus centros, compartieron experiencias con otros j\u00f3venes y expresaron las problem\u00e1ticas que los preocupan y las acciones que les gustar\u00eda organizar.<\/p>\n<p>Desde los diferentes organismos a cargo de la jornada se les present\u00f3 una grilla de actividades y talleres destinada a la juventud para poder trabajar conjuntamente.<\/p>\n<p>El 4to. piso del Centro C\u00edvico se vio colmado con la participaci\u00f3n de m\u00e1s de 170 j\u00f3venes de 16 escuelas de la ciudad y el departamento Concordia que compartieron ma\u00f1ana de trabajo grupal e intercambio de vivencias.<\/p>\n<p>La participaci\u00f3n es un elemento clave para la conformaci\u00f3n del rol de la juventud en los diferentes \u00e1mbitos de la sociedad,\u00a0 una cultura participativa necesita crearse activamente y para esto se requiere de formaci\u00f3n, capacitaci\u00f3n y\u00a0 asesoramiento.<\/p>\n<p>La propuesta Centros de Estudiantes busca promover, acompa\u00f1ar y consolidar espacios de participaci\u00f3n dentro y fuera de las instituciones educativas siendo las mismas, espacios fundamentales de socializaci\u00f3n y construcci\u00f3n de ciudadan\u00eda.<\/p>\n<p>La invitaci\u00f3n fue cursada a las instituciones educativas de todo el departamento Concordia a trav\u00e9s de los directivos de las mismas.<\/p>\n<p><strong>Escuelas\u00a0 que participaron<\/strong><\/p>\n<p><strong>Participaron m\u00e1s de 170 j\u00f3venes de 16 escuelas del departamento Concordia<\/strong>: Escuela N\u00b018 V\u00e9lez Sarsfield, Escuela N\u00b022 Mariano Moreno, Escuela N\u00b06 Jorge Luis Borges, Escuela N\u00b037 Ernesto Che Guevara, Escuela N\u00b01 Ces\u00e1reo Bernardo de Quiroz, Escuela N\u00b017 Gral. Martin de G\u00fcemes, Escuela N\u00b04 Dami\u00e1n P. Garat, Escuela N\u00b02 Jos\u00e9 Gervasio Artigas, Escuela N\u00b0 21 Aurora del Yeru\u00e1, Escuela N\u00b05 Salto Grande, Escuela N\u00b032 Osvaldo Magnasco, Escuela N\u00b013 Azahares del Ayu\u00ed, Escuela N\u00b0 Francisco Ramirez, Escuela N\u00b027 Felipe Gardel, Escuela N\u00b023 Manuel Olazabal, Escuela N\u00b011 Esteban Zorraqu\u00edn.<\/p>\n<p><a href=\"https:\/\/www.cafesg.gob.ar\/cafesg2\/wp-content\/uploads\/2016\/08\/ce1.jpg\"><img loading=\"lazy\" decoding=\"async\" class=\"alignnone size-thumbnail wp-image-4954\" src=\"https:\/\/www.cafesg.gob.ar\/cafesg2\/wp-content\/uploads\/2016\/08\/ce1-150x150.jpg\" alt=\"ce1\" width=\"150\" height=\"150\" \/><\/a> <a href=\"https:\/\/www.cafesg.gob.ar\/cafesg2\/wp-content\/uploads\/2016\/08\/ce3.jpg\"><img loading=\"lazy\" decoding=\"async\" class=\"alignnone size-thumbnail wp-image-4955\" src=\"https:\/\/www.cafesg.gob.ar\/cafesg2\/wp-content\/uploads\/2016\/08\/ce3-150x150.jpg\" alt=\"ce3\" width=\"150\" height=\"150\" \/><\/a> <a href=\"https:\/\/www.cafesg.gob.ar\/cafesg2\/wp-content\/uploads\/2016\/08\/CE4.jpg\"><img loading=\"lazy\" decoding=\"async\" class=\"alignnone size-thumbnail wp-image-4956\" src=\"https:\/\/www.cafesg.gob.ar\/cafesg2\/wp-content\/uploads\/2016\/08\/CE4-150x150.jpg\" alt=\"CE4\" width=\"150\" height=\"150\" \/><\/a> <a href=\"https:\/\/www.cafesg.gob.ar\/cafesg2\/wp-content\/uploads\/2016\/08\/CE6.jpg\"><img loading=\"lazy\" decoding=\"async\" class=\"alignnone size-thumbnail wp-image-4957\" src=\"https:\/\/www.cafesg.gob.ar\/cafesg2\/wp-content\/uploads\/2016\/08\/CE6-150x150.jpg\" alt=\"CE6\" width=\"150\" height=\"150\" \/><\/a><\/p>\n","protected":false},"excerpt":{"rendered":"<p>Encuentro Centros de Estudiantes: \u201cElegimos Participar\u201d. M\u00e1s de 170 j\u00f3venes debatieron cuestiones que les preocupan y organizaron la agenda de trabajo. Se desarroll\u00f3 en el Centro C\u00edvico de Concordia una jornada de Centros de Estudiantes, bajo el lema \u201cElegimos Participar\u201d. La misma fue organizada conjuntamente por el \u00c1rea Joven de CAFESG, la Secretar\u00eda de la [&hellip;]<\/p>\n","protected":false},"author":1,"featured_media":0,"comment_status":"open","ping_status":"open","sticky":false,"template":"","format":"standard","meta":{"footnotes":""},"categories":[15],"tags":[],"class_list":["post-4953","post","type-post","status-publish","format-standard","hentry","category-noticias"],"_links":{"self":[{"href":"https:\/\/cafesg.gob.ar\/cafesg2\/wp-json\/wp\/v2\/posts\/4953","targetHints":{"allow":["GET"]}}],"collection":[{"href":"https:\/\/cafesg.gob.ar\/cafesg2\/wp-json\/wp\/v2\/posts"}],"about":[{"href":"https:\/\/cafesg.gob.ar\/cafesg2\/wp-json\/wp\/v2\/types\/post"}],"author":[{"embeddable":true,"href":"https:\/\/cafesg.gob.ar\/cafesg2\/wp-json\/wp\/v2\/users\/1"}],"replies":[{"embeddable":true,"href":"https:\/\/cafesg.gob.ar\/cafesg2\/wp-json\/wp\/v2\/comments?post=4953"}],"version-history":[{"count":0,"href":"https:\/\/cafesg.gob.ar\/cafesg2\/wp-json\/wp\/v2\/posts\/4953\/revisions"}],"wp:attachment":[{"href":"https:\/\/cafesg.gob.ar\/cafesg2\/wp-json\/wp\/v2\/media?parent=4953"}],"wp:term":[{"taxonomy":"category","embeddable":true,"href":"https:\/\/cafesg.gob.ar\/cafesg2\/wp-json\/wp\/v2\/categories?post=4953"},{"taxonomy":"post_tag","embeddable":true,"href":"https:\/\/cafesg.gob.ar\/cafesg2\/wp-json\/wp\/v2\/tags?post=4953"}],"curies":[{"name":"wp","href":"https:\/\/api.w.org\/{rel}","templated":true}]}}