 {"id":4946,"date":"2016-08-20T08:40:43","date_gmt":"2016-08-20T11:40:43","guid":{"rendered":"http:\/\/www.cafesg.gob.ar\/web\/?p=4946"},"modified":"2016-08-20T08:40:43","modified_gmt":"2016-08-20T11:40:43","slug":"cafesg-y-cilsa-entregaron-elementos-ortopedicos-a-beneficiarios-de-distintas-localidades","status":"publish","type":"post","link":"https:\/\/cafesg.gob.ar\/cafesg2\/cafesg-y-cilsa-entregaron-elementos-ortopedicos-a-beneficiarios-de-distintas-localidades\/","title":{"rendered":"CAFESG Y CILSA entregaron elementos ortop\u00e9dicos a beneficiarios de distintas localidades"},"content":{"rendered":"<p><em>Particulares e instituciones de Concordia, Federaci\u00f3n, Ubajay, Federal, Los Charr\u00faas, Pedernal, Clodomiro Ledesma y Colonia Ayu\u00ed recibieron sillas de ruedas y bastones canadienses<\/em><\/p>\n<p>&nbsp;<\/p>\n<p>CAFESG, en Articulaci\u00f3n con CILSA (Centro de Inclusi\u00f3n Libre y Solidario) -instituci\u00f3n modelo en el pa\u00eds que promueve la inclusi\u00f3n plena de personas provenientes de sectores marginados de la sociedad en situaci\u00f3n de vulnerabilidad social y de personas con discapacidad\u2013 lleva adelante, desde el a\u00f1o 2001, un plan de entrega de elementos ortop\u00e9dicos inscripto en el \u201cPrograma Nacional de entrega de silla de ruedas y\u00a0 elementos ortop\u00e9dicos\u201d.<\/p>\n<p>En este marco, en la ma\u00f1ana del viernes se realiz\u00f3 una nueva entrega de Sillas de ruedas y bastones canadienses a 27 beneficiarios, entre\u00a0 personas e instituciones, pertenecientes a las localidades\u00a0 de Concordia, Federaci\u00f3n, Ubajay, Federal, Los Charr\u00faas, Pedernal, Clodomiro Ledesma y Colonia Ayu\u00ed.<\/p>\n<p>Durante el evento el Presidente de CAFESG, Alejandro Casa\u00f1as, hizo entrega de una placa recordatoria en reconocimiento a la tarea llevada adelante por CILSA que fue recibida por la coordinadora regional de CILSA, profesora Mar\u00eda Carina Giancarelli. Hicieron lo propio el senador \u00c1ngel Giano y posteriormente Lagra\u00f1a en nombre del \u00e1rea de discapacidad de CAFESG tambi\u00e9n le entreg\u00f3 presentes a la coordinadora regional de CILSA.<\/p>\n<p>En su alocuci\u00f3n Casa\u00f1as manifest\u00f3 que \u201ceste es de los trabajos m\u00e1s importantes que puede hacer CAFESG, se puede ver el trabajo articulado de distintas instituciones al servicio de las personas que m\u00e1s nos necesitan, y as\u00ed lo seguiremos haciendo aunque estemos sin recursos como nos sucede en la actualidad, esto demuestra que a veces no todo pasa por lo financiero, con ganas, vincul\u00e1ndonos y trabajando en conjunto podemos hacer mucho por los m\u00e1s necesitados\u201d.<\/p>\n<p>El presidente de CAFESG expres\u00f3 su \u201cprofundo agradecimiento a CILSA, por esta vocaci\u00f3n que tiene y por este trabajo de articulaci\u00f3n que lleva adelante, CAFESG est\u00e1 dispuesto a seguir trabajando por m\u00e1s, estamos plenamente a disposici\u00f3n por directivas de nuestro gobernador Gustavo Bordet para vincularnos con distintas instituciones en pos de mejorar la calidad de vida de las personas, porque estas son pol\u00edticas de Estado,\u00a0 porque las obras p\u00fablicas son muy importantes pero si no est\u00e1n al servicio y rodeadas de seres humanos realmente valorados no sirven para nada, al contrario, se convierten en barreras\u201d.<\/p>\n<p>Por \u00faltimo, Casa\u00f1as quiso destacar tambi\u00e9n \u201cla articulaci\u00f3n que se hace con el \u00e1rea de discapacidad del municipio de Concordia en esta gesti\u00f3n del intendente Enrique Cresto, en especial el rol del director municipal de discapacidad Juan Manuel Franco y desde nuestro organismo destaco la enorme vocaci\u00f3n de servicio de Ricardo Lagra\u00f1a a cargo de esta \u00e1rea en CAFESG\u201d.<\/p>\n<p>Por su parte, la coordinadora regional de CILSA, Carina Giancarelli revel\u00f3 que el tipo de sillas que se entregaron son \u201csillas para adultos, sillas para ni\u00f1os, sillas especiales, sillas comunes de diferentes tama\u00f1os seg\u00fan las caracter\u00edsticas y la edad y patolog\u00eda de la persona, estamos entregando adem\u00e1s otros elementos ortop\u00e9dicos y tambi\u00e9n sillas para instituciones, que son las que necesitan para poder recibir a las personas y trasladarlas con seguridad\u201d.<\/p>\n<p>\u201cQueremos siempre que estas entregas sean rescatando a la persona, m\u00e1s all\u00e1 de la discapacidad que tiene, adem\u00e1s les informamos un poco del correcto uso de la silla para que su cuerpo, en el uso diario de la misma, pueda estar en buen estado de salud. Adem\u00e1s les informamos de los derechos que tienen, porque la silla es un instrumento que ellos necesitan para movilizarse pero la persona es mucho m\u00e1s que una silla, requiere toda una capacidad de ser reconocida y tambi\u00e9n una capacidad de hacer y de ser persona y eso es lo que buscamos rescatar siempre, por eso la ayuda, porque rescatamos a la persona\u201d finaliz\u00f3 Carina Giancarelli.<\/p>\n<p>Estuvieron presentes en el acto el presidente de CFESG, Alejandro Casa\u00f1as; el vocal del Directorio de dicho organismo, Diego Lascurain; el senador provincial \u00c1ngel Giano; la coordinadora departamental de salud, Susana Calvo; la coordinadora regional de CILSA, Mar\u00eda Carina Giancarelli;\u00a0 el coordinador del \u00e1rea de desarrollo local de CAFESG, Eduardo Gutierrez; el coordinador del \u00e1rea de discapacidad de CAFESG, Ricardo Lagra\u00f1a, la coordinadora del \u00e1rea de discapacidad de la municipalidad de Federaci\u00f3n, Patricia Piana.<\/p>\n<p>Desde el a\u00f1o 2011 el \u00c1rea de Discapacidad de CAFESG\u00a0 en articulaci\u00f3n con CILSA,\u00a0 ONG\u00a0 por la inclusi\u00f3n,\u00a0 viene realizando un trabajo en conjunto en favor de las personas con discapacidad, especialmente aquellas de\u00a0 menos recursos.<\/p>\n<p>En un trabajo articulado entre CAFESG y CILSA se llevaron adelante\u00a0 charlas del \u201cPrograma Nacional de Concientizaci\u00f3n\u201d en escuelas de la ciudad de Concordia, con la finalidad de generar conciencia en la sociedad sobre la importancia de la inclusi\u00f3n.<\/p>\n<p>Personal del \u00c1rea de discapacidad de CAFESG realiz\u00f3 una capacitaci\u00f3n en \u201cCurso b\u00e1sico y prescripci\u00f3n de sillas de ruedas\u201d en\u00a0 la ciudad de Buenos Aires, quedando como representantes de esta ONG en\u00a0 la provincia de Entre R\u00edos y \u00fanicos\u00a0 habilitados para la prescripci\u00f3n de sillas de ruedas y elementos ortop\u00e9dicos.<\/p>\n<p>Esta tarea social,\u00a0 solidaria y continua, ya hizo entrega de aproximadamente 140 sillas de ruedas, lo que permiti\u00f3 mejorarle la calidad de vida a cada uno de los destinatarios del \u201cPrograma Nacional de entrega de silla de ruedas y\u00a0 elementos ortop\u00e9dicos\u201d.<\/p>\n<p>CILSA es una organizaci\u00f3n No Gubernamental (ONG) sin fines de lucro, fundada en 1966 en la ciudad de Santa Fe,\u00a0 cumpli\u00f3 50 a\u00f1os de trabajo en pos de vencer las barreras que impiden el desarrollo de una sociedad con igualdad de oportunidades para todos.<\/p>\n<p><a href=\"https:\/\/www.cafesg.gob.ar\/cafesg2\/wp-content\/uploads\/2016\/08\/CILSA-1.jpg\"><img loading=\"lazy\" decoding=\"async\" class=\"alignnone size-thumbnail wp-image-4947\" src=\"https:\/\/www.cafesg.gob.ar\/cafesg2\/wp-content\/uploads\/2016\/08\/CILSA-1-150x150.jpg\" alt=\"CILSA (1)\" width=\"150\" height=\"150\" \/><\/a> <a href=\"https:\/\/www.cafesg.gob.ar\/cafesg2\/wp-content\/uploads\/2016\/08\/CILSA-2.jpg\"><img loading=\"lazy\" decoding=\"async\" class=\"alignnone size-thumbnail wp-image-4948\" src=\"https:\/\/www.cafesg.gob.ar\/cafesg2\/wp-content\/uploads\/2016\/08\/CILSA-2-150x150.jpg\" alt=\"CILSA (2)\" width=\"150\" height=\"150\" \/><\/a> <a href=\"https:\/\/www.cafesg.gob.ar\/cafesg2\/wp-content\/uploads\/2016\/08\/CILSA-3.jpg\"><img loading=\"lazy\" decoding=\"async\" class=\"alignnone size-thumbnail wp-image-4949\" src=\"https:\/\/www.cafesg.gob.ar\/cafesg2\/wp-content\/uploads\/2016\/08\/CILSA-3-150x150.jpg\" alt=\"CILSA (3)\" width=\"150\" height=\"150\" \/><\/a> <a href=\"https:\/\/www.cafesg.gob.ar\/cafesg2\/wp-content\/uploads\/2016\/08\/CILSA-4.jpg\"><img loading=\"lazy\" decoding=\"async\" class=\"alignnone size-thumbnail wp-image-4950\" src=\"https:\/\/www.cafesg.gob.ar\/cafesg2\/wp-content\/uploads\/2016\/08\/CILSA-4-150x150.jpg\" alt=\"CILSA (4)\" width=\"150\" height=\"150\" \/><\/a><\/p>\n","protected":false},"excerpt":{"rendered":"<p>Particulares e instituciones de Concordia, Federaci\u00f3n, Ubajay, Federal, Los Charr\u00faas, Pedernal, Clodomiro Ledesma y Colonia Ayu\u00ed recibieron sillas de ruedas y bastones canadienses &nbsp; CAFESG, en Articulaci\u00f3n con CILSA (Centro de Inclusi\u00f3n Libre y Solidario) -instituci\u00f3n modelo en el pa\u00eds que promueve la inclusi\u00f3n plena de personas provenientes de sectores marginados de la sociedad en [&hellip;]<\/p>\n","protected":false},"author":1,"featured_media":0,"comment_status":"open","ping_status":"open","sticky":false,"template":"","format":"standard","meta":{"footnotes":""},"categories":[15],"tags":[],"class_list":["post-4946","post","type-post","status-publish","format-standard","hentry","category-noticias"],"_links":{"self":[{"href":"https:\/\/cafesg.gob.ar\/cafesg2\/wp-json\/wp\/v2\/posts\/4946","targetHints":{"allow":["GET"]}}],"collection":[{"href":"https:\/\/cafesg.gob.ar\/cafesg2\/wp-json\/wp\/v2\/posts"}],"about":[{"href":"https:\/\/cafesg.gob.ar\/cafesg2\/wp-json\/wp\/v2\/types\/post"}],"author":[{"embeddable":true,"href":"https:\/\/cafesg.gob.ar\/cafesg2\/wp-json\/wp\/v2\/users\/1"}],"replies":[{"embeddable":true,"href":"https:\/\/cafesg.gob.ar\/cafesg2\/wp-json\/wp\/v2\/comments?post=4946"}],"version-history":[{"count":0,"href":"https:\/\/cafesg.gob.ar\/cafesg2\/wp-json\/wp\/v2\/posts\/4946\/revisions"}],"wp:attachment":[{"href":"https:\/\/cafesg.gob.ar\/cafesg2\/wp-json\/wp\/v2\/media?parent=4946"}],"wp:term":[{"taxonomy":"category","embeddable":true,"href":"https:\/\/cafesg.gob.ar\/cafesg2\/wp-json\/wp\/v2\/categories?post=4946"},{"taxonomy":"post_tag","embeddable":true,"href":"https:\/\/cafesg.gob.ar\/cafesg2\/wp-json\/wp\/v2\/tags?post=4946"}],"curies":[{"name":"wp","href":"https:\/\/api.w.org\/{rel}","templated":true}]}}