 {"id":4941,"date":"2016-08-16T08:06:09","date_gmt":"2016-08-16T11:06:09","guid":{"rendered":"http:\/\/www.cafesg.gob.ar\/web\/?p=4941"},"modified":"2016-08-16T08:06:09","modified_gmt":"2016-08-16T11:06:09","slug":"cafesg-y-caritas-continuan-promoviendo-juntas-el-desarrollo-humano-y-social-en-la-region-de-salto-grande","status":"publish","type":"post","link":"https:\/\/cafesg.gob.ar\/cafesg2\/cafesg-y-caritas-continuan-promoviendo-juntas-el-desarrollo-humano-y-social-en-la-region-de-salto-grande\/","title":{"rendered":"CAFESG y C\u00e1ritas contin\u00faan promoviendo juntas el desarrollo humano y social en la Regi\u00f3n de Salto Grande"},"content":{"rendered":"<p><em>A trav\u00e9s de una serie de acciones comprendidas en el Programa \u201cConfianza en el Futuro\u201d <\/em><\/p>\n<p>La Comisi\u00f3n Administradora para el Fondo Especial de Salto Grande (CAFESG) y C\u00e1ritas Diocesana Concordia contin\u00faan impulsando estrategias conjuntas de Promoci\u00f3n Social, Contenci\u00f3n Familiar y Capacitaci\u00f3n Laboral, como derivaci\u00f3n directa del nuevo Acuerdo Marco de Cooperaci\u00f3n que ambas instituciones firmaron en marzo \u00faltimo, con el objetivo de dar continuidad al Programa \u201cConfianza en el Futuro\u201d durante el per\u00edodo 2016-2019.<\/p>\n<p>\u201cConfianza en el Futuro\u201d constituye un conjunto de acciones de cooperaci\u00f3n y asistencia t\u00e9cnica para la capacitaci\u00f3n laboral, promoci\u00f3n social y contenci\u00f3n familiar de miembros de comunidades carecientes de recursos, mediante la implementaci\u00f3n de Talleres que atienden sus inquietudes, promoviendo una salida laboral con inclusi\u00f3n en el medio.<\/p>\n<p>Los cursos y talleres del Programa \u2013que se realizan en capillas, parroquias, escuelas y centros de jubilados\u2013 se fundamentan en la necesidad de dar respuesta a las demandas manifestadas por los propios destinatarios y las comunidades donde habitan.<\/p>\n<p>&nbsp;<\/p>\n<p><strong>Alcances del Programa<\/strong><\/p>\n<p>\u201cConfianza en el Futuro\u201d es una enriquecedora experiencia conjunta que CAFESG y C\u00e1ritas Diocesana Concordia comenzaron a construir en 2009, cuando firmaron su primer Acuerdo Marco de Cooperaci\u00f3n y Asistencia T\u00e9cnica, que luego fueron renovando con el paso de los a\u00f1os.<\/p>\n<p>El Programa se fundamenta en la necesidad de dar respuesta a las demandas manifestadas por los propios destinatarios \u2013que habitan en diferentes barrios de Concordia y otras localidades de la Regi\u00f3n de Salto Grande\u2013 registradas en un relevamiento realizado oportunamente por C\u00e1ritas Diocesana Concordia.<\/p>\n<p>Con el dictado de los distintos cursos y talleres \u2013cuyo contenido obedece a estas demandas\u2013 se pretende contribuir a revertir, a mediano plazo, la situaci\u00f3n de marginalidad de los beneficiarios, aportando a su formaci\u00f3n en un oficio o a la adquisici\u00f3n de competencias ocupacionales acordes al mundo laboral actual, fortaleciendo de esa manera su empleabilidad. La meta es generar una inclusi\u00f3n social real, sostenible en el tiempo, y que contribuya a mejorar la calidad de vida de los participantes.<\/p>\n<p>El nuevo convenio incorpor\u00f3 espec\u00edficamente acciones orientadas a la lucha contra las adicciones y a la rehabilitaci\u00f3n de las personas v\u00edctimas de este flagelo, un tema que no estaba contemplado especialmente en los convenios anteriores. En funci\u00f3n de ello, se articulan acciones de prevenci\u00f3n del consumo y asistencia a las v\u00edctimas con Pastoral de Adicciones de la Di\u00f3cesis de Concordia y la Comunidad de Vida y Rehabilitaci\u00f3n \u201cJuan XXIII\u201d.<\/p>\n<p><a href=\"https:\/\/www.cafesg.gob.ar\/cafesg2\/wp-content\/uploads\/2016\/08\/Programa-con-C\u00e1ritas-2016-1.jpg\"><img loading=\"lazy\" decoding=\"async\" class=\"alignnone size-thumbnail wp-image-4942\" src=\"https:\/\/www.cafesg.gob.ar\/cafesg2\/wp-content\/uploads\/2016\/08\/Programa-con-C\u00e1ritas-2016-1-150x150.jpg\" alt=\"Programa con C\u00e1ritas 2016 (1)\" width=\"150\" height=\"150\" \/><\/a> <a href=\"https:\/\/www.cafesg.gob.ar\/cafesg2\/wp-content\/uploads\/2016\/08\/Programa-con-C\u00e1ritas-2016-2.jpg\"><img loading=\"lazy\" decoding=\"async\" class=\"alignnone size-thumbnail wp-image-4943\" src=\"https:\/\/www.cafesg.gob.ar\/cafesg2\/wp-content\/uploads\/2016\/08\/Programa-con-C\u00e1ritas-2016-2-150x150.jpg\" alt=\"OLYMPUS DIGITAL CAMERA\" width=\"150\" height=\"150\" \/><\/a> <a href=\"https:\/\/www.cafesg.gob.ar\/cafesg2\/wp-content\/uploads\/2016\/08\/Programa-con-C\u00e1ritas-2016-4.jpg\"><img loading=\"lazy\" decoding=\"async\" class=\"alignnone size-thumbnail wp-image-4944\" src=\"https:\/\/www.cafesg.gob.ar\/cafesg2\/wp-content\/uploads\/2016\/08\/Programa-con-C\u00e1ritas-2016-4-150x150.jpg\" alt=\"Programa con C\u00e1ritas 2016 (4)\" width=\"150\" height=\"150\" \/><\/a><\/p>\n<p><!--more--><\/p>\n<p><strong>Talleres y cursos<\/strong><\/p>\n<p>En lo que va del a\u00f1o se han desarrollado las siguientes instancias de capacitaci\u00f3n no-formal:<\/p>\n<p>-Reparaciones Hogare\u00f1as para Amas de Casa, en Parroquias Nuestra Se\u00f1ora de Pompeya y Nuestra Se\u00f1ora de Lourdes (Concordia).<\/p>\n<p>-Ensamble Instrumental y Coro (San Salvador).<\/p>\n<p>-M\u00fasica de los Pueblos Originarios (instrumentos de viento) en Capilla San Cayetano de Villa Jard\u00edn, en Parroquia Nuestra Se\u00f1ora de F\u00e1tima de La Bianca, Parroquia San Cayetano de Villa Zorraqu\u00edn y en Parroquia Nuestra Madre de la Merced del Barrio San Agust\u00edn (Concordia).<\/p>\n<p>-Danzas Folkl\u00f3ricas Nativas en Barrio Las Tejas, Barrio Cohelo, Estaci\u00f3n Yuquer\u00ed, Colonia Los Sauces y Paso Gallo.<\/p>\n<p>-Costura, Panader\u00eda, Confiter\u00eda y Reposter\u00eda Artesanal en Parroquia Nuestra Se\u00f1ora de Lourdes (Concordia).<\/p>\n<p>-Talleres de Instrumentos y Canto en Parroquia San Francisco de As\u00eds del Barrio Constituci\u00f3n Oeste (Concordia).<\/p>\n<p>-Curso en Costura y Confecci\u00f3n de Ropa Deportiva en Benito Leger\u00e9n y Villa Adela (Concordia).<\/p>\n<p>-Coro y Orquesta (Arroyo Bar\u00fa).<\/p>\n<p>-Curso en Computaci\u00f3n para la Inclusi\u00f3n Digital (Arroyo Bar\u00fa).<\/p>\n<p>-Curso \u00c1gatas: Producci\u00f3n de piedras ornamentales y gemas (Puerto Yeru\u00e1, Departamento Concordia).<\/p>\n<p>-Huerta Comunitaria en Comunidad de Vida y Rehabilitaci\u00f3n en Adicciones \u201cJuan XXIII\u201d (Estancia Grande, Departamento Concordia).<\/p>\n","protected":false},"excerpt":{"rendered":"<p>A trav\u00e9s de una serie de acciones comprendidas en el Programa \u201cConfianza en el Futuro\u201d La Comisi\u00f3n Administradora para el Fondo Especial de Salto Grande (CAFESG) y C\u00e1ritas Diocesana Concordia contin\u00faan impulsando estrategias conjuntas de Promoci\u00f3n Social, Contenci\u00f3n Familiar y Capacitaci\u00f3n Laboral, como derivaci\u00f3n directa del nuevo Acuerdo Marco de Cooperaci\u00f3n que ambas instituciones firmaron [&hellip;]<\/p>\n","protected":false},"author":1,"featured_media":0,"comment_status":"open","ping_status":"open","sticky":false,"template":"","format":"standard","meta":{"footnotes":""},"categories":[15],"tags":[],"class_list":["post-4941","post","type-post","status-publish","format-standard","hentry","category-noticias"],"_links":{"self":[{"href":"https:\/\/cafesg.gob.ar\/cafesg2\/wp-json\/wp\/v2\/posts\/4941","targetHints":{"allow":["GET"]}}],"collection":[{"href":"https:\/\/cafesg.gob.ar\/cafesg2\/wp-json\/wp\/v2\/posts"}],"about":[{"href":"https:\/\/cafesg.gob.ar\/cafesg2\/wp-json\/wp\/v2\/types\/post"}],"author":[{"embeddable":true,"href":"https:\/\/cafesg.gob.ar\/cafesg2\/wp-json\/wp\/v2\/users\/1"}],"replies":[{"embeddable":true,"href":"https:\/\/cafesg.gob.ar\/cafesg2\/wp-json\/wp\/v2\/comments?post=4941"}],"version-history":[{"count":0,"href":"https:\/\/cafesg.gob.ar\/cafesg2\/wp-json\/wp\/v2\/posts\/4941\/revisions"}],"wp:attachment":[{"href":"https:\/\/cafesg.gob.ar\/cafesg2\/wp-json\/wp\/v2\/media?parent=4941"}],"wp:term":[{"taxonomy":"category","embeddable":true,"href":"https:\/\/cafesg.gob.ar\/cafesg2\/wp-json\/wp\/v2\/categories?post=4941"},{"taxonomy":"post_tag","embeddable":true,"href":"https:\/\/cafesg.gob.ar\/cafesg2\/wp-json\/wp\/v2\/tags?post=4941"}],"curies":[{"name":"wp","href":"https:\/\/api.w.org\/{rel}","templated":true}]}}