 {"id":4937,"date":"2016-08-13T12:01:25","date_gmt":"2016-08-13T15:01:25","guid":{"rendered":"http:\/\/www.cafesg.gob.ar\/web\/?p=4937"},"modified":"2016-08-13T12:01:25","modified_gmt":"2016-08-13T15:01:25","slug":"programa-de-calificaciones-para-trabajadores-de-la-construccion","status":"publish","type":"post","link":"https:\/\/cafesg.gob.ar\/cafesg2\/programa-de-calificaciones-para-trabajadores-de-la-construccion\/","title":{"rendered":"PROGRAMA DE CALIFICACIONES PARA TRABAJADORES DE LA CONSTRUCCI\u00d3N"},"content":{"rendered":"<p><strong>CAFESG dicta cursos de oficios vinculados\u00a0a la construcci\u00f3n con Ministerio de Trabajo y Fundaci\u00f3n UOCRA y la participaci\u00f3n del IERIC y la C\u00e1mara de la Construcci\u00f3n.<\/strong><\/p>\n<p>&nbsp;<\/p>\n<p>En toda la Regi\u00f3n de Salto Grande se han implementado cursos sobre distintos oficios, ofrecidos en forma conjunta por CAFESG, la Fundaci\u00f3n UOCRA, el Ministerio de Trabajo, Empleo y Seguridad Social de la Naci\u00f3n, y la C\u00e1mara Argentina de la Construcci\u00f3n (CAC) desde el a\u00f1o 2004 a la fecha.<\/p>\n<p>Estos cursos representan una r\u00e1pida salida laboral para los participantes, puesto que a quienes lo aprueban se les entrega \u2013adem\u00e1s del diploma correspondiente\u2013 la CREDENCIAL DE REGISTRO LABORAL, documento indispensable a la hora de pretender incorporarse a una empresa de construcci\u00f3n. Los certificados de aprobaci\u00f3n son oficiales y ser\u00e1n otorgados por el Instituto de Estad\u00edstica y Registro de la Industria de la Construcci\u00f3n (IERIC).<\/p>\n<p>El presidente de CAFESG, Alejandro Casa\u00f1as, al referirse a esta iniciativa expres\u00f3 que \u201cla idea de fuerza es desarrollar acciones de formaci\u00f3n enfocadas a distintas ocupaciones del sector de la construcci\u00f3n, en \u00edntima relaci\u00f3n con las necesidades de mano de obra especializada\u201d.<\/p>\n<p>\u201cCon esta iniciativa se pretende generar en los trabajadores ocupados un nivel de formaci\u00f3n mayor que les brinde, por ejemplo, la posibilidad de mejorar su categorizaci\u00f3n; pero tambi\u00e9n tiene la intenci\u00f3n de otorgar a los trabajadores desocupados la chance de certificar competencias que les permitan transformarse en recursos humanos valiosos y apetecibles para las empresas del sector de la construcci\u00f3n\u201d finaliz\u00f3.<\/p>\n<p>&nbsp;<\/p>\n<p><strong>Objetivos del Programa<\/strong><\/p>\n<p><strong>\u00a0<\/strong><\/p>\n<p>-Mejorar las condiciones de empleo de los beneficiarios a trav\u00e9s de la formaci\u00f3n.<\/p>\n<p>-Fortalecer a los trabajadores vinculados con el sector de la construcci\u00f3n a partir de un desarrollo tem\u00e1tico que guarda estrecha relaci\u00f3n con los planes de obra que despliegan las empresas constructoras en el mediano plazo.<\/p>\n<p>-Promover el crecimiento del sector de la construcci\u00f3n como generador de empleo genuino y como motorizador de las econom\u00edas regionales, buscando mejorar la calificaci\u00f3n de los trabajadores.<\/p>\n<p>-Difundir masivamente materiales informativos sobre cuestiones vinculadas con la prevenci\u00f3n de riesgos, promoviendo la cultura de la seguridad y la salud en el trabajo.<\/p>\n<p>-Contribuir a la productividad de las empresas constructoras fortaleciendo sus planteles con personal mejor formado.<\/p>\n<p><a href=\"https:\/\/www.cafesg.gob.ar\/cafesg2\/wp-content\/uploads\/2016\/08\/Curso-gas-1.jpg\"><img loading=\"lazy\" decoding=\"async\" class=\"alignnone size-thumbnail wp-image-4938\" src=\"https:\/\/www.cafesg.gob.ar\/cafesg2\/wp-content\/uploads\/2016\/08\/Curso-gas-1-150x150.jpg\" alt=\"Curso gas (1)\" width=\"150\" height=\"150\" \/><\/a> <a href=\"https:\/\/www.cafesg.gob.ar\/cafesg2\/wp-content\/uploads\/2016\/08\/Curso-gas-2.jpg\"><img loading=\"lazy\" decoding=\"async\" class=\"alignnone size-thumbnail wp-image-4939\" src=\"https:\/\/www.cafesg.gob.ar\/cafesg2\/wp-content\/uploads\/2016\/08\/Curso-gas-2-150x150.jpg\" alt=\"Curso gas (2)\" width=\"150\" height=\"150\" \/><\/a><\/p>\n<p><!--more--><\/p>\n<p><strong>En el presente curso se les hace entrega a los participantes del material did\u00e1ctico (cuaderno, birome, manual did\u00e1ctico de la tipolog\u00eda a implementar, manual de bolsillo de seguridad y riesgo de trabajo) como as\u00ed tambi\u00e9n los elementos de seguridad personal que consta de: (casco, barbijo, antiparras, guantes, camisa, pantal\u00f3n y botines).<\/strong><\/p>\n<p><strong>Los cursos implementados bajo el marco del Programa de Calificaciones para Trabajadores de la Construcci\u00f3n y tienen validez nacional.<\/strong><\/p>\n<p><strong>Los mismos son con cupo limitado de 25 personas como m\u00e1ximo y 17 personas como m\u00ednimo, los cuales deber\u00e1n cumplir 160 horas de cursado para tener derecho a la evaluaci\u00f3n definitiva y recibir la certificaci\u00f3n correspondiente.<\/strong><\/p>\n<p><strong>Estas 160 horas de dictado se distribuyen en 4 horas diarias de lunes a viernes durante un per\u00edodo de 40 clases. Los horarios depender\u00e1n de la localidad y la tipolog\u00eda del curso a implementarse; siendo normalmente a la noche.<\/strong><\/p>\n<p>En este momento se encuentran en ejecuci\u00f3n los siguientes cursos:<\/p>\n<p>CONCORDIA:<\/p>\n<p>&#8211;\u00a0 INSTALACIONES DE GAS DOMICILIARIAS<\/p>\n<p>o\u00a0\u00a0 SEDE: HOSPITAL FELIPE HERAS<\/p>\n<p>o\u00a0\u00a0 HORARIO: LUNES A VIERNES DE 18 A 22 HS.<\/p>\n<p>&nbsp;<\/p>\n<p>&#8211; INSTALACIONES SANITARIAS DOMICILIARIAS<\/p>\n<p>o\u00a0\u00a0 SEDE: HOSPITAL FELIPE HERAS<\/p>\n<p>o\u00a0\u00a0 HORARIO: LUNES A VIERNES DE 18 A 22 HS.<\/p>\n<p>&nbsp;<\/p>\n<p>FEDERAL:<\/p>\n<p>&#8211;\u00a0\u00a0\u00a0\u00a0\u00a0 OPERADOR DE MAQUINAS VIALES<\/p>\n<p>&nbsp;<\/p>\n<p>o\u00a0\u00a0 SEDE: CIRCUITO TINO GOTTIG<\/p>\n<p>o\u00a0\u00a0 HORARIO: LUNES A VIERNES DE 18 A 22 HS.<\/p>\n<p>&nbsp;<\/p>\n<p>EL PR\u00d3XIMO 16 DE AGOSTO ESTAR\u00cdA COMENZANDO LOS SIGUIENTES CURSOS<\/p>\n<p>CONCORDIA:<\/p>\n<p>&#8211;\u00a0\u00a0\u00a0\u00a0\u00a0 INSTALACIONES DOMICILIARIAS DE ELECTRICIDAD:<\/p>\n<p>&nbsp;<\/p>\n<p>o\u00a0\u00a0 SEDE: HOSPITAL FELIPE HERAS<\/p>\n<p>o\u00a0\u00a0 HORARIO: LUNES A VIERNES DE 18 A 22 HS.<\/p>\n<p>&nbsp;<\/p>\n<p>SAN SALVADOR:<\/p>\n<p>&#8211;\u00a0\u00a0\u00a0\u00a0\u00a0 INTERPRETACI\u00d3N DE PLANOS<\/p>\n<p>o\u00a0\u00a0 SEDE: ESC. T\u00c9CNICA N\u00b0 45 FELIX BOURREN MEYER<\/p>\n<p>o\u00a0\u00a0 HORARIO: LUNES A VIERNES DE 19 A 23 HS.<\/p>\n<p>&nbsp;<\/p>\n<p>FEDERACI\u00d3N:<\/p>\n<p>&#8211;\u00a0\u00a0\u00a0\u00a0\u00a0 INSTALACIONES DOMICILIARIAS DE ELECTRICIDAD:<\/p>\n<p>o\u00a0\u00a0 ASOCIACI\u00d3N DE FUTBOL DE VETERANOS DE FEDERACI\u00d3N<\/p>\n<p>o\u00a0\u00a0 HORARIO: LUNES A VIERNES DE 19 A 23 HS.<\/p>\n<p>&nbsp;<\/p>\n<p>&#8211;\u00a0\u00a0\u00a0\u00a0\u00a0 INSTALACIONES SANITARIAS DOMICILIARIAS<\/p>\n<p>o\u00a0\u00a0 SEDE; CLUB ATL\u00c9TICO ESTUDIANTES<\/p>\n<p>o\u00a0\u00a0 HORARIO: DE LUNES A VIERNES DE 18 A 22 HS.<\/p>\n","protected":false},"excerpt":{"rendered":"<p>CAFESG dicta cursos de oficios vinculados\u00a0a la construcci\u00f3n con Ministerio de Trabajo y Fundaci\u00f3n UOCRA y la participaci\u00f3n del IERIC y la C\u00e1mara de la Construcci\u00f3n. &nbsp; En toda la Regi\u00f3n de Salto Grande se han implementado cursos sobre distintos oficios, ofrecidos en forma conjunta por CAFESG, la Fundaci\u00f3n UOCRA, el Ministerio de Trabajo, Empleo [&hellip;]<\/p>\n","protected":false},"author":1,"featured_media":0,"comment_status":"open","ping_status":"open","sticky":false,"template":"","format":"standard","meta":{"footnotes":""},"categories":[15],"tags":[],"class_list":["post-4937","post","type-post","status-publish","format-standard","hentry","category-noticias"],"_links":{"self":[{"href":"https:\/\/cafesg.gob.ar\/cafesg2\/wp-json\/wp\/v2\/posts\/4937","targetHints":{"allow":["GET"]}}],"collection":[{"href":"https:\/\/cafesg.gob.ar\/cafesg2\/wp-json\/wp\/v2\/posts"}],"about":[{"href":"https:\/\/cafesg.gob.ar\/cafesg2\/wp-json\/wp\/v2\/types\/post"}],"author":[{"embeddable":true,"href":"https:\/\/cafesg.gob.ar\/cafesg2\/wp-json\/wp\/v2\/users\/1"}],"replies":[{"embeddable":true,"href":"https:\/\/cafesg.gob.ar\/cafesg2\/wp-json\/wp\/v2\/comments?post=4937"}],"version-history":[{"count":0,"href":"https:\/\/cafesg.gob.ar\/cafesg2\/wp-json\/wp\/v2\/posts\/4937\/revisions"}],"wp:attachment":[{"href":"https:\/\/cafesg.gob.ar\/cafesg2\/wp-json\/wp\/v2\/media?parent=4937"}],"wp:term":[{"taxonomy":"category","embeddable":true,"href":"https:\/\/cafesg.gob.ar\/cafesg2\/wp-json\/wp\/v2\/categories?post=4937"},{"taxonomy":"post_tag","embeddable":true,"href":"https:\/\/cafesg.gob.ar\/cafesg2\/wp-json\/wp\/v2\/tags?post=4937"}],"curies":[{"name":"wp","href":"https:\/\/api.w.org\/{rel}","templated":true}]}}