 {"id":4932,"date":"2016-08-11T10:43:43","date_gmt":"2016-08-11T13:43:43","guid":{"rendered":"http:\/\/www.cafesg.gob.ar\/web\/?p=4932"},"modified":"2016-08-11T10:43:43","modified_gmt":"2016-08-11T13:43:43","slug":"cafesg-delinea-acciones-de-integracion-conjunta-con-el-iprodi","status":"publish","type":"post","link":"https:\/\/cafesg.gob.ar\/cafesg2\/cafesg-delinea-acciones-de-integracion-conjunta-con-el-iprodi\/","title":{"rendered":"CAFESG delinea acciones de integraci\u00f3n conjunta con el IPRODI"},"content":{"rendered":"<p><em>Convenio de trabajo conjunto, turismo accesible, concientizaci\u00f3n en deporte adaptado y accesibilidad arquitect\u00f3nica fueron los puntos fuertes del encuentro<\/em><\/p>\n<p>En una reuni\u00f3n de trabajo realizada entre la Comisi\u00f3n Administradora para el Fondo Especial de Salto Grande (CAFESG)\u00a0 y el Instituto Provincial de Discapacidad (IPRODI), se delinearon algunos de los temas importantes que est\u00e1n dispuestos a abordar ambos organismos en la regi\u00f3n de Salto Grande.<\/p>\n<p>Durante el encuentro, del que participaron el Presidente de CAFESG Dr. Alejandro\u00a0 Casa\u00f1as; la Secretaria de Ni\u00f1ez, Familia y Discapacidad,\u00a0 Prof. Cristina Ponce a cargo del IPRODI; el vocal de CAFESG Dr. Diego Lascurain; el Coordinador de Desarrollo Local,\u00a0 Cr. Eduardo Guti\u00e9rrez y el Coordinador del \u00c1rea de Discapacidad de CAFESG,\u00a0 Sr. Ricardo Lagra\u00f1a, se acord\u00f3 la firma de un convenio que permitir\u00e1 el trabajo articulado de ambos organismos, esto se da en el marco del trabajo interinstitucional que impulsa el gobernador Gustavo Bordet desde el comienzo de su gesti\u00f3n.<\/p>\n<p>Por otro lado, se analiz\u00f3 la posibilidad de desarrollar\u00a0 en la regi\u00f3n de Salto Grande capacitaciones en lo que respecta a turismo accesible para organismos p\u00fablicos y privados,como as\u00ed tambi\u00e9n capacitaciones de concientizaci\u00f3n en deporte adaptado para profesores de Educaci\u00f3n F\u00edsica que trabajan en escuelas que tienen alumnos con discapacidad integrados.<\/p>\n<p>Adem\u00e1s, se comenzaron a delinear las acciones necesarias tendientes a la concreci\u00f3n de un Congreso de Accesibilidad Arquitect\u00f3nica, tentativamente a realizarse en el mes de diciembre en la ciudad de Concordia.<\/p>\n<p>Otra de las tem\u00e1ticas en la que se piensa intervenir en forma conjunta desde ambos organismos es con alternativas que posibiliten mejorar la accesibilidad de las personas sordas e hipoac\u00fasicas a instituciones p\u00fablicas, de salud y servicios a la comunidad.<\/p>\n<p>Cabe destacar que desde el \u00e1rea de discapacidad de CAFESG se vienen llevando adelante actividades de acompa\u00f1amiento, gesti\u00f3n, asesoramiento y elaboraci\u00f3n de proyectos para las localidades del departamento e\u00a0 instituciones\u00a0 de discapacidad de Concordia y la regi\u00f3n de Salto Grande.<\/p>\n<p>Se inform\u00f3 adem\u00e1s que durante el mes de agosto se efectuar\u00e1 una importante entrega de elementos ortop\u00e9dicos para personas\u00a0 con discapacidad en el marco de una articulaci\u00f3n que el \u00e1rea de discapacidad de CAFESG tiene con CILSA, ONG por la inclusi\u00f3n.<\/p>\n<p><a href=\"https:\/\/www.cafesg.gob.ar\/cafesg2\/wp-content\/uploads\/2016\/08\/Iprodi-2.jpg\"><img loading=\"lazy\" decoding=\"async\" class=\"alignnone size-thumbnail wp-image-4933\" src=\"https:\/\/www.cafesg.gob.ar\/cafesg2\/wp-content\/uploads\/2016\/08\/Iprodi-2-150x150.jpg\" alt=\"Iprodi (2)\" width=\"150\" height=\"150\" \/><\/a> <a href=\"https:\/\/www.cafesg.gob.ar\/cafesg2\/wp-content\/uploads\/2016\/08\/Iprodi-3.jpg\"><img loading=\"lazy\" decoding=\"async\" class=\"alignnone size-thumbnail wp-image-4934\" src=\"https:\/\/www.cafesg.gob.ar\/cafesg2\/wp-content\/uploads\/2016\/08\/Iprodi-3-150x150.jpg\" alt=\"Iprodi (3)\" width=\"150\" height=\"150\" \/><\/a><\/p>\n","protected":false},"excerpt":{"rendered":"<p>Convenio de trabajo conjunto, turismo accesible, concientizaci\u00f3n en deporte adaptado y accesibilidad arquitect\u00f3nica fueron los puntos fuertes del encuentro En una reuni\u00f3n de trabajo realizada entre la Comisi\u00f3n Administradora para el Fondo Especial de Salto Grande (CAFESG)\u00a0 y el Instituto Provincial de Discapacidad (IPRODI), se delinearon algunos de los temas importantes que est\u00e1n dispuestos a [&hellip;]<\/p>\n","protected":false},"author":1,"featured_media":0,"comment_status":"open","ping_status":"open","sticky":false,"template":"","format":"standard","meta":{"footnotes":""},"categories":[15],"tags":[],"class_list":["post-4932","post","type-post","status-publish","format-standard","hentry","category-noticias"],"_links":{"self":[{"href":"https:\/\/cafesg.gob.ar\/cafesg2\/wp-json\/wp\/v2\/posts\/4932","targetHints":{"allow":["GET"]}}],"collection":[{"href":"https:\/\/cafesg.gob.ar\/cafesg2\/wp-json\/wp\/v2\/posts"}],"about":[{"href":"https:\/\/cafesg.gob.ar\/cafesg2\/wp-json\/wp\/v2\/types\/post"}],"author":[{"embeddable":true,"href":"https:\/\/cafesg.gob.ar\/cafesg2\/wp-json\/wp\/v2\/users\/1"}],"replies":[{"embeddable":true,"href":"https:\/\/cafesg.gob.ar\/cafesg2\/wp-json\/wp\/v2\/comments?post=4932"}],"version-history":[{"count":0,"href":"https:\/\/cafesg.gob.ar\/cafesg2\/wp-json\/wp\/v2\/posts\/4932\/revisions"}],"wp:attachment":[{"href":"https:\/\/cafesg.gob.ar\/cafesg2\/wp-json\/wp\/v2\/media?parent=4932"}],"wp:term":[{"taxonomy":"category","embeddable":true,"href":"https:\/\/cafesg.gob.ar\/cafesg2\/wp-json\/wp\/v2\/categories?post=4932"},{"taxonomy":"post_tag","embeddable":true,"href":"https:\/\/cafesg.gob.ar\/cafesg2\/wp-json\/wp\/v2\/tags?post=4932"}],"curies":[{"name":"wp","href":"https:\/\/api.w.org\/{rel}","templated":true}]}}