 {"id":4921,"date":"2016-08-06T11:10:14","date_gmt":"2016-08-06T14:10:14","guid":{"rendered":"http:\/\/www.cafesg.gob.ar\/web\/?p=4921"},"modified":"2016-08-06T11:10:14","modified_gmt":"2016-08-06T14:10:14","slug":"contundente-apoyo-del-consorcio-intermunicipal-concordia-a-las-gestiones-para-recuperar-los-fondos-de-cafesg","status":"publish","type":"post","link":"https:\/\/cafesg.gob.ar\/cafesg2\/contundente-apoyo-del-consorcio-intermunicipal-concordia-a-las-gestiones-para-recuperar-los-fondos-de-cafesg\/","title":{"rendered":"Contundente apoyo del Consorcio intermunicipal Concordia a las gestiones para recuperar los fondos de CAFESG"},"content":{"rendered":"<p><em>Apoyo a las gestiones del gobernador Bordet para que a CAFESG le vengan excedentes de Salto Grande nuevamente y an\u00e1lisis de proyectos y obras fueron los dos ejes de la reuni\u00f3n<\/em><\/p>\n<p style=\"text-align: justify;\"><a href=\"https:\/\/www.cafesg.gob.ar\/cafesg2\/wp-content\/uploads\/2016\/08\/Reuni\u00f3n-Consorcio-1.jpg\"><img loading=\"lazy\" decoding=\"async\" class=\"alignleft wp-image-4922 size-thumbnail\" src=\"https:\/\/www.cafesg.gob.ar\/cafesg2\/wp-content\/uploads\/2016\/08\/Reuni\u00f3n-Consorcio-1-150x150.jpg\" alt=\"Reuni\u00f3n Consorcio 1\" width=\"150\" height=\"150\" hspace=\"20\" vspace=\"10\" \/><\/a>En la tarde del viernes el presidente de CAFESG, Alejandro Casa\u00f1as, y el vocal del organismo, Diego Lascurain, recibieron al Consorcio Intermunicipal Concordia y al senador provincial \u00c1ngel Giano, con quienes mantuvieron una extensa reuni\u00f3n para avanzar en el apoyo al reclamo que lleva adelante el gobernador de la provincia, Gustavo Bordet, ante autoridades nacionales para que se modifique el cuadro tarifario energ\u00e9tico y permita a CAFESG contar nuevamente con financiamiento para llevar adelante lo que hist\u00f3ricamente ha hecho en la Regi\u00f3n de Salto Grande.<\/p>\n<p style=\"text-align: justify;\">El Consorcio, en la figura de su presidente, el intendente de Concordia Enrique Cresto,\u00a0 hizo entrega de una nota donde expresa textualmente, en nombre de dicha instituci\u00f3n \u201cy de las comunidades a las que representan\u201d su deseo de \u201chacer p\u00fablico su total apoyo y acompa\u00f1amiento a las gestiones pol\u00edticas instrumentadas por el Se\u00f1or Gobernador de la\u00a0 Provincia, Cr. Gustavo Bordet, vinculadas con las refinanciaci\u00f3n de la Comisi\u00f3n Administradora para el Fondo especial de Salto Grande\u201d.<\/p>\n<p style=\"text-align: justify;\">En otro de sus p\u00e1rrafos la nota refiere que \u201clos fondos de CAFESG son trasladados a cada una de nuestras comunidades en obras que benefician a m\u00e1s de 200.000 habitantes de nuestro departamento y de all\u00ed la necesidad de adecuar el cuadro tarifario\u201d.<\/p>\n<p style=\"text-align: justify;\">\u201cDestacamos y agradecemos que no obstante ello, el organismo -por CAFESG- contin\u00faa desarrollando una pol\u00edtica program\u00e1tica en la organizaci\u00f3n de proyectos y talleres comunales en decenas de municipios entrerrianos, siendo su colaboraci\u00f3n t\u00e9cnica fundamental para ellos\u201d finaliza el texto.<\/p>\n<p style=\"text-align: justify;\">Adem\u00e1s de esta nota de apoyo formal de parte del Consorcio InterMunicipal, el senador provincial por el FPV \u00c1ngel Giano, le hizo entrega al presidente de CAFESG una nota de adhesi\u00f3n firmada por todos los senadores, inclusive de aquellos que representan al espacio pol\u00edtico oficialista a nivel nacional, Cambiemos, en la C\u00e1mara de Senadores de la provincia.<\/p>\n<p style=\"text-align: justify;\">Tambi\u00e9n hay que mencionar que los respectivos concejos deliberantes de estas ciudades han expresado formal y p\u00fablicamente \u00a0mediante resoluciones su apoyo a las gestiones encaradas por el gobernador Bordet ante autoridades nacionales para recuperar los fondos de CAFESG.<\/p>\n<p style=\"text-align: justify;\">Al finalizar el encuentro, el actual presidente del Consorcio InterMunicipal\u00a0 e intendente de Concordia, Enrique Cresto, manifest\u00f3 de forma concluyente que \u201cal no haber excedentes no hay obras, y toda esta Reg\u00ed\u00f3n de Salto Grande, que son ocho departamentos, casi treinta municipios y cincuenta juntas de gobierno, siempre se manej\u00f3 en obras m\u00e1s con la CAFESG que con el ministerio de obras p\u00fablicas de la provincia, entonces hay m\u00e1s de seiscientos mil habitantes en toda la Regi\u00f3n que quedan sin estas obras de CAFESG que significan desarrollo y bienestar para muchos entrerrianos, por esto lo importante es unir fuerzas porque en estas comunidades hay ciudadanos de todos los partidos por lo cual esto est\u00e1 planteado como una lucha regional\u201d.<\/p>\n<p style=\"text-align: justify;\">En tanto, Alejandro Casa\u00f1as, presidente de CAFESG inform\u00f3 que la reuni\u00f3n gir\u00f3 en base a dos ejes, en primer lugar, \u201cfue el an\u00e1lisis de las negociaciones que lleva adelante desde el inicio de la gesti\u00f3n el gobernador Bordet para poder conseguir el verdadero y justo precio de la energ\u00eda que se paga a Salto Grande, y como lo viene haciendo desde un trabajo colectivo amplio lo que se busca es que se pueda financiar tanto CTM como CAFESG\u201d.<\/p>\n<p style=\"text-align: justify;\">\u201cA su vez seguimos recibiendo el apoyo de todos los espacios pol\u00edticos desde sus diversas fuentes, hoy esto se ha materializado a trav\u00e9s de resoluciones de los consejos deliberantes de distintas comunidades, desde el Consorcio InterMunicipal Concordia y tambi\u00e9n desde la C\u00e1mara de Senadores de la provincia, lo cual es muy importante porque muestra que esto es precisamente una construcci\u00f3n colectiva\u201d prosigui\u00f3 el funcionario provincial.<\/p>\n<p style=\"text-align: justify;\">Casa\u00f1as se refiri\u00f3 tambi\u00e9n al otro eje de la reuni\u00f3n indicando que \u201cseguimos haciendo lo que ya hemos hecho con distintos intendentes y presidentes de juntas de gobierno de toda la Regi\u00f3n de Salto Grande, que es ir analizando los proyectos de obras de cada comunidad; en este sentido estamos desarrollando un registro de obras en conjunto con el Ministerio de Planificaci\u00f3n de la Provincia, con la plena y destacable colaboraci\u00f3n del ministro, ingeniero Luis Benedetto, para luego iniciar las gestiones para el financiamiento de estas obras, mientras nosotros seguimos esperando la llegada de los fondos especiales de CAFESG\u201d.<\/p>\n<p style=\"text-align: justify;\">\u201cHay algo muy importante y que hay que destacar es que en cada encuentro que mantenemos con los intendentes y presidentes de juntas de gobierno de la Regi\u00f3n de Salto Grande nadie habla ni recuerda a ning\u00fan funcionario, sino que al referirse a a\u00f1os anteriores hablan de la Instituci\u00f3n CAFESG, esto es un manifiesto de que CAFESG ha sido una construcci\u00f3n colectiva, que no ha sido aprovechada para motorizar campa\u00f1as ni aspiraciones personales sino que se ha dedicado a cumplir con la ley y con el mandato de toda una regi\u00f3n\u201d destac\u00f3.<\/p>\n<p style=\"text-align: justify;\">Por su parte, el senador Giano se refiri\u00f3 a las adhesiones que se vienen consiguiendo en toda la provincia en apoyo de lo que se pide desde la Regi\u00f3n de Salto Grande, \u201clo que logramos es que esto se presente como un acompa\u00f1amiento multipartidario, de todos los legisladores nacionales inclusive, y esperamos que esto le sirva a nuestro gobernador para demostrar antes las autoridades nacionales que justamente esto est\u00e1 por encima de las bander\u00edas pol\u00edticas, que esto es una demanda del pueblo, de todos los sectores\u201d manifest\u00f3 el legislador provincial.<\/p>\n<p style=\"text-align: justify;\">Participaron de la reuni\u00f3n, adem\u00e1s de los ya mencionados, los intendentes de La Criolla, Los Charr\u00faas, Puerto Yeru\u00e1, Colonia Ayu\u00ed y Estancia Grande y los presidentes de las juntas de gobierno de Nueva Escocia, Colonia Roca, Estaci\u00f3n Yuquer\u00ed y El Redom\u00f3n.<\/p>\n<p style=\"text-align: justify;\">En el mes de febrero comenz\u00f3 a plasmarse la concreci\u00f3n del primer Consorcio InterMunicipal de la provincia. El mismo se concret\u00f3 el 2 de abril, cuando luego del debate y la organizaci\u00f3n previa necesaria, los presidentes municipales y de juntas de gobierno del departamento firmaron el acta constitutiva del espacio, que se encuentra establecido en la Constituci\u00f3n Provincial. En efecto, el Consorcio del Departamento Concordia es el primero que se conforma en la provincia, dinamizando un nuevo espacio institucional p\u00fablico en la esfera entrerriana.<\/p>\n","protected":false},"excerpt":{"rendered":"<p>Apoyo a las gestiones del gobernador Bordet para que a CAFESG le vengan excedentes de Salto Grande nuevamente y an\u00e1lisis de proyectos y obras fueron los dos ejes de la reuni\u00f3n En la tarde del viernes el presidente de CAFESG, Alejandro Casa\u00f1as, y el vocal del organismo, Diego Lascurain, recibieron al Consorcio Intermunicipal Concordia y [&hellip;]<\/p>\n","protected":false},"author":1,"featured_media":0,"comment_status":"open","ping_status":"open","sticky":false,"template":"","format":"standard","meta":{"footnotes":""},"categories":[15],"tags":[],"class_list":["post-4921","post","type-post","status-publish","format-standard","hentry","category-noticias"],"_links":{"self":[{"href":"https:\/\/cafesg.gob.ar\/cafesg2\/wp-json\/wp\/v2\/posts\/4921","targetHints":{"allow":["GET"]}}],"collection":[{"href":"https:\/\/cafesg.gob.ar\/cafesg2\/wp-json\/wp\/v2\/posts"}],"about":[{"href":"https:\/\/cafesg.gob.ar\/cafesg2\/wp-json\/wp\/v2\/types\/post"}],"author":[{"embeddable":true,"href":"https:\/\/cafesg.gob.ar\/cafesg2\/wp-json\/wp\/v2\/users\/1"}],"replies":[{"embeddable":true,"href":"https:\/\/cafesg.gob.ar\/cafesg2\/wp-json\/wp\/v2\/comments?post=4921"}],"version-history":[{"count":0,"href":"https:\/\/cafesg.gob.ar\/cafesg2\/wp-json\/wp\/v2\/posts\/4921\/revisions"}],"wp:attachment":[{"href":"https:\/\/cafesg.gob.ar\/cafesg2\/wp-json\/wp\/v2\/media?parent=4921"}],"wp:term":[{"taxonomy":"category","embeddable":true,"href":"https:\/\/cafesg.gob.ar\/cafesg2\/wp-json\/wp\/v2\/categories?post=4921"},{"taxonomy":"post_tag","embeddable":true,"href":"https:\/\/cafesg.gob.ar\/cafesg2\/wp-json\/wp\/v2\/tags?post=4921"}],"curies":[{"name":"wp","href":"https:\/\/api.w.org\/{rel}","templated":true}]}}