 {"id":4919,"date":"2016-08-02T09:02:10","date_gmt":"2016-08-02T12:02:10","guid":{"rendered":"http:\/\/www.cafesg.gob.ar\/web\/?p=4919"},"modified":"2016-08-02T09:02:10","modified_gmt":"2016-08-02T12:02:10","slug":"casanas-recibio-a-presidentes-de-juntas-de-gobierno-del-departamento-colon","status":"publish","type":"post","link":"https:\/\/cafesg.gob.ar\/cafesg2\/casanas-recibio-a-presidentes-de-juntas-de-gobierno-del-departamento-colon\/","title":{"rendered":"Casa\u00f1as recibi\u00f3 a presidentes de Juntas de Gobierno del Departamento Col\u00f3n"},"content":{"rendered":"<p><em>Tambi\u00e9n se desarroll\u00f3 una reuni\u00f3n sobre el proyecto de obra para la Escuela San Mart\u00edn<\/em><\/p>\n<p>El presidente de la Comisi\u00f3n Administradora para el Fondo Especial de Salto Grande (CAFESG) recibi\u00f3 ayer en su despacho a los presidentes de las Juntas de Gobierno de localidades del interior del Departamento Col\u00f3n: Roberto Bondaz (Pueblo Caz\u00e9s y Colonia Hambis), Mario Devotto (La Clarita) y Jos\u00e9 Luis Favre (Colonia Hocker).<\/p>\n<p>Al t\u00e9rmino del encuentro, Bondaz se\u00f1al\u00f3 que \u201cfue una reuni\u00f3n muy productiva, le venimos a manifestar al presidente de CAFESG las necesidades de Pueblo Caz\u00e9s y Colonia Hambis, y nos ha atendido muy bien, as\u00ed que nos vamos muy contentos. Cada uno tiene sus pedidos puntuales, pero sobre todo en los pueblos lo que m\u00e1s necesitamos es reposici\u00f3n de ripio y peque\u00f1as obras de infraestructura como iluminaci\u00f3n, terminaci\u00f3n de cloacas y cord\u00f3n cuneta\u201d, enumer\u00f3.<\/p>\n<p>A su turno, Devotto confes\u00f3 sentirse \u201cmuy contento porque fue muy satisfactoria la reuni\u00f3n. Nosotros m\u00e1s que nada vinimos por el tema de los talleres y las escuelitas deportivas que ten\u00edamos, y una obra de iluminaci\u00f3n que estamos pidiendo para La Clarita. Y la verdad que la respuesta fue muy buena. Ahora nos queda por delante armar el proyecto y seguir los pasos administrativos para que esta obra se lleve a cabo\u201d, indic\u00f3.<\/p>\n<p>En tanto, Favre coment\u00f3 que \u201cle contamos al presidente de CAFESG que lo que m\u00e1s estamos necesitando en Colonia Hocker es un tanque de agua y un pozo para poder reforzar el que tenemos, porque en verano no da abasto y se nos complica. Vamos a hacer el proyecto con CAFESG y si no llegan los fondos excedentes buscaremos financiaci\u00f3n en Provincia o en Naci\u00f3n\u201d, anticip\u00f3.<\/p>\n<p>Casa\u00f1as, por su parte, agradeci\u00f3 en primer lugar \u201ca los presidentes de las Juntas de Gobierno por la adhesi\u00f3n y el trabajo que vienen desarrollando en la lucha por los fondos excedentes de Salto Grande, y por el apoyo a las distintas negociaciones que ha encabezado el gobernador Gustavo Bordet, y que hoy est\u00e1n teniendo un respaldo un\u00e1nime de todos los departamentos\u201d, asegur\u00f3.<\/p>\n<p>En segundo t\u00e9rmino, el titular del organismo provincial destac\u00f3 \u201cel trabajo en equipo que se va logrando entre las distintas Juntas y el personal t\u00e9cnico de CAFESG en la elaboraci\u00f3n de proyectos, que tiene arraigo en el compromiso con la tarea p\u00fablica y en el esp\u00edritu de integraci\u00f3n y de cooperaci\u00f3n que existe entre nuestra entidad y los distintos municipios y Juntas. Vemos y palpamos d\u00eda a d\u00eda que en momentos de crisis se agudiza el ingenio, y se logra establecer el conocimiento cabal de la necesidad de trabajar en conjunto\u201d, ponder\u00f3.<\/p>\n<p>Por \u00faltimo, Casa\u00f1as expres\u00f3 que \u201clo que nos han pedido principalmente los presidentes de Juntas del Departamento Col\u00f3n son obras de infraestructura, generalmente muy necesarias, y lo importante es que todos coincidimos en la necesidad de trabajar en conjunto con el Ministerio de Planeamiento, Infraestructura y Servicios de la Provincia\u201d, concluy\u00f3.<\/p>\n<p><a href=\"https:\/\/www.cafesg.gob.ar\/cafesg2\/wp-content\/uploads\/2016\/08\/Reuni\u00f3n-Escuela-San-Mart\u00edn-1.jpg\"><img loading=\"lazy\" decoding=\"async\" class=\"alignnone size-thumbnail wp-image-4907\" src=\"https:\/\/www.cafesg.gob.ar\/cafesg2\/wp-content\/uploads\/2016\/08\/Reuni\u00f3n-Escuela-San-Mart\u00edn-1-150x150.jpg\" alt=\"Reuni\u00f3n Escuela San Mart\u00edn (1)\" width=\"150\" height=\"150\" \/><\/a>\u00a0<a href=\"https:\/\/www.cafesg.gob.ar\/cafesg2\/wp-content\/uploads\/2016\/08\/Reuni\u00f3n-Escuela-San-Mart\u00edn-2.jpg\"><img loading=\"lazy\" decoding=\"async\" class=\"alignnone size-thumbnail wp-image-4908\" src=\"https:\/\/www.cafesg.gob.ar\/cafesg2\/wp-content\/uploads\/2016\/08\/Reuni\u00f3n-Escuela-San-Mart\u00edn-2-150x150.jpg\" alt=\"Reuni\u00f3n Escuela San Mart\u00edn (2)\" width=\"150\" height=\"150\" \/><\/a>\u00a0<a href=\"https:\/\/www.cafesg.gob.ar\/cafesg2\/wp-content\/uploads\/2016\/08\/Reuni\u00f3n-Escuela-San-Mart\u00edn-3.jpg\"><img loading=\"lazy\" decoding=\"async\" class=\"alignnone size-thumbnail wp-image-4909\" src=\"https:\/\/www.cafesg.gob.ar\/cafesg2\/wp-content\/uploads\/2016\/08\/Reuni\u00f3n-Escuela-San-Mart\u00edn-3-150x150.jpg\" alt=\"Reuni\u00f3n Escuela San Mart\u00edn (3)\" width=\"150\" height=\"150\" \/><\/a>\u00a0<a href=\"https:\/\/www.cafesg.gob.ar\/cafesg2\/wp-content\/uploads\/2016\/08\/Reuni\u00f3n-Juntas-Dpto.-Col\u00f3n.jpg\"><img loading=\"lazy\" decoding=\"async\" class=\"alignnone size-thumbnail wp-image-4910\" src=\"https:\/\/www.cafesg.gob.ar\/cafesg2\/wp-content\/uploads\/2016\/08\/Reuni\u00f3n-Juntas-Dpto.-Col\u00f3n-150x150.jpg\" alt=\"Reuni\u00f3n Juntas Dpto. Col\u00f3n\" width=\"150\" height=\"150\" \/><\/a><\/p>\n<p><!--more--><\/p>\n<p><strong>Reuni\u00f3n por la obra en Escuela San Mart\u00edn<\/strong><\/p>\n<p>La agenda del presidente de CAFESG continu\u00f3 con una reuni\u00f3n que tuvo por objetivo avanzar en el an\u00e1lisis y relevamiento de las necesidades del establecimiento, en funci\u00f3n de un proyecto elaborado por personal t\u00e9cnico de CAFESG que ya fuera oportunamente entregado a la Direcci\u00f3n de Arquitectura de la Provincia.<\/p>\n<p>Al encuentro asistieron \u2013adem\u00e1s de Casa\u00f1as\u2013 el senador provincial Angel Giano, el vocal de CAFESG Diego Lascurain, la Directora Departamental de Escuelas Griselda Di Lello, y la rectora del secundario de la Escuela San Mart\u00edn, Andrea Soto.<\/p>\n<p>El senador Giano consign\u00f3 que \u201cfuimos recibidos una vez m\u00e1s por el presidente de CAFESG, Alejandro Casa\u00f1as, y por el vocal Diego Lascurain, para seguir trabajando articuladamente, como nos solicit\u00f3 el gobernador Gustavo Bordet, en este caso para avanzar con esta obra que tanto necesita la Escuela San Mart\u00edn, cuyo proyecto ejecutivo fuera realizado por personal t\u00e9cnico de CAFESG y que, naturalmente, por la situaci\u00f3n de que atraviesa esta Comisi\u00f3n, lo va a ejecutar la Provincia a trav\u00e9s de la Zonal de Arquitectura, obviamente una vez que el gobernador y el Ministerio de Planeamiento den la orden pertinente, porque hay que generar un proceso licitatorio cuando se cuente con los recursos. De todos modos, nosotros hemos hecho el compromiso con la rectora de la escuela y con la Directora Departamental de incorporar esta obra en el Presupuesto Provincial 2017\u201d, adelant\u00f3 el legislador.<\/p>\n<p>Para Giano, \u201ceste proceso marca una forma de trabajar a partir de una construcci\u00f3n colectiva: ac\u00e1 est\u00e1n involucrados el Ministerio de Planeamiento, Arquitectura, CAFESG, Departamental de Escuelas, la escuela misma claro, y en mi caso como senador acompa\u00f1ando todo tipo de gestiones, para que toda la comunidad educativa de este establecimiento quede conforme, y atenta y a la espera de que la obra se ejecute\u201d, subray\u00f3.<\/p>\n<p>Consultada sobre los alcances del proyecto, la rectora Andrea Soto detall\u00f3 que \u201cincluye el edificio para la escuela secundaria, y un play\u00f3n para la primaria y tambi\u00e9n para la secundaria; es una obra muy necesaria, as\u00ed que estamos muy satisfechos por eso, esperemos que entre en el Presupuesto 2017\u201d, anhel\u00f3.<\/p>\n<p>Seg\u00fan coment\u00f3 la rectora, la escuela secundaria tiene 450 alumnos y todav\u00eda funciona en el establecimiento hist\u00f3rico de la escuela primaria N\u00ba 53 San Mart\u00edn, lo cual provoca muchos perjuicios porque las clases se dictan en el turno vespertino y por lo tanto comparten el mismo espacio ni\u00f1os y adolescentes.<\/p>\n<p>Como corolario del encuentro, Casa\u00f1as manifest\u00f3 que \u201clo que se analiz\u00f3 es un proyecto elaborado por CAFESG ante un pedido especialmente realizado por la Direcci\u00f3n de Arquitectura de la Provincia; CAFESG no tiene posibilidades de financiamiento por la situaci\u00f3n que estamos atravesando, pero sin embargo aportamos nuestros conocimientos y capacidades a trav\u00e9s del excelente equipo t\u00e9cnico que tenemos, conformado por profesionales de probada capacidad\u201d, celebr\u00f3.<\/p>\n<p>\u201cSe trata de un trabajo que se articul\u00f3 en base a una tarea conjunta con Arquitectura y el Ministerio de Planeamiento de la Provincia, que son los que tienen competencia en el tema\u201d, agreg\u00f3 el titular de CAFESG, quien a rengl\u00f3n seguido confi\u00f3 que \u201cen lo personal me satisface enormemente cuando se puede formar parte, aportando nuestro granito de arena, de este tipo de proyectos que sin dudas modifican para bien alg\u00fan aspecto de la vida de tantos conciudadanos, en especial cuando hablamos de ni\u00f1os y adolescentes, que son el futuro de nuestra ciudad\u201d, finaliz\u00f3.<\/p>\n","protected":false},"excerpt":{"rendered":"<p>Tambi\u00e9n se desarroll\u00f3 una reuni\u00f3n sobre el proyecto de obra para la Escuela San Mart\u00edn El presidente de la Comisi\u00f3n Administradora para el Fondo Especial de Salto Grande (CAFESG) recibi\u00f3 ayer en su despacho a los presidentes de las Juntas de Gobierno de localidades del interior del Departamento Col\u00f3n: Roberto Bondaz (Pueblo Caz\u00e9s y Colonia [&hellip;]<\/p>\n","protected":false},"author":1,"featured_media":0,"comment_status":"open","ping_status":"open","sticky":false,"template":"","format":"standard","meta":{"footnotes":""},"categories":[15],"tags":[],"class_list":["post-4919","post","type-post","status-publish","format-standard","hentry","category-noticias"],"_links":{"self":[{"href":"https:\/\/cafesg.gob.ar\/cafesg2\/wp-json\/wp\/v2\/posts\/4919","targetHints":{"allow":["GET"]}}],"collection":[{"href":"https:\/\/cafesg.gob.ar\/cafesg2\/wp-json\/wp\/v2\/posts"}],"about":[{"href":"https:\/\/cafesg.gob.ar\/cafesg2\/wp-json\/wp\/v2\/types\/post"}],"author":[{"embeddable":true,"href":"https:\/\/cafesg.gob.ar\/cafesg2\/wp-json\/wp\/v2\/users\/1"}],"replies":[{"embeddable":true,"href":"https:\/\/cafesg.gob.ar\/cafesg2\/wp-json\/wp\/v2\/comments?post=4919"}],"version-history":[{"count":0,"href":"https:\/\/cafesg.gob.ar\/cafesg2\/wp-json\/wp\/v2\/posts\/4919\/revisions"}],"wp:attachment":[{"href":"https:\/\/cafesg.gob.ar\/cafesg2\/wp-json\/wp\/v2\/media?parent=4919"}],"wp:term":[{"taxonomy":"category","embeddable":true,"href":"https:\/\/cafesg.gob.ar\/cafesg2\/wp-json\/wp\/v2\/categories?post=4919"},{"taxonomy":"post_tag","embeddable":true,"href":"https:\/\/cafesg.gob.ar\/cafesg2\/wp-json\/wp\/v2\/tags?post=4919"}],"curies":[{"name":"wp","href":"https:\/\/api.w.org\/{rel}","templated":true}]}}